{"id":66036,"date":"2026-02-26T12:02:18","date_gmt":"2026-02-26T15:02:18","guid":{"rendered":"https:\/\/crajubaremacao.com.br\/?p=66036"},"modified":"2026-02-26T12:02:18","modified_gmt":"2026-02-26T15:02:18","slug":"ford-faz-recall-de-43-milhoes-de-veiculos-por-falha-em-freio","status":"publish","type":"post","link":"https:\/\/crajubaremacao.com.br\/?p=66036","title":{"rendered":"Ford faz recall de 4,3 milh\u00f5es de ve\u00edculos por falha em freio"},"content":{"rendered":"<div><img decoding=\"async\" src=\"https:\/\/s2-g1.glbimg.com\/dXY8GpgXoMDA4zXAbUWDvzreEPc=\/i.s3.glbimg.com\/v1\/AUTH_59edd422c0c84a879bd37670ae4f538a\/internal_photos\/bs\/2024\/Z\/5\/okZLufTtGuOde7ILGj3A\/ford-f-150-lariat-black-exterior-1-.jpg\"><br \/>     Ford F-150 \u00e9 um dos modelos afetados pelo recall nos Estados Unidos<br \/>\nDivulga\u00e7\u00e3o | Ford<br \/>\nA Ford vai fazer um recall de 4,3 milh\u00f5es de ve\u00edculos nos Estados Unidos, segundo a ag\u00eancia Reuters. Um problema de software pode causar falhas nos freios e tamb\u00e9m afetar as luzes externas dos ve\u00edculos.<br \/>\nO problema pode ocorrer ao rebocar um trailer. O m\u00f3dulo de reboque pode perder comunica\u00e7\u00e3o com o ve\u00edculo, o que pode causar a perda das luzes de freio e de seta, ou a perda da fun\u00e7\u00e3o de frenagem. Segundo a Reuters, a Ford vai resolver o problema por meio de uma atualiza\u00e7\u00e3o de software.<br \/>\n&#x2705; Clique aqui para seguir o canal do g1 Carros no WhatsApp<br \/>\nEntre os modelos afetados est\u00e3o alguns tamb\u00e9m vendidos no Brasil. As picapes Maverick, F-150, Ranger e a van E-Transit. O recall tamb\u00e9m inclui F-250, Lincoln Navigator, Expedition nos Estados Unidos. Todos produzidos entre 2021 e 2026.<br \/>\nO g1 consultou a Ford do Brasil para confirmar se as unidades vendidas no pa\u00eds fazem parte do recall. A empresa ainda n\u00e3o divulgou uma posi\u00e7\u00e3o oficial. Assim que isso acontecer, esta not\u00edcia ser\u00e1 atualizada.<br \/>\nVeja os v\u00eddeos que est\u00e3o em alta no g1<\/div>\n","protected":false},"excerpt":{"rendered":"<p>Ford F-150 \u00e9 um dos modelos afetados pelo recall nos Estados Unidos Divulga\u00e7\u00e3o | Ford A Ford vai fazer um recall de 4,3 milh\u00f5es de ve\u00edculos nos Estados Unidos, segundo a ag\u00eancia Reuters. Um problema de software pode causar falhas nos freios e tamb\u00e9m afetar as luzes externas dos ve\u00edculos. O problema pode ocorrer ao [&hellip;]<\/p>\n","protected":false},"author":261,"featured_media":0,"comment_status":"closed","ping_status":"closed","sticky":false,"template":"","format":"standard","meta":{"_themeisle_gutenberg_block_has_review":false,"_jetpack_memberships_contains_paid_content":false,"footnotes":""},"categories":[6],"tags":[158,159],"class_list":{"0":"post-66036","1":"post","2":"type-post","3":"status-publish","4":"format-standard","6":"category-carros","7":"tag-carros","8":"tag-motos"},"jetpack_featured_media_url":"","jetpack_sharing_enabled":true,"_links":{"self":[{"href":"https:\/\/crajubaremacao.com.br\/index.php?rest_route=\/wp\/v2\/posts\/66036","targetHints":{"allow":["GET"]}}],"collection":[{"href":"https:\/\/crajubaremacao.com.br\/index.php?rest_route=\/wp\/v2\/posts"}],"about":[{"href":"https:\/\/crajubaremacao.com.br\/index.php?rest_route=\/wp\/v2\/types\/post"}],"author":[{"embeddable":true,"href":"https:\/\/crajubaremacao.com.br\/index.php?rest_route=\/wp\/v2\/users\/261"}],"replies":[{"embeddable":true,"href":"https:\/\/crajubaremacao.com.br\/index.php?rest_route=%2Fwp%2Fv2%2Fcomments&post=66036"}],"version-history":[{"count":0,"href":"https:\/\/crajubaremacao.com.br\/index.php?rest_route=\/wp\/v2\/posts\/66036\/revisions"}],"wp:attachment":[{"href":"https:\/\/crajubaremacao.com.br\/index.php?rest_route=%2Fwp%2Fv2%2Fmedia&parent=66036"}],"wp:term":[{"taxonomy":"category","embeddable":true,"href":"https:\/\/crajubaremacao.com.br\/index.php?rest_route=%2Fwp%2Fv2%2Fcategories&post=66036"},{"taxonomy":"post_tag","embeddable":true,"href":"https:\/\/crajubaremacao.com.br\/index.php?rest_route=%2Fwp%2Fv2%2Ftags&post=66036"}],"curies":[{"name":"wp","href":"https:\/\/api.w.org\/{rel}","templated":true}]}}