{"id":66040,"date":"2026-02-26T18:01:05","date_gmt":"2026-02-26T21:01:05","guid":{"rendered":"https:\/\/crajubaremacao.com.br\/?p=66040"},"modified":"2026-02-26T18:01:05","modified_gmt":"2026-02-26T21:01:05","slug":"funcionario-do-metro-de-sp-culpa-vitima-de-assedio-e-se-recusa-a-ajudar","status":"publish","type":"post","link":"https:\/\/crajubaremacao.com.br\/?p=66040","title":{"rendered":"Funcion\u00e1rio do Metr\u00f4 de SP culpa v\u00edtima de ass\u00e9dio e se recusa a ajudar"},"content":{"rendered":"<div>\n<div style=\"margin-bottom: 15px;\"><img decoding=\"async\" class=\"type:primaryImage\" src=\"https:\/\/crajubaremacao.com.br\/wp-content\/uploads\/2026\/02\/se-6-1024x682-1-750x500-1.jpg\"><\/div>\n<p><?xml encoding=\"UTF-8\"><\/p>\n<p><strong>Um funcion\u00e1rio do Metr\u00f4<\/strong> de S\u00e3o Paulo foi <strong>demitido<\/strong> <strong>ap\u00f3s se recusar a ajudar em um caso de ass\u00e9dio\u00a0sexual<\/strong> na esta\u00e7\u00e3o da S\u00e9, na Linha 3-Vermelha. O fato ocorreu na \u00faltima quarta-feira (25).<\/p>\n<p>A reportagem apurou que o<strong> funcion\u00e1rio ignorou a den\u00fancia<\/strong> e ainda culpou a v\u00edtima pelo ocorrido, dizendo que as roupas que ela usava na ocasi\u00e3o teriam motivado o crime.<\/p>\n<p>Segundo o Metr\u00f4, a passageira solicitou foi acolhida por agentes mulheres, que ofereceram acompanhamento para registro de boletim de ocorr\u00eancia.<strong> A v\u00edtima, no entanto, optou por n\u00e3o denunciar \u00e0 pol\u00edcia. <\/strong>O Metr\u00f4 pediu desculpas pelo ocorrido e repudiou o ass\u00e9dio.<\/p>\n<p>Outro caso de ass\u00e9dio tamb\u00e9m aconteceu no Metr\u00f4 na quarta-feira. Na Linha 7-Rubi uma passageira solicitou a ajuda de agentes de seguran\u00e7a por volta das 7h45 na esta\u00e7\u00e3o \u00c1gua Branca.<\/p>\n<p>O suspeito foi detido e conduzido \u00e0 Delegacia de Pol\u00edcia do Metropolitano (DELPOM).\u00a0 A TIC Trens, companhia que administra a linha, <strong>repudiou a conduta do suspeito <\/strong>e afirmou que a v\u00edtima recebeu o acolhimento e suporte necess\u00e1rio pela equipe.<\/p>\n<p><em>*com informa\u00e7\u00f5es do Estad\u00e3o Conte\u00fado<\/em><\/p>\n<div class=\"list-related-posts\">\n<h3>Leia tamb\u00e9m<\/h3>\n<div class=\"related-posts-container\">\n<div class=\"related-post-item-container\">\n<div class=\"related-post\">\n<div class=\"img-related-box\">\n                                            <strong><a href=\"https:\/\/jovempan.com.br\/opiniao-jovem-pan\/comentaristas\/david-de-tarso\/governo-tarcisio-define-empresa-para-construir-novo-centro-administrativo-no-centro-de-sp.html\" title=\"Governo Tarc\u00edsio define empresa para construir novo Centro Administrativo no centro de SP\"><img decoding=\"async\" src=\"https:\/\/crajubaremacao.com.br\/wp-content\/uploads\/2026\/02\/54972856717_78ef0bae28_k-e1765367230167.jpg\"><\/a><\/strong>\n                                        <\/div>\n<p>                                        <span class=\"box-the-title\"><br \/>\n                                            <strong><a href=\"https:\/\/jovempan.com.br\/opiniao-jovem-pan\/comentaristas\/david-de-tarso\/governo-tarcisio-define-empresa-para-construir-novo-centro-administrativo-no-centro-de-sp.html\" title=\"Governo Tarc\u00edsio define empresa para construir novo Centro Administrativo no centro de SP\">Governo Tarc\u00edsio define empresa para construir novo Centro Administrativo no centro de SP<\/a><\/strong><br \/>\n                                        <\/span>\n                                    <\/div>\n<div class=\"related-post\">\n<div class=\"img-related-box\">\n                                            <strong><a href=\"https:\/\/jovempan.com.br\/noticias\/politica\/mendonca-decide-que-irmaos-de-toffoli-nao-sao-obrigados-a-comparecer-a-cpi.html\" title=\"Mendon\u00e7a decide que irm\u00e3os de Toffoli n\u00e3o s\u00e3o obrigados a comparecer \u00e0 CPI\"><img decoding=\"async\" src=\"https:\/\/crajubaremacao.com.br\/wp-content\/uploads\/2026\/02\/53736332442_b599b914bf_k.jpg\"><\/a><\/strong>\n                                        <\/div>\n<p>                                        <span class=\"box-the-title\"><br \/>\n                                            <strong><a href=\"https:\/\/jovempan.com.br\/noticias\/politica\/mendonca-decide-que-irmaos-de-toffoli-nao-sao-obrigados-a-comparecer-a-cpi.html\" title=\"Mendon\u00e7a decide que irm\u00e3os de Toffoli n\u00e3o s\u00e3o obrigados a comparecer \u00e0 CPI\">Mendon\u00e7a decide que irm\u00e3os de Toffoli n\u00e3o s\u00e3o obrigados a comparecer \u00e0 CPI<\/a><\/strong><br \/>\n                                        <\/span>\n                                    <\/div>\n<div class=\"related-post\">\n<div class=\"img-related-box\">\n                                            <strong><a href=\"https:\/\/jovempan.com.br\/noticias\/politica\/nunes-demite-o-presidente-da-spturis-apos-acusacao-de-fraudes-em-contratos.html\" title=\"Nunes demite o presidente da SPTuris ap\u00f3s acusa\u00e7\u00e3o de fraudes em contratos\"><img decoding=\"async\" src=\"https:\/\/crajubaremacao.com.br\/wp-content\/uploads\/2026\/02\/foto-jp-3-8.png\"><\/a><\/strong>\n                                        <\/div>\n<p>                                        <span class=\"box-the-title\"><br \/>\n                                            <strong><a href=\"https:\/\/jovempan.com.br\/noticias\/politica\/nunes-demite-o-presidente-da-spturis-apos-acusacao-de-fraudes-em-contratos.html\" title=\"Nunes demite o presidente da SPTuris ap\u00f3s acusa\u00e7\u00e3o de fraudes em contratos\">Nunes demite o presidente da SPTuris ap\u00f3s acusa\u00e7\u00e3o de fraudes em contratos<\/a><\/strong><br \/>\n                                        <\/span>\n                                    <\/div>\n<\/p><\/div>\n<\/p><\/div>\n<\/p><\/div>\n<p>\u00a0<\/p>\n<\/div>\n","protected":false},"excerpt":{"rendered":"<p>Um funcion\u00e1rio do Metr\u00f4 de S\u00e3o Paulo foi demitido ap\u00f3s se recusar a ajudar em um caso de ass\u00e9dio\u00a0sexual na esta\u00e7\u00e3o da S\u00e9, na Linha 3-Vermelha. O fato ocorreu na \u00faltima quarta-feira (25). A reportagem apurou que o funcion\u00e1rio ignorou a den\u00fancia e ainda culpou a v\u00edtima pelo ocorrido, dizendo que as roupas que ela [&hellip;]<\/p>\n","protected":false},"author":117,"featured_media":66041,"comment_status":"closed","ping_status":"closed","sticky":false,"template":"","format":"standard","meta":{"_themeisle_gutenberg_block_has_review":false,"_jetpack_memberships_contains_paid_content":false,"footnotes":""},"categories":[2],"tags":[150],"class_list":{"0":"post-66040","1":"post","2":"type-post","3":"status-publish","4":"format-standard","5":"has-post-thumbnail","7":"category-brasil","8":"tag-brasil"},"jetpack_featured_media_url":"https:\/\/crajubaremacao.com.br\/wp-content\/uploads\/2026\/02\/se-6-1024x682-1-750x500-1.jpg","jetpack_sharing_enabled":true,"_links":{"self":[{"href":"https:\/\/crajubaremacao.com.br\/index.php?rest_route=\/wp\/v2\/posts\/66040","targetHints":{"allow":["GET"]}}],"collection":[{"href":"https:\/\/crajubaremacao.com.br\/index.php?rest_route=\/wp\/v2\/posts"}],"about":[{"href":"https:\/\/crajubaremacao.com.br\/index.php?rest_route=\/wp\/v2\/types\/post"}],"author":[{"embeddable":true,"href":"https:\/\/crajubaremacao.com.br\/index.php?rest_route=\/wp\/v2\/users\/117"}],"replies":[{"embeddable":true,"href":"https:\/\/crajubaremacao.com.br\/index.php?rest_route=%2Fwp%2Fv2%2Fcomments&post=66040"}],"version-history":[{"count":0,"href":"https:\/\/crajubaremacao.com.br\/index.php?rest_route=\/wp\/v2\/posts\/66040\/revisions"}],"wp:featuredmedia":[{"embeddable":true,"href":"https:\/\/crajubaremacao.com.br\/index.php?rest_route=\/wp\/v2\/media\/66041"}],"wp:attachment":[{"href":"https:\/\/crajubaremacao.com.br\/index.php?rest_route=%2Fwp%2Fv2%2Fmedia&parent=66040"}],"wp:term":[{"taxonomy":"category","embeddable":true,"href":"https:\/\/crajubaremacao.com.br\/index.php?rest_route=%2Fwp%2Fv2%2Fcategories&post=66040"},{"taxonomy":"post_tag","embeddable":true,"href":"https:\/\/crajubaremacao.com.br\/index.php?rest_route=%2Fwp%2Fv2%2Ftags&post=66040"}],"curies":[{"name":"wp","href":"https:\/\/api.w.org\/{rel}","templated":true}]}}