{"id":66046,"date":"2026-02-26T18:01:23","date_gmt":"2026-02-26T21:01:23","guid":{"rendered":"https:\/\/crajubaremacao.com.br\/?p=66046"},"modified":"2026-02-26T18:01:23","modified_gmt":"2026-02-26T21:01:23","slug":"video-paquistao-e-afeganistao-entram-em-confronto-intenso-apos-dias-de-tensao-na-fronteira","status":"publish","type":"post","link":"https:\/\/crajubaremacao.com.br\/?p=66046","title":{"rendered":"V\u00cdDEO: Paquist\u00e3o e Afeganist\u00e3o entram em confronto intenso ap\u00f3s dias de tens\u00e3o na fronteira"},"content":{"rendered":"<div><img decoding=\"async\" src=\"https:\/\/s2-g1.glbimg.com\/DLkN-pbAhomnHt0o7jEPvjgg_0w=\/i.s3.glbimg.com\/v1\/AUTH_59edd422c0c84a879bd37670ae4f538a\/internal_photos\/bs\/2026\/J\/l\/crm0ffRvGGfhcj7RBjWg\/ezgif-814faf6d629c09fc.gif\"><br \/>     Paquist\u00e3o e Afeganist\u00e3o entram em confronto intenso<br \/>\nPaquist\u00e3o e Afeganist\u00e3o trocaram tiros nesta quinta-feira (26), ap\u00f3s for\u00e7as afeg\u00e3s lan\u00e7arem ataques &#8220;retaliat\u00f3rios&#8221; contra instala\u00e7\u00f5es paquistanesas. O epis\u00f3dio elevou a tens\u00e3o na fronteira, ap\u00f3s dias de hostilidades entre os dois pa\u00edses.<br \/>\n&#x2705; Siga o canal de not\u00edcias internacionais do g1 no WhatsApp<br \/>\n&#x25b6;&#xfe0f; Contexto: A tens\u00e3o gira em torno do Tehreek-e-Taliban Pakistan (TTP), grupo que atua contra o governo paquistan\u00eas. O Paquist\u00e3o afirma que militantes se escondem no Afeganist\u00e3o e organizam ataques a partir de l\u00e1. O governo afeg\u00e3o nega.<br \/>\nNo fim de semana, o Paquist\u00e3o fez bombardeios contra acampamentos de militantes do TTP e do Estado Isl\u00e2mico no Afeganist\u00e3o.<br \/>\nO Talib\u00e3, grupo que governa o Afeganist\u00e3o, afirmou que daria uma \u201cresposta apropriada e proporcional\u201d aos ataques.<br \/>\nA opera\u00e7\u00e3o afeg\u00e3 para retaliar os bombardeios foi feita nesta quinta-feira.<br \/>\nSegundo autoridades do Paquist\u00e3o, for\u00e7as afeg\u00e3s abriram fogo contra postos no noroeste montanhoso do pa\u00eds. Tropas paquistanesas reagiram, e o confronto durou mais de duas horas.<br \/>\nV\u00eddeos divulgados por for\u00e7as de seguran\u00e7a afeg\u00e3s mostram ve\u00edculos militares circulando \u00e0 noite por \u00e1reas montanhosas, iluminadas por disparos. \u00c9 poss\u00edvel ouvir rajadas cont\u00ednuas de armas autom\u00e1ticas.<br \/>\nImagens divulgadas por fontes de seguran\u00e7a paquistanesas parecem mostrar muni\u00e7\u00f5es cruzando o c\u00e9u sobre uma paisagem montanhosa semelhante, tamb\u00e9m com som de tiros ao fundo.<br \/>\nA Reuters afirmou n\u00e3o ter conseguido verificar de forma independente o local, o momento ou a autenticidade dos v\u00eddeos.<br \/>\nO Minist\u00e9rio da Informa\u00e7\u00e3o do Paquist\u00e3o disse, em publica\u00e7\u00e3o na rede social X, que o pa\u00eds respondeu a \u201cdisparos n\u00e3o provocados\u201d feitos por for\u00e7as afeg\u00e3s em v\u00e1rios pontos da fronteira.<br \/>\nSegundo o governo paquistan\u00eas, as tropas deram uma \u201cresposta imediata e eficaz\u201d, causando baixas e destruindo diversos postos e equipamentos. O comunicado afirma ainda que o pa\u00eds tomar\u00e1 todas as medidas necess\u00e1rias para proteger a integridade territorial e a popula\u00e7\u00e3o.<br \/>\nEnquanto isso, o porta-voz do Talib\u00e3 disse que, se o Paquist\u00e3o atacar Cabul ou grandes cidades, o Afeganist\u00e3o vai \u201catingir centros-chave e cidades importantes\u201d do pa\u00eds vizinho. Segundo ele, o grupo n\u00e3o busca ampliar o conflito, mas responder\u00e1 a ataques.<br \/>\nLEIA TAMB\u00c9M<br \/>\nDisputa por sucess\u00e3o de chef\u00e3o do tr\u00e1fico morto pode gerar nova onda de viol\u00eancia no M\u00e9xico<br \/>\nEUA avaliam como &#8216;positiva&#8217; reuni\u00e3o com Ir\u00e3, diz site; mediador fala em progresso significativo<br \/>\nIsrael diz ter atacado oito bases do Hezbollah no L\u00edbano; governo reporta morte de adolescente<br \/>\nRetalia\u00e7\u00e3o ap\u00f3s bombardeios<br \/>\nTroca de tiros entre for\u00e7as do Paquist\u00e3o e Afeganist\u00e3o<br \/>\nReuters<br \/>\nOs confrontos ao longo da fronteira de 2.600 quil\u00f4metros s\u00e3o o epis\u00f3dio mais recente a amea\u00e7ar um cessar-fogo fr\u00e1gil, ap\u00f3s choques mortais registrados em outubro do ano passado.<br \/>\nEm publica\u00e7\u00e3o na rede social X, o porta-voz do Talib\u00e3, Zabihullah Mujahid, afirmou que \u201copera\u00e7\u00f5es ofensivas em larga escala\u201d foram lan\u00e7adas contra posi\u00e7\u00f5es militares paquistanesas ao longo da fronteira. Em outro comunicado, disse que \u201cunidades especializadas com laser\u201d atuavam durante a noite.<br \/>\nMujahid afirmou que cerca de 40 soldados paquistaneses morreram na prov\u00edncia de Kunar.<br \/>\nPor outro lado, fontes de seguran\u00e7a do Paquist\u00e3o disseram que 22 integrantes do Talib\u00e3 foram mortos e que v\u00e1rios drones foram abatidos.<br \/>\nA Reuters n\u00e3o conseguiu verificar de forma independente as alega\u00e7\u00f5es de nenhum dos lados.<br \/>\nO porta-voz do primeiro-ministro do Paquist\u00e3o, Mosharraf Zaidi, afirmou \u00e0 Reuters que nenhum posto paquistan\u00eas havia sido capturado ou danificado. Segundo ele, as for\u00e7as do pa\u00eds causaram \u201cgrandes perdas\u201d do outro lado da fronteira em resposta ao que chamou de \u201cagress\u00e3o n\u00e3o provocada do Talib\u00e3\u201d.<br \/>\n\u201cQualquer agress\u00e3o receber\u00e1 a mesma resposta: imediata e eficaz\u201d, disse.<br \/>\nO Paquist\u00e3o informou ainda que refor\u00e7ou a seguran\u00e7a em todo o pa\u00eds nesta semana. As for\u00e7as foram colocadas em \u201calerta m\u00e1ximo\u201d e opera\u00e7\u00f5es de intelig\u00eancia foram intensificadas. Dezenas de suspeitos de milit\u00e2ncia foram presos, incluindo afeg\u00e3os.<br \/>\nombatentes do Talib\u00e3 afeg\u00e3o patrulham perto da fronteira entre o Afeganist\u00e3o e o Paquist\u00e3o, em outubro de 2025<br \/>\nREUTERS\/Stringer<br \/>\nV\u00cdDEOS: mais assistidos do g1<\/div>\n","protected":false},"excerpt":{"rendered":"<p>Paquist\u00e3o e Afeganist\u00e3o entram em confronto intenso Paquist\u00e3o e Afeganist\u00e3o trocaram tiros nesta quinta-feira (26), ap\u00f3s for\u00e7as afeg\u00e3s lan\u00e7arem ataques &#8220;retaliat\u00f3rios&#8221; contra instala\u00e7\u00f5es paquistanesas. O epis\u00f3dio elevou a tens\u00e3o na fronteira, ap\u00f3s dias de hostilidades entre os dois pa\u00edses. &#x2705; Siga o canal de not\u00edcias internacionais do g1 no WhatsApp &#x25b6;&#xfe0f; Contexto: A tens\u00e3o gira [&hellip;]<\/p>\n","protected":false},"author":261,"featured_media":66047,"comment_status":"closed","ping_status":"closed","sticky":false,"template":"","format":"standard","meta":{"_themeisle_gutenberg_block_has_review":false,"_jetpack_memberships_contains_paid_content":false,"footnotes":""},"categories":[5],"tags":[155],"class_list":{"0":"post-66046","1":"post","2":"type-post","3":"status-publish","4":"format-standard","5":"has-post-thumbnail","7":"category-internacionais","8":"tag-mundo"},"jetpack_featured_media_url":"https:\/\/crajubaremacao.com.br\/wp-content\/uploads\/2026\/02\/ezgif-814faf6d629c09fc.gif","jetpack_sharing_enabled":true,"_links":{"self":[{"href":"https:\/\/crajubaremacao.com.br\/index.php?rest_route=\/wp\/v2\/posts\/66046","targetHints":{"allow":["GET"]}}],"collection":[{"href":"https:\/\/crajubaremacao.com.br\/index.php?rest_route=\/wp\/v2\/posts"}],"about":[{"href":"https:\/\/crajubaremacao.com.br\/index.php?rest_route=\/wp\/v2\/types\/post"}],"author":[{"embeddable":true,"href":"https:\/\/crajubaremacao.com.br\/index.php?rest_route=\/wp\/v2\/users\/261"}],"replies":[{"embeddable":true,"href":"https:\/\/crajubaremacao.com.br\/index.php?rest_route=%2Fwp%2Fv2%2Fcomments&post=66046"}],"version-history":[{"count":0,"href":"https:\/\/crajubaremacao.com.br\/index.php?rest_route=\/wp\/v2\/posts\/66046\/revisions"}],"wp:featuredmedia":[{"embeddable":true,"href":"https:\/\/crajubaremacao.com.br\/index.php?rest_route=\/wp\/v2\/media\/66047"}],"wp:attachment":[{"href":"https:\/\/crajubaremacao.com.br\/index.php?rest_route=%2Fwp%2Fv2%2Fmedia&parent=66046"}],"wp:term":[{"taxonomy":"category","embeddable":true,"href":"https:\/\/crajubaremacao.com.br\/index.php?rest_route=%2Fwp%2Fv2%2Fcategories&post=66046"},{"taxonomy":"post_tag","embeddable":true,"href":"https:\/\/crajubaremacao.com.br\/index.php?rest_route=%2Fwp%2Fv2%2Ftags&post=66046"}],"curies":[{"name":"wp","href":"https:\/\/api.w.org\/{rel}","templated":true}]}}