{"id":66075,"date":"2026-02-27T06:01:05","date_gmt":"2026-02-27T09:01:05","guid":{"rendered":"https:\/\/crajubaremacao.com.br\/?p=66075"},"modified":"2026-02-27T06:01:05","modified_gmt":"2026-02-27T09:01:05","slug":"estudo-revela-diferenca-crucial-entre-covid-19-e-gripe-no-cerebro-e-nos-pulmoes","status":"publish","type":"post","link":"https:\/\/crajubaremacao.com.br\/?p=66075","title":{"rendered":"Estudo revela diferen\u00e7a crucial entre Covid-19 e gripe no c\u00e9rebro e nos pulm\u00f5es"},"content":{"rendered":"<div><img decoding=\"async\" src=\"https:\/\/s2-g1.glbimg.com\/HkH2s8FNPeY5G4j7StKZDc6WEFc=\/i.s3.glbimg.com\/v1\/AUTH_59edd422c0c84a879bd37670ae4f538a\/internal_photos\/bs\/2025\/d\/I\/mKBJVSQrSj9cbxFNBD9w\/adobestock-334601687.jpeg\"><br \/>     V\u00edrus da Covid-19 altera atividade cerebral a longo prazo ap\u00f3s infec\u00e7\u00e3o, mostra estudo<br \/>\nAdobe Stock<br \/>\nMesmo depois que a febre desaparece e o v\u00edrus j\u00e1 n\u00e3o \u00e9 detectado no organismo, a Covid-19 pode continuar deixando marcas \u2014principalmente no c\u00e9rebro e nos pulm\u00f5es.<br \/>\nUm estudo da Universidade de Tulane, publicado na ter\u00e7a-feira (24) na revista cient\u00edfica Frontiers in Immunology, identificou diferen\u00e7as importantes entre os efeitos de longo prazo da Covid-19 e da gripe e sugere que apenas o SARS-CoV-2 desencadeia inflama\u00e7\u00e3o cerebral persistente.<br \/>\nA pesquisa foi feita em camundongos acompanhados por at\u00e9 28 dias ap\u00f3s a infec\u00e7\u00e3o. Embora tanto a Covid-19 quanto a gripe tenham provocado inflama\u00e7\u00e3o prolongada e sinais de fibrose nos pulm\u00f5es, apenas a infec\u00e7\u00e3o pelo coronav\u00edrus levou a altera\u00e7\u00f5es relevantes no c\u00e9rebro.<br \/>\n\u201cObservamos les\u00f5es pulmonares duradouras em ambas as infec\u00e7\u00f5es. Mas os efeitos a longo prazo no c\u00e9rebro foram exclusivos do SARS-CoV-2\u201d, afirma o microbiologista Xuebin Qin, autor principal do estudo.<br \/>\nVeja os v\u00eddeos que est\u00e3o em alta no g1<br \/>\nInflama\u00e7\u00e3o cerebral mesmo sem v\u00edrus detect\u00e1vel<br \/>\nUm dos achados centrais foi que, semanas ap\u00f3s a infec\u00e7\u00e3o, n\u00e3o havia mais v\u00edrus detect\u00e1vel no c\u00e9rebro dos animais. Ainda assim, os camundongos que tiveram Covid-19 apresentaram:<br \/>\ninflama\u00e7\u00e3o cerebral persistente;<br \/>\npequenas \u00e1reas de sangramento (micro-hemorragias);<br \/>\nativa\u00e7\u00e3o prolongada de c\u00e9lulas inflamat\u00f3rias do sistema nervoso.<br \/>\nEssas altera\u00e7\u00f5es praticamente n\u00e3o apareceram nos animais infectados com o v\u00edrus da gripe.<br \/>\nA an\u00e1lise da express\u00e3o g\u00eanica do tecido cerebral mostrou ainda que o SARS-CoV-2 alterou vias relacionadas \u00e0 serotonina e \u00e0 dopamina \u2014neurotransmissores fundamentais para o humor, a cogni\u00e7\u00e3o e os n\u00edveis de energia.<br \/>\nSegundo os autores, essa disfun\u00e7\u00e3o pode ajudar a explicar sintomas frequentemente relatados por pacientes com Covid longa, como dificuldade de concentra\u00e7\u00e3o, fadiga persistente, altera\u00e7\u00f5es de humor e a chamada \u201cn\u00e9voa mental\u201d.<br \/>\n&#x2139;&#xfe0f; N\u00e9voa mental o nome dado \u00e0 sensa\u00e7\u00e3o de pensamento embaralhado, dificuldade de mem\u00f3ria recente, lentid\u00e3o para processar informa\u00e7\u00f5es e perda de clareza mental, mesmo ap\u00f3s a recupera\u00e7\u00e3o da fase aguda da doen\u00e7a.<br \/>\nDiferen\u00e7as tamb\u00e9m no processo de reparo pulmonar<br \/>\nNos pulm\u00f5es, os dois v\u00edrus deixaram um quadro semelhante de inflama\u00e7\u00e3o e ac\u00famulo de col\u00e1geno, prote\u00edna associada \u00e0 forma\u00e7\u00e3o de cicatrizes. Essas mudan\u00e7as podem enrijecer o tecido pulmonar e dificultar a respira\u00e7\u00e3o mesmo ap\u00f3s a fase aguda da doen\u00e7a.<br \/>\nMas houve uma diferen\u00e7a importante no processo de recupera\u00e7\u00e3o. Ap\u00f3s a gripe, os pulm\u00f5es ativaram mecanismos de reparo mais robustos, com migra\u00e7\u00e3o de c\u00e9lulas progenitoras respons\u00e1veis por reconstruir o revestimento das vias a\u00e9reas. J\u00e1 na Covid-19, essa resposta regenerativa foi muito mais limitada.<br \/>\nAl\u00e9m disso, a infec\u00e7\u00e3o por SARS-CoV-2 manteve ativadas vias associadas \u00e0 coagula\u00e7\u00e3o sangu\u00ednea e \u00e0 inflama\u00e7\u00e3o \u2014altera\u00e7\u00f5es que tamb\u00e9m v\u00eam sendo descritas em estudos cl\u00ednicos com pacientes que apresentam sintomas prolongados.<br \/>\nO que isso significa para a Covid longa<br \/>\nA Covid longa \u00e9 caracterizada pela persist\u00eancia de sintomas semanas ou meses ap\u00f3s a infec\u00e7\u00e3o inicial, inclusive em pessoas que tiveram quadros leves. Entre os sinais mais relatados est\u00e3o cansa\u00e7o extremo, falta de ar, dificuldade de mem\u00f3ria, ins\u00f4nia, altera\u00e7\u00f5es de humor e a chamada \u201cn\u00e9voa mental\u201d.<br \/>\nO novo estudo ajuda a dar lastro biol\u00f3gico a esses relatos. Ao identificar inflama\u00e7\u00e3o persistente, altera\u00e7\u00f5es vasculares e disfun\u00e7\u00f5es em vias ligadas \u00e0 serotonina e \u00e0 dopamina, os pesquisadores refor\u00e7am a hip\u00f3tese de que os sintomas n\u00e3o s\u00e3o apenas subjetivos ou emocionais \u2014mas podem estar associados a mudan\u00e7as mensur\u00e1veis no funcionamento do c\u00e9rebro.<br \/>\nEmbora a pesquisa tenha sido feita em modelo animal \u2014o que exige cautela ao extrapolar diretamente para humanos\u2014 os resultados dialogam com estudos cl\u00ednicos que j\u00e1 identificaram altera\u00e7\u00f5es inflamat\u00f3rias e redu\u00e7\u00e3o de desempenho cognitivo em parte dos pacientes ap\u00f3s a Covid-19.<br \/>\nNa pr\u00e1tica, os achados ajudam a direcionar duas frentes.<br \/>\nA primeira \u00e9 cient\u00edfica: entender quais vias biol\u00f3gicas permanecem ativadas pode orientar o desenvolvimento de terapias mais espec\u00edficas no futuro, especialmente voltadas para inflama\u00e7\u00e3o cr\u00f4nica e regula\u00e7\u00e3o de neurotransmissores.<br \/>\nA segunda \u00e9 assistencial: reconhecer que h\u00e1 mecanismos org\u00e2nicos envolvidos pode melhorar o diagn\u00f3stico e o acompanhamento desses pacientes.<br \/>\nHoje, n\u00e3o existe um tratamento espec\u00edfico para a Covid longa. A abordagem \u00e9 individualizada e focada no controle dos sintomas, com acompanhamento cl\u00ednico e, quando necess\u00e1rio, suporte neurol\u00f3gico, psiqui\u00e1trico, cardiol\u00f3gico ou fisioterap\u00eautico.<br \/>\nOs autores recomendam que pessoas que mant\u00eam sintomas como fadiga intensa, lapsos de mem\u00f3ria, dificuldade de concentra\u00e7\u00e3o ou altera\u00e7\u00f5es de humor por mais de quatro semanas ap\u00f3s a infec\u00e7\u00e3o procurem avalia\u00e7\u00e3o m\u00e9dica.<br \/>\nA investiga\u00e7\u00e3o precoce ajuda a descartar outras causas e a organizar um plano de cuidado adequado.<\/div>\n","protected":false},"excerpt":{"rendered":"<p>V\u00edrus da Covid-19 altera atividade cerebral a longo prazo ap\u00f3s infec\u00e7\u00e3o, mostra estudo Adobe Stock Mesmo depois que a febre desaparece e o v\u00edrus j\u00e1 n\u00e3o \u00e9 detectado no organismo, a Covid-19 pode continuar deixando marcas \u2014principalmente no c\u00e9rebro e nos pulm\u00f5es. Um estudo da Universidade de Tulane, publicado na ter\u00e7a-feira (24) na revista cient\u00edfica [&hellip;]<\/p>\n","protected":false},"author":261,"featured_media":66076,"comment_status":"closed","ping_status":"closed","sticky":false,"template":"","format":"standard","meta":{"_themeisle_gutenberg_block_has_review":false,"_jetpack_memberships_contains_paid_content":false,"footnotes":""},"categories":[10],"tags":[156],"class_list":{"0":"post-66075","1":"post","2":"type-post","3":"status-publish","4":"format-standard","5":"has-post-thumbnail","7":"category-saude","8":"tag-saude"},"jetpack_featured_media_url":"https:\/\/crajubaremacao.com.br\/wp-content\/uploads\/2026\/02\/adobestock-334601687-scaled.jpeg","jetpack_sharing_enabled":true,"_links":{"self":[{"href":"https:\/\/crajubaremacao.com.br\/index.php?rest_route=\/wp\/v2\/posts\/66075","targetHints":{"allow":["GET"]}}],"collection":[{"href":"https:\/\/crajubaremacao.com.br\/index.php?rest_route=\/wp\/v2\/posts"}],"about":[{"href":"https:\/\/crajubaremacao.com.br\/index.php?rest_route=\/wp\/v2\/types\/post"}],"author":[{"embeddable":true,"href":"https:\/\/crajubaremacao.com.br\/index.php?rest_route=\/wp\/v2\/users\/261"}],"replies":[{"embeddable":true,"href":"https:\/\/crajubaremacao.com.br\/index.php?rest_route=%2Fwp%2Fv2%2Fcomments&post=66075"}],"version-history":[{"count":0,"href":"https:\/\/crajubaremacao.com.br\/index.php?rest_route=\/wp\/v2\/posts\/66075\/revisions"}],"wp:featuredmedia":[{"embeddable":true,"href":"https:\/\/crajubaremacao.com.br\/index.php?rest_route=\/wp\/v2\/media\/66076"}],"wp:attachment":[{"href":"https:\/\/crajubaremacao.com.br\/index.php?rest_route=%2Fwp%2Fv2%2Fmedia&parent=66075"}],"wp:term":[{"taxonomy":"category","embeddable":true,"href":"https:\/\/crajubaremacao.com.br\/index.php?rest_route=%2Fwp%2Fv2%2Fcategories&post=66075"},{"taxonomy":"post_tag","embeddable":true,"href":"https:\/\/crajubaremacao.com.br\/index.php?rest_route=%2Fwp%2Fv2%2Ftags&post=66075"}],"curies":[{"name":"wp","href":"https:\/\/api.w.org\/{rel}","templated":true}]}}