{"id":66175,"date":"2026-03-02T03:02:15","date_gmt":"2026-03-02T06:02:15","guid":{"rendered":"https:\/\/crajubaremacao.com.br\/?p=66175"},"modified":"2026-03-02T03:02:15","modified_gmt":"2026-03-02T06:02:15","slug":"paulinho-e-eleito-prefeito-de-choro-ce-neste-domingo-apos-eleicao-suplementar","status":"publish","type":"post","link":"https:\/\/crajubaremacao.com.br\/?p=66175","title":{"rendered":"Paulinho \u00e9 eleito prefeito de Chor\u00f3 (CE) neste domingo ap\u00f3s elei\u00e7\u00e3o suplementar"},"content":{"rendered":"<div><img decoding=\"async\" src=\"https:\/\/s2-g1.glbimg.com\/b2tpZkR2lNPCQpOMNPkzt1q1BFA=\/i.s3.glbimg.com\/v1\/AUTH_59edd422c0c84a879bd37670ae4f538a\/internal_photos\/bs\/2026\/a\/c\/702GumSYASoMD1SiBC3Q\/paulinho.jpg\"><br \/>     Paulinho \u00e9 eleito prefeito de Chor\u00f3 (CE) neste domingo ap\u00f3s elei\u00e7\u00e3o suplementar.<br \/>\nRedes sociais\/Reprodu\u00e7\u00e3o<br \/>\nPaulo George de Sousa Saraiva, conhecido como Paulinho (PSB), foi eleito prefeito de Chor\u00f3, no Cear\u00e1, ap\u00f3s elei\u00e7\u00e3o suplementar realizada neste domingo (1\u00ba). O vice-prefeito eleito \u00e9 Francisco Elcimar Lusia Ribeiro (Cimar), do mesmo partido. Com 79,07% das urnas apuradas, Paulinho teve 68,68% dos votos no munic\u00edpio que tinha 11.527 eleitores aptos \u2014 entre cerca de 12.380 habitantes.<br \/>\nA vota\u00e7\u00e3o encerrou \u00e0s 17h deste domingo. Os novos gestores eleitos ter\u00e3o mandatos v\u00e1lidos at\u00e9 o dia 31 de dezembro de 2028. Paulinho era presidente da C\u00e2mara Municipal de Chor\u00f3 e virou prefeito interino ap\u00f3s a cassa\u00e7\u00e3o do ex-chefe do Executivo municipal.<br \/>\nClique aqui para seguir o canal do g1 Cear\u00e1 no WhatsApp<br \/>\nPara Chor\u00f3, o TSE disse que foram enviadas 58 urnas eletr\u00f4nicas para atender 46 se\u00e7\u00f5es distribu\u00eddas em 25 locais de vota\u00e7\u00e3o. Ser\u00e3o mantidas 15 urnas em conting\u00eancia, para eventual substitui\u00e7\u00e3o do equipamento. No local, o pleito contar\u00e1 com tr\u00eas se\u00e7\u00f5es agregadas.<br \/>\nLEIA TAMB\u00c9M:<br \/>\nSolange Campelo \u00e9 eleita prefeita de Potiretama (CE) neste domingo ap\u00f3s elei\u00e7\u00e3o suplementar<br \/>\nSabrina do Bel \u00e9 eleita prefeita de Senador S\u00e1 (CE) neste domingo ap\u00f3s elei\u00e7\u00e3o suplementar<br \/>\nEx-prefeito cassado<br \/>\nA elei\u00e7\u00e3o suplementar em Chor\u00f3 foi marcada ap\u00f3s o prefeito eleito em 2024, Bebeto Queiroz (PSB), ter sido preso pouco depois das elei\u00e7\u00f5es e sequer tomou posse. No entanto, ele foi solto dias depois.<br \/>\nPosteriormente, em outra opera\u00e7\u00e3o do Minist\u00e9rio P\u00fablico, Bebeto n\u00e3o foi mais localizado e est\u00e1 foragido desde 2024, enquanto o vice-prefeito eleito, Bruno Juc\u00e1, foi afastado.<br \/>\nCom isso, o presidente da C\u00e2mara de Vereadores, o Paulinho, foi empossado como prefeito interino.<br \/>\nBebeto e o vice s\u00e3o investigados por envolvimento com um grupo criminoso que cometia crimes eleitorais e lavagem de dinheiro. O grupo fraudava contratos de prefeituras de diversas cidades e usava o dinheiro para comprar votos e influ\u00eancia pol\u00edtica.<br \/>\nEntenda o que s\u00e3o elei\u00e7\u00f5es suplementares<br \/>\nAssista aos v\u00eddeos mais vistos do Cear\u00e1<\/div>\n","protected":false},"excerpt":{"rendered":"<p>Paulinho \u00e9 eleito prefeito de Chor\u00f3 (CE) neste domingo ap\u00f3s elei\u00e7\u00e3o suplementar. Redes sociais\/Reprodu\u00e7\u00e3o Paulo George de Sousa Saraiva, conhecido como Paulinho (PSB), foi eleito prefeito de Chor\u00f3, no Cear\u00e1, ap\u00f3s elei\u00e7\u00e3o suplementar realizada neste domingo (1\u00ba). O vice-prefeito eleito \u00e9 Francisco Elcimar Lusia Ribeiro (Cimar), do mesmo partido. Com 79,07% das urnas apuradas, Paulinho [&hellip;]<\/p>\n","protected":false},"author":264,"featured_media":66176,"comment_status":"closed","ping_status":"closed","sticky":false,"template":"","format":"standard","meta":{"_themeisle_gutenberg_block_has_review":false,"_jetpack_memberships_contains_paid_content":false,"footnotes":""},"categories":[4],"tags":[127,130],"class_list":{"0":"post-66175","1":"post","2":"type-post","3":"status-publish","4":"format-standard","5":"has-post-thumbnail","7":"category-regiao","8":"tag-cariri","9":"tag-ceara"},"jetpack_featured_media_url":"https:\/\/crajubaremacao.com.br\/wp-content\/uploads\/2026\/03\/paulinho.jpg","jetpack_sharing_enabled":true,"_links":{"self":[{"href":"https:\/\/crajubaremacao.com.br\/index.php?rest_route=\/wp\/v2\/posts\/66175","targetHints":{"allow":["GET"]}}],"collection":[{"href":"https:\/\/crajubaremacao.com.br\/index.php?rest_route=\/wp\/v2\/posts"}],"about":[{"href":"https:\/\/crajubaremacao.com.br\/index.php?rest_route=\/wp\/v2\/types\/post"}],"author":[{"embeddable":true,"href":"https:\/\/crajubaremacao.com.br\/index.php?rest_route=\/wp\/v2\/users\/264"}],"replies":[{"embeddable":true,"href":"https:\/\/crajubaremacao.com.br\/index.php?rest_route=%2Fwp%2Fv2%2Fcomments&post=66175"}],"version-history":[{"count":0,"href":"https:\/\/crajubaremacao.com.br\/index.php?rest_route=\/wp\/v2\/posts\/66175\/revisions"}],"wp:featuredmedia":[{"embeddable":true,"href":"https:\/\/crajubaremacao.com.br\/index.php?rest_route=\/wp\/v2\/media\/66176"}],"wp:attachment":[{"href":"https:\/\/crajubaremacao.com.br\/index.php?rest_route=%2Fwp%2Fv2%2Fmedia&parent=66175"}],"wp:term":[{"taxonomy":"category","embeddable":true,"href":"https:\/\/crajubaremacao.com.br\/index.php?rest_route=%2Fwp%2Fv2%2Fcategories&post=66175"},{"taxonomy":"post_tag","embeddable":true,"href":"https:\/\/crajubaremacao.com.br\/index.php?rest_route=%2Fwp%2Fv2%2Ftags&post=66175"}],"curies":[{"name":"wp","href":"https:\/\/api.w.org\/{rel}","templated":true}]}}