{"id":66177,"date":"2026-03-02T03:02:29","date_gmt":"2026-03-02T06:02:29","guid":{"rendered":"https:\/\/crajubaremacao.com.br\/?p=66177"},"modified":"2026-03-02T03:02:29","modified_gmt":"2026-03-02T06:02:29","slug":"fortaleza-e-ceara-empatam-em-1-a-1-no-primeiro-duelo-da-final-do-estadual","status":"publish","type":"post","link":"https:\/\/crajubaremacao.com.br\/?p=66177","title":{"rendered":"Fortaleza e Cear\u00e1 empatam em 1 a 1 no primeiro duelo da final do estadual"},"content":{"rendered":"<div>\n<p>\u00a0<img decoding=\"async\" alt=\"Imagem da not\u00edcia\" class=\"img-fluid w-70 h-70\" loading=\"lazy\" src=\"http:\/\/www.futebolcearense.com.br\/adm\/fotosavulsas\/imagens\/thumb_01032026220321-4925.jpeg\" style='box-sizing: border-box; color: #1d1d1b; font-family: \"Adobe Clean SemiLight\", sans-serif; font-size: 14px; height: auto; max-width: 100%; text-align: center; vertical-align: middle;'><\/p>\n<div class=\"container mt-5 p-2 overflow-hidden\" data-v-app=\"\" id=\"app\" style='box-sizing: border-box; color: #1d1d1b; font-family: \"Adobe Clean SemiLight\", sans-serif; font-size: 14px; margin-left: auto; margin-right: auto; margin-top: 3rem !important; overflow: hidden !important; padding: 0.5rem !important; width: 432px;'>\n<div style=\"box-sizing: border-box;\">\n<section class=\"d-block my-4\" style=\"box-sizing: border-box; margin-bottom: 1.5rem !important; margin-top: 1.5rem !important;\">\n<div class=\"row align-items-center mt-3 pl-md-5 pr-md-5\" style=\"--bs-gutter-x: 1.5rem; --bs-gutter-y: 0; align-items: center !important; box-sizing: border-box; display: flex; flex-wrap: wrap; margin-left: -12px; margin-right: -12px; margin-top: 1rem !important;\">\n<div class=\"col-12 mt-3\" style=\"box-sizing: border-box; flex: 0 0 auto; margin-top: 1rem !important; max-width: 100%; padding-left: 12px; padding-right: 12px; width: 440px;\">\n<div class=\"text-view\" style=\"box-sizing: border-box; font-size: 19px !important;\"><i style=\"box-sizing: border-box;\">Cr\u00e9ditos: Lucas Emanuel\/FCF<\/i><br style=\"box-sizing: border-box;\"><br style=\"box-sizing: border-box;\">Empate!<br style=\"box-sizing: border-box;\"><br style=\"box-sizing: border-box;\">Neste domingo (1), Fortaleza e Cear\u00e1 se encontraram no primeiro embate da grande final do Campeonato Cearense Superbet. Na Arena Castel\u00e3o, mais de 20 mil pessoas acompanharam o empate em 1 a 1 entre as equipes. Com a igualdade no placar, a disputa segue em aberto para o confronto de volta e, caso as duas equipes voltem a empatar, o t\u00edtulo ser\u00e1 decidido nas penalidades.<br style=\"box-sizing: border-box;\"><br style=\"box-sizing: border-box;\">Em um jogo sem grandes oportunidades, o primeiro tempo n\u00e3o trouxe sustos \u00e0s duas metas. O \u00fanico momento de perigo veio em rara jogada com Lu\u00eds Fernando dentro da grande \u00e1rea, que finalizou por cima do gol alvinegro. J\u00e1 na etapa complementar, os espa\u00e7os foram surgindo, principalmente quando os meninos da base entraram em campo. Quem abriu o placar foi o Fortaleza, aos 41 minutos. Mailton cobrou escanteio, Lucas Gazal cabeceou e, no rebote, Lucas Emanoel empurrou para as redes. Nos acr\u00e9scimos, tamb\u00e9m em cobran\u00e7a de escanteio, Rafael Ramos cruzou, Lucca desviou e deixou tudo igual no placar.<br style=\"box-sizing: border-box;\"><br style=\"box-sizing: border-box;\">O duelo de volta est\u00e1 marcado para o pr\u00f3ximo domingo, dia 8. A bola rola tamb\u00e9m \u00e0s 18h, na Arena Castel\u00e3o.<br style=\"box-sizing: border-box;\"><br style=\"box-sizing: border-box;\">Daniel Fran\u00e7a<br style=\"box-sizing: border-box;\">Departamento de Comunica\u00e7\u00e3o<br style=\"box-sizing: border-box;\">Federa\u00e7\u00e3o Cearense de Futebol<br style=\"box-sizing: border-box;\">(85) 32066523<br style=\"box-sizing: border-box;\">Danielfranca@futebolcearense.com.br<\/div>\n<\/div>\n<\/div>\n<div class=\"col-12 mt-5 text-center\" style=\"box-sizing: border-box; flex: 0 0 auto; margin-top: 3rem !important; text-align: center !important; width: 416px;\"><\/div>\n<\/section>\n<\/div>\n<\/div>\n<div class=\"container-xxl mt-5 p-2\" style='box-sizing: border-box; color: #1d1d1b; font-family: \"Adobe Clean SemiLight\", sans-serif; font-size: 14px; margin-left: auto; margin-right: auto; margin-top: 3rem !important; padding: 0.5rem !important; width: 432px;'>\n<section class=\"d-block my-4\" style=\"box-sizing: border-box; margin-bottom: 1.5rem !important; margin-top: 1.5rem !important;\">\n<div class=\"title-inner mb-30\" style=\"background: rgb(5, 46, 22); border-radius: 3px; box-sizing: border-box; padding: 10px 12px; position: relative;\">\n<div class=\"d-flex justify-content-between align-items-center\" style=\"align-items: center !important; box-sizing: border-box; display: flex !important; justify-content: space-between !important;\"><\/div>\n<\/div>\n<\/section>\n<\/div>\n<\/div>\n","protected":false},"excerpt":{"rendered":"<p>\u00a0 Cr\u00e9ditos: Lucas Emanuel\/FCFEmpate!Neste domingo (1), Fortaleza e Cear\u00e1 se encontraram no primeiro embate da grande final do Campeonato Cearense Superbet. Na Arena Castel\u00e3o, mais de 20 mil pessoas acompanharam o empate em 1 a 1 entre as equipes. Com a igualdade no placar, a disputa segue em aberto para o confronto de volta e, [&hellip;]<\/p>\n","protected":false},"author":88,"featured_media":66178,"comment_status":"closed","ping_status":"closed","sticky":false,"template":"","format":"standard","meta":{"_themeisle_gutenberg_block_has_review":false,"_jetpack_memberships_contains_paid_content":false,"footnotes":""},"categories":[4],"tags":[127,130],"class_list":{"0":"post-66177","1":"post","2":"type-post","3":"status-publish","4":"format-standard","5":"has-post-thumbnail","7":"category-regiao","8":"tag-cariri","9":"tag-ceara"},"jetpack_featured_media_url":"https:\/\/crajubaremacao.com.br\/wp-content\/uploads\/2026\/03\/thumb_01032026220321-4925-scaled.jpeg","jetpack_sharing_enabled":true,"_links":{"self":[{"href":"https:\/\/crajubaremacao.com.br\/index.php?rest_route=\/wp\/v2\/posts\/66177","targetHints":{"allow":["GET"]}}],"collection":[{"href":"https:\/\/crajubaremacao.com.br\/index.php?rest_route=\/wp\/v2\/posts"}],"about":[{"href":"https:\/\/crajubaremacao.com.br\/index.php?rest_route=\/wp\/v2\/types\/post"}],"author":[{"embeddable":true,"href":"https:\/\/crajubaremacao.com.br\/index.php?rest_route=\/wp\/v2\/users\/88"}],"replies":[{"embeddable":true,"href":"https:\/\/crajubaremacao.com.br\/index.php?rest_route=%2Fwp%2Fv2%2Fcomments&post=66177"}],"version-history":[{"count":0,"href":"https:\/\/crajubaremacao.com.br\/index.php?rest_route=\/wp\/v2\/posts\/66177\/revisions"}],"wp:featuredmedia":[{"embeddable":true,"href":"https:\/\/crajubaremacao.com.br\/index.php?rest_route=\/wp\/v2\/media\/66178"}],"wp:attachment":[{"href":"https:\/\/crajubaremacao.com.br\/index.php?rest_route=%2Fwp%2Fv2%2Fmedia&parent=66177"}],"wp:term":[{"taxonomy":"category","embeddable":true,"href":"https:\/\/crajubaremacao.com.br\/index.php?rest_route=%2Fwp%2Fv2%2Fcategories&post=66177"},{"taxonomy":"post_tag","embeddable":true,"href":"https:\/\/crajubaremacao.com.br\/index.php?rest_route=%2Fwp%2Fv2%2Ftags&post=66177"}],"curies":[{"name":"wp","href":"https:\/\/api.w.org\/{rel}","templated":true}]}}