{"id":66179,"date":"2026-03-02T06:06:36","date_gmt":"2026-03-02T09:06:36","guid":{"rendered":"https:\/\/crajubaremacao.com.br\/?p=66179"},"modified":"2026-03-02T06:06:36","modified_gmt":"2026-03-02T09:06:36","slug":"ministro-da-defesa-de-israel-afirma-que-o-chefe-do-hezbollah-libanes-agora-e-um-alvo-para-eliminacao","status":"publish","type":"post","link":"https:\/\/crajubaremacao.com.br\/?p=66179","title":{"rendered":"Ministro da Defesa de Israel afirma que o chefe do Hezbollah liban\u00eas agora \u00e9 um &#8216;alvo para elimina\u00e7\u00e3o&#8217;"},"content":{"rendered":"<div><img decoding=\"async\" src=\"https:\/\/s2-g1.glbimg.com\/LxE2-b3fObbq6E-OAkmfC6lEit8=\/i.s3.glbimg.com\/v1\/AUTH_59edd422c0c84a879bd37670ae4f538a\/internal_photos\/bs\/2026\/a\/U\/PHTO1dRSAlPJgC88AyPQ\/2026-03-02t013830z-1148040331-rc21wjaw8ubo-rtrmadp-3-iran-crisis-lebanon.jpg\"><br \/>     V\u00eddeos de testemunhas mostram pr\u00e9dio em chamas em Beirute durante ataque israelense<br \/>\nO ministro da Defesa israelense, Israel Katz, afirmou nesta segunda-feira (2) que o chefe do Hezbollah, Naim Kassem, agora \u00e9 um &#8220;alvo para elimina\u00e7\u00e3o&#8221;, ap\u00f3s o grupo militante alinhado ao Ir\u00e3 ter atacado Israel em retalia\u00e7\u00e3o ao assassinato do l\u00edder supremo iraniano, Ali Khamenei.<br \/>\nCa\u00e7as de Israel realizaram ataques contra o territ\u00f3rio do L\u00edbano, incluindo alvos na capital, Beirute, ap\u00f3s disparos do  grupo extremista Hezbollah contra seu territ\u00f3rio, neste domingo (1\u00ba), madrugada de segunda-feira no Oriente M\u00e9dio). Pelo menos 31 pessoas morreram e outras 149 ficaram feridas.<br \/>\n&#x2705; Siga o canal de not\u00edcias internacionais do g1 no WhatsApp<br \/>\nAO VIVO: ACOMPANHE a cobertura sobre o conflito em tempo real<br \/>\nEx\u00e9rcito israelense adverte que o Hezbollah &#8216;pagar\u00e1 um pre\u00e7o alto&#8217;.<br \/>\nQuestionado se Israel est\u00e1 considerando uma invas\u00e3o terrestre do L\u00edbano, um porta-voz militar disse que &#8220;todas as op\u00e7\u00f5es est\u00e3o sobre a mesa&#8221;.<br \/>\nOs ataques entre Israel e L\u00edbano<br \/>\nO Hezbollah, grupo extremista xiita liban\u00eas que \u00e9 aliado do regime iraniano, confirmou ter lan\u00e7ado ataques de drones e foguetes contra o norte de Israel em retalia\u00e7\u00e3o \u00e0 morte do l\u00edder supremo do Ir\u00e3, aiatol\u00e1 Ali Khamenei, ocorrida no s\u00e1bado (28).<br \/>\nO grupo tamb\u00e9m afirma que o ataque foi uma resposta a bombardeios israelenses que ocorrem frequentemente no sul do L\u00edbano, mesmo ap\u00f3s um cessar-fogo acordado entre as partes. Essa foi a primeira vez que o Hezbollah lan\u00e7ou um ataque a Israel ap\u00f3s o fim oficial do conflito.<br \/>\nSegundo Israel, os ataques foram interceptados ou atingiram regi\u00f5es desabitadas. Tel Aviv tamb\u00e9m afirma que os ataques em Beirute tiveram instala\u00e7\u00f5es do Hezbollah como alvo.<br \/>\nFuma\u00e7a em Beirute ap\u00f3s ataque israelense<br \/>\nMohamed Azakir\/Reuters<br \/>\nO grupo mu\u00e7ulmano xiita, h\u00e1 muito um dos principais aliados de Teer\u00e3 no Oriente M\u00e9dio, afirmou ter lan\u00e7ado o ataque contra Israel em resposta ao assassinato de Khamenei e \u00e0s cont\u00ednuas viola\u00e7\u00f5es israelenses contra o L\u00edbano.<br \/>\n&#8220;A lideran\u00e7a da resist\u00eancia sempre enfatizou que a continuidade dos ataques israelenses e o assassinato de nossos l\u00edderes, jovens e povo nos d\u00e3o o direito de nos defendermos e respondermos no momento e local apropriados&#8221;, disse o Hezbollah em um comunicado.<br \/>\nO Ministro da Justi\u00e7a do L\u00edbano ordenou a pris\u00e3o dos respons\u00e1veis \u200b\u200bpelo lan\u00e7amento de foguetes contra Israel, segundo a m\u00eddia local.<br \/>\nFontes de seguran\u00e7a libanesas disseram \u00e0 ag\u00eancia Reuters que Israel havia atingido os sub\u00farbios do sul de Beirute, um reduto do Hezbollah.<br \/>\n&#8220;As For\u00e7as de Defesa de Israel (IDF) ir\u00e3o operar contra a decis\u00e3o do Hezbollah de se juntar \u00e0 campanha e n\u00e3o permitir\u00e3o que a organiza\u00e7\u00e3o constitua uma amea\u00e7a ao Estado de Israel&#8221;, disseram os militares.<br \/>\nIsrael e L\u00edbano concordaram com um cessar-fogo mediado pelos EUA em 2024, pondo fim a mais de um ano de combates entre Israel e o grupo militante liban\u00eas Hezbollah, que culminaram em ataques israelenses que enfraqueceram severamente o grupo apoiado pelo Ir\u00e3. Desde ent\u00e3o, os lados t\u00eam trocado acusa\u00e7\u00f5es sobre viola\u00e7\u00f5es.<br \/>\nA presid\u00eancia do L\u00edbano disse no s\u00e1bado que foi informada pelo embaixador dos EUA de que Israel n\u00e3o intensificaria o conflito contra o L\u00edbano, desde que n\u00e3o haja atos hostis por parte do L\u00edbano.<br \/>\nO chefe do ex\u00e9rcito israelense afirma que os combates no L\u00edbano podem durar &#8220;muitos&#8221; dias.<\/div>\n","protected":false},"excerpt":{"rendered":"<p>V\u00eddeos de testemunhas mostram pr\u00e9dio em chamas em Beirute durante ataque israelense O ministro da Defesa israelense, Israel Katz, afirmou nesta segunda-feira (2) que o chefe do Hezbollah, Naim Kassem, agora \u00e9 um &#8220;alvo para elimina\u00e7\u00e3o&#8221;, ap\u00f3s o grupo militante alinhado ao Ir\u00e3 ter atacado Israel em retalia\u00e7\u00e3o ao assassinato do l\u00edder supremo iraniano, Ali [&hellip;]<\/p>\n","protected":false},"author":261,"featured_media":66180,"comment_status":"closed","ping_status":"closed","sticky":false,"template":"","format":"standard","meta":{"_themeisle_gutenberg_block_has_review":false,"_jetpack_memberships_contains_paid_content":false,"footnotes":""},"categories":[5],"tags":[155],"class_list":{"0":"post-66179","1":"post","2":"type-post","3":"status-publish","4":"format-standard","5":"has-post-thumbnail","7":"category-internacionais","8":"tag-mundo"},"jetpack_featured_media_url":"https:\/\/crajubaremacao.com.br\/wp-content\/uploads\/2026\/03\/2026-03-02t013830z-1148040331-rc21wjaw8ubo-rtrmadp-3-iran-crisis-lebanon.jpg","jetpack_sharing_enabled":true,"_links":{"self":[{"href":"https:\/\/crajubaremacao.com.br\/index.php?rest_route=\/wp\/v2\/posts\/66179","targetHints":{"allow":["GET"]}}],"collection":[{"href":"https:\/\/crajubaremacao.com.br\/index.php?rest_route=\/wp\/v2\/posts"}],"about":[{"href":"https:\/\/crajubaremacao.com.br\/index.php?rest_route=\/wp\/v2\/types\/post"}],"author":[{"embeddable":true,"href":"https:\/\/crajubaremacao.com.br\/index.php?rest_route=\/wp\/v2\/users\/261"}],"replies":[{"embeddable":true,"href":"https:\/\/crajubaremacao.com.br\/index.php?rest_route=%2Fwp%2Fv2%2Fcomments&post=66179"}],"version-history":[{"count":0,"href":"https:\/\/crajubaremacao.com.br\/index.php?rest_route=\/wp\/v2\/posts\/66179\/revisions"}],"wp:featuredmedia":[{"embeddable":true,"href":"https:\/\/crajubaremacao.com.br\/index.php?rest_route=\/wp\/v2\/media\/66180"}],"wp:attachment":[{"href":"https:\/\/crajubaremacao.com.br\/index.php?rest_route=%2Fwp%2Fv2%2Fmedia&parent=66179"}],"wp:term":[{"taxonomy":"category","embeddable":true,"href":"https:\/\/crajubaremacao.com.br\/index.php?rest_route=%2Fwp%2Fv2%2Fcategories&post=66179"},{"taxonomy":"post_tag","embeddable":true,"href":"https:\/\/crajubaremacao.com.br\/index.php?rest_route=%2Fwp%2Fv2%2Ftags&post=66179"}],"curies":[{"name":"wp","href":"https:\/\/api.w.org\/{rel}","templated":true}]}}