{"id":66185,"date":"2026-03-02T12:05:35","date_gmt":"2026-03-02T15:05:35","guid":{"rendered":"https:\/\/crajubaremacao.com.br\/?p=66185"},"modified":"2026-03-02T12:05:35","modified_gmt":"2026-03-02T15:05:35","slug":"devemos-nos-preparar-para-o-pior-diz-celso-amorim-apos-morte-de-khamenei","status":"publish","type":"post","link":"https:\/\/crajubaremacao.com.br\/?p=66185","title":{"rendered":"\u2018Devemos nos preparar para o pior\u2019, diz Celso Amorim ap\u00f3s morte de Khamenei"},"content":{"rendered":"<div>\n<div style=\"margin-bottom: 15px;\"><img decoding=\"async\" class=\"type:primaryImage\" src=\"https:\/\/jpimg.com.br\/uploads\/2026\/03\/foto-jp-7-750x450.png\"><\/div>\n<p><?xml encoding=\"UTF-8\"><\/p>\n<p>O assessor-especial do presidente Lula (PT) e embaixador, <strong>Celso Amorim<\/strong>, afirmou, nesta segunda-feira (2), que o <strong>Brasil deve se preparar para o pior<\/strong>, em rela\u00e7\u00e3o ao<strong> conflito entre Ir\u00e3, Israel e Estados Unidos.<\/strong> \u201cNingu\u00e9m \u00e9 juiz do mundo. Matar um l\u00edder de um pa\u00eds, que est\u00e1 em exerc\u00edcio, \u00e9 conden\u00e1vel e inaceit\u00e1vel. Devemos nos preparar para o pior\u201d, afirmou, em entrevista \u00e0 Globonews.<\/p>\n<p>Perguntado sobre o que seria esse \u201cpior\u201d, Amorim respondeu sobre a <strong>expans\u00e3o que a guerra pode ter<\/strong>, devido ao <strong>forte armamento<\/strong> que Teer\u00e3 \u201cfornece para grupos xiitas que est\u00e3o em outros pa\u00edses\u201d.<\/p>\n<p>\u201cO aumento vertiginoso das tens\u00f5es no Oriente M\u00e9dio, com grande potencial de alastramento. O Ir\u00e3 historicamente fornece armamento para grupos xiitas que est\u00e3o em outros pa\u00edses, al\u00e9m de grupos radicais\u201d, explicou o embaixador.<\/p>\n<p>Amorim afirmou que ir\u00e1 conversar com Lula sobre o conflito ainda nesta segunda, j\u00e1 que eles ainda n\u00e3o debateram direito sobre o assunto. \u201cEstamos a poucos dias do encontro do presidente com Trump, em Washington. \u00c9 sempre dif\u00edcil encontrar o equil\u00edbrio entre a verdade e a conveni\u00eancia. N\u00e3o perder a capacidade de di\u00e1logo sem comprometer a credibilidade exige destreza\u201d, comentou.<\/p>\n<h2>Cr\u00edticas do Itamaraty aos ataques<\/h2>\n<p>O Minist\u00e9rio das Rela\u00e7\u00f5es Exteriores do Brasil divulgou no s\u00e1bado (28) um comunicado em que critica os ataques promovidos pelos EUA e por Israel contra o Ir\u00e3.<\/p>\n<p>O governo brasileiro falou em<strong> \u201cgrave preocupa\u00e7\u00e3o\u201d com os ataques<\/strong> e ressalta que eles ocorreram em meio a uma negocia\u00e7\u00e3o entre os pa\u00edses. \u201cOs ataques ocorreram em meio a um processo de negocia\u00e7\u00e3o entre as partes, que \u00e9 o \u00fanico caminho vi\u00e1vel para a paz, posi\u00e7\u00e3o tradicionalmente defendida pelo Brasil na regi\u00e3o\u201d, diz um trecho do comunicado.<\/p>\n<p>\u201cO Brasil apela a todas as partes que respeitem o Direito Internacional e exer\u00e7am m\u00e1xima conten\u00e7\u00e3o, de maneira a evitar a escalada de hostilidades e a assegurar a prote\u00e7\u00e3o de civis e da infraestrutura civil\u201d, pede o governo Lula (PT).<\/p>\n<p>\u00c0 noite, o governo brasileiro divulgou um novo comunicado lamentando a retalia\u00e7\u00e3o iraniana, que mirou pa\u00edses \u00e1rabes. O Brasil ainda reafirmou que o di\u00e1logo e a negocia\u00e7\u00e3o diplom\u00e1tica \u201cconstituem o \u00fanico caminho vi\u00e1vel para a supera\u00e7\u00e3o das diverg\u00eancias e a constru\u00e7\u00e3o de uma solu\u00e7\u00e3o duradoura\u201d e refor\u00e7ou o papel das Na\u00e7\u00f5es Unidas na preven\u00e7\u00e3o e na resolu\u00e7\u00e3o de conflitos.<\/p>\n<p>O minist\u00e9rio tamb\u00e9m divulgou um alerta consular recomendando que os brasileiros n\u00e3o viajem para os seguintes pa\u00edses:<\/p>\n<ul>\n<li>Ir\u00e3;<\/li>\n<li>Israel;<\/li>\n<li>Catar;<\/li>\n<li>Kuwait;<\/li>\n<li>Emirados \u00c1rabes Unidos;<\/li>\n<li>Bahrein;<\/li>\n<li>Jord\u00e2nia;<\/li>\n<li>Iraque;<\/li>\n<li>L\u00edbano;<\/li>\n<li>Palestina;<\/li>\n<li>S\u00edria.<\/li>\n<\/ul>\n<h2>Opera\u00e7\u00e3o entre EUA e Israel<\/h2>\n<p>A opera\u00e7\u00e3o conjunta entre EUA e Israel come\u00e7ou com fuma\u00e7a sendo vista sobre Teer\u00e3, capital iraniana, ap\u00f3s ataques que\u00a0<strong>Tel-aviv classificou como preventivos.<\/strong>\u00a0Pouco depois, Trump utilizou sua plataforma Truth Social para postar uma declara\u00e7\u00e3o surpresa em v\u00eddeo anunciando opera\u00e7\u00f5es de combate dos EUA no Ir\u00e3, com o objetivo de \u201celiminar amea\u00e7as iminentes\u201d.<\/p>\n<p>Foi vista fuma\u00e7a subindo sobre o distrito de Pasteur, em Teer\u00e3 \u2014\u00a0<strong>local da resid\u00eancia do l\u00edder supremo do Ir\u00e3, o aiatol\u00e1 Ali Khamenei<\/strong>\u00a0\u2014 e houve um enorme destacamento de seguran\u00e7a na capital. Os EUA e Israel afirmaram que suas opera\u00e7\u00f5es visavam locais militares iranianos. O ex\u00e9rcito israelense alertou os iranianos que estivessem dentro ou perto de infraestruturas militares em todo o pa\u00eds para que evacuassem, afirmando que os ataques ocorreram ap\u00f3s meses de planejamento conjunto entre os aliados.<\/p>\n<p><strong>No sul do Iraque, um bombardeio que visou uma base militar que abriga um grupo pr\u00f3-Ir\u00e3 matou pelo menos duas pessoas,<\/strong>\u00a0segundo as autoridades. Explos\u00f5es tamb\u00e9m foram ouvidas perto do consulado dos EUA em Erbil, no Iraque, de acordo com jornalistas da AFP.<\/p>\n<p><em>*com informa\u00e7\u00f5es da AFP<\/em><\/p>\n<div class=\"list-related-posts\">\n<h3>Leia tamb\u00e9m<\/h3>\n<div class=\"related-posts-container\">\n<div class=\"related-post-item-container\">\n<div class=\"related-post\">\n<div class=\"img-related-box\">\n                                            <strong><a href=\"https:\/\/jovempan.com.br\/noticias\/mundo\/exercito-dos-eua-anuncia-morte-de-quarto-militar-americano-em-operacao-no-ira.html\" title=\"Ex\u00e9rcito dos EUA anuncia morte de quarto militar americano em opera\u00e7\u00e3o no Ir\u00e3\"><img decoding=\"async\" src=\"https:\/\/jpimg.com.br\/uploads\/2026\/03\/afp__20260302__99kk27n__v1__midres__iranisraelusconflict.jpg\"><\/a><\/strong>\n                                        <\/div>\n<p>                                        <span class=\"box-the-title\"><br \/>\n                                            <strong><a href=\"https:\/\/jovempan.com.br\/noticias\/mundo\/exercito-dos-eua-anuncia-morte-de-quarto-militar-americano-em-operacao-no-ira.html\" title=\"Ex\u00e9rcito dos EUA anuncia morte de quarto militar americano em opera\u00e7\u00e3o no Ir\u00e3\">Ex\u00e9rcito dos EUA anuncia morte de quarto militar americano em opera\u00e7\u00e3o no Ir\u00e3<\/a><\/strong><br \/>\n                                        <\/span>\n                                    <\/div>\n<div class=\"related-post\">\n<div class=\"img-related-box\">\n                                            <strong><a href=\"https:\/\/jovempan.com.br\/noticias\/mundo\/exercito-israelense-diz-ter-matado-o-chefe-de-inteligencia-do-hezbollah.html\" title=\"Ex\u00e9rcito israelense diz ter matado o chefe de intelig\u00eancia do Hezbollah\"><img decoding=\"async\" src=\"https:\/\/jpimg.com.br\/uploads\/2026\/03\/foto-jp-6.png\"><\/a><\/strong>\n                                        <\/div>\n<p>                                        <span class=\"box-the-title\"><br \/>\n                                            <strong><a href=\"https:\/\/jovempan.com.br\/noticias\/mundo\/exercito-israelense-diz-ter-matado-o-chefe-de-inteligencia-do-hezbollah.html\" title=\"Ex\u00e9rcito israelense diz ter matado o chefe de intelig\u00eancia do Hezbollah\">Ex\u00e9rcito israelense diz ter matado o chefe de intelig\u00eancia do Hezbollah<\/a><\/strong><br \/>\n                                        <\/span>\n                                    <\/div>\n<\/p><\/div>\n<\/p><\/div>\n<\/p><\/div>\n<\/div>\n","protected":false},"excerpt":{"rendered":"<p>O assessor-especial do presidente Lula (PT) e embaixador, Celso Amorim, afirmou, nesta segunda-feira (2), que o Brasil deve se preparar para o pior, em rela\u00e7\u00e3o ao conflito entre Ir\u00e3, Israel e Estados Unidos. \u201cNingu\u00e9m \u00e9 juiz do mundo. Matar um l\u00edder de um pa\u00eds, que est\u00e1 em exerc\u00edcio, \u00e9 conden\u00e1vel e inaceit\u00e1vel. Devemos nos preparar [&hellip;]<\/p>\n","protected":false},"author":117,"featured_media":66186,"comment_status":"closed","ping_status":"closed","sticky":false,"template":"","format":"standard","meta":{"_themeisle_gutenberg_block_has_review":false,"_jetpack_memberships_contains_paid_content":false,"footnotes":""},"categories":[9],"tags":[129],"class_list":{"0":"post-66185","1":"post","2":"type-post","3":"status-publish","4":"format-standard","5":"has-post-thumbnail","7":"category-politica","8":"tag-politica"},"jetpack_featured_media_url":"https:\/\/crajubaremacao.com.br\/wp-content\/uploads\/2026\/03\/foto-jp-7-750x450-1.png","jetpack_sharing_enabled":true,"_links":{"self":[{"href":"https:\/\/crajubaremacao.com.br\/index.php?rest_route=\/wp\/v2\/posts\/66185","targetHints":{"allow":["GET"]}}],"collection":[{"href":"https:\/\/crajubaremacao.com.br\/index.php?rest_route=\/wp\/v2\/posts"}],"about":[{"href":"https:\/\/crajubaremacao.com.br\/index.php?rest_route=\/wp\/v2\/types\/post"}],"author":[{"embeddable":true,"href":"https:\/\/crajubaremacao.com.br\/index.php?rest_route=\/wp\/v2\/users\/117"}],"replies":[{"embeddable":true,"href":"https:\/\/crajubaremacao.com.br\/index.php?rest_route=%2Fwp%2Fv2%2Fcomments&post=66185"}],"version-history":[{"count":0,"href":"https:\/\/crajubaremacao.com.br\/index.php?rest_route=\/wp\/v2\/posts\/66185\/revisions"}],"wp:featuredmedia":[{"embeddable":true,"href":"https:\/\/crajubaremacao.com.br\/index.php?rest_route=\/wp\/v2\/media\/66186"}],"wp:attachment":[{"href":"https:\/\/crajubaremacao.com.br\/index.php?rest_route=%2Fwp%2Fv2%2Fmedia&parent=66185"}],"wp:term":[{"taxonomy":"category","embeddable":true,"href":"https:\/\/crajubaremacao.com.br\/index.php?rest_route=%2Fwp%2Fv2%2Fcategories&post=66185"},{"taxonomy":"post_tag","embeddable":true,"href":"https:\/\/crajubaremacao.com.br\/index.php?rest_route=%2Fwp%2Fv2%2Ftags&post=66185"}],"curies":[{"name":"wp","href":"https:\/\/api.w.org\/{rel}","templated":true}]}}