{"id":66196,"date":"2026-03-02T18:00:56","date_gmt":"2026-03-02T21:00:56","guid":{"rendered":"https:\/\/crajubaremacao.com.br\/?p=66196"},"modified":"2026-03-02T18:00:56","modified_gmt":"2026-03-02T21:00:56","slug":"michelle-bolsonaro-comunica-que-passou-por-pequeno-procedimento-cirurgico","status":"publish","type":"post","link":"https:\/\/crajubaremacao.com.br\/?p=66196","title":{"rendered":"Michelle Bolsonaro comunica que passou por \u2018pequeno procedimento cir\u00fargico\u2019"},"content":{"rendered":"<div>\n<div style=\"margin-bottom: 15px;\"><img decoding=\"async\" class=\"type:primaryImage\" src=\"https:\/\/crajubaremacao.com.br\/wp-content\/uploads\/2026\/03\/af820250712011-750x500-1.jpg\"><\/div>\n<p><?xml encoding=\"UTF-8\"><\/p>\n<p>A ex-primeira-dama <strong>Michelle Bolsonaro<\/strong> disse nesta segunda-feira (2) que <strong>passou por um \u201cpequeno procedimento cir\u00fargico\u201d<\/strong>. Por meio de publica\u00e7\u00e3o nos stories do Instagram, a presidente da ala feminina do Partido Liberal (PL) afirmou que <strong>est\u00e1 bem<\/strong> e, \u201csalvo algumas restri\u00e7\u00f5es\u201d, <strong>continuar\u00e1 com suas atividades normalmente<\/strong>.<\/p>\n<p>Michelle tamb\u00e9m <strong>agradeceu<\/strong> pela \u201cpreocupa\u00e7\u00e3o, pelo carinho e pelas ora\u00e7\u00f5es\u201d. A ex-primeira-dama ainda esclareceu que o <strong>procedimento foi feito na sexta-feira (27)<\/strong>.<\/p>\n<p>A informa\u00e7\u00e3o havia sido <strong>inicialmente comunicada pela deputada federal Bia Kicis<\/strong> (PL-DF). Durante o ato <strong>\u201cAcorda, Brasil\u201d<\/strong>, na Avenida Paulista, a parlamentar se dirigiu ao deputado federal Nikolas Ferreira (PL-MG), um dos principais mobilizadores da manifesta\u00e7\u00e3o.<\/p>\n<p>\u201cNikolas, a [Michelle] pediu para te falar que s\u00f3 n\u00e3o est\u00e1 aqui porque fez uma cirurgia na sexta-feira e est\u00e1 cuidando do nosso amado presidente [Jair] Bolsonaro, fazendo a comida dele, cuidando da Laurinha, cuidando de tudo\u201d, disse Kicis.<\/p>\n<h2><strong>Manifesta\u00e7\u00e3o \u2018Acorda, Brasil\u2019<\/strong><\/h2>\n<p><strong>Pol\u00edticos de direita mobilizaram apoiadores<\/strong> no domingo (1\u00ba) para <strong>atos em diversas cidades<\/strong>. Com o nome<strong> \u201cAcorda, Brasil\u201d<\/strong>, a manifesta\u00e7\u00e3o defendeu a\u00a0<strong>concess\u00e3o de pris\u00e3o domiciliar ao ex-presidente Jair Bolsonaro<\/strong>\u00a0e se\u00a0<strong>op\u00f4s ao governo de Luiz In\u00e1cio Lula da Silva (PT) e \u00e0s decis\u00f5es do Supremo Tribunal Federal (STF)<\/strong>. Em S\u00e3o Paulo, o <strong><a href=\"https:\/\/jovempan.com.br\/noticias\/politica\/direita-faz-atos-pro-anistia-e-contra-lula-e-stf-pelo-brasil.html\">protesto realizado na Avenida Paulista<\/a><\/strong> reuniu grandes lideran\u00e7as do grupo pol\u00edtico:<\/p>\n<ul>\n<li>Senador e pr\u00e9-candidato ao Planalto, Fl\u00e1vio Bolsonaro (PL-RJ);<\/li>\n<li>Deputado federal Nikolas Ferreira (PL-MG);<\/li>\n<li>Governador de Minas Gerais, Romeu Zema (Novo);<\/li>\n<li>Governador de Goi\u00e1s, Ronaldo Caiado (PSD);<\/li>\n<li>Prefeito de S\u00e3o Paulo, Ricardo Nunes (MDB);<\/li>\n<li>L\u00edder da bancada do PL na C\u00e2mara dos Deputados, S\u00f3stenes Cavalcante (PL-RJ);<\/li>\n<li>Deputado federal Guilherme Derrite (PL-SP);<\/li>\n<li>Pastor Silas Malafaia.<\/li>\n<\/ul>\n<p>O presidente nacional do PL, Valdemar Costa Neto, participou da manifesta\u00e7\u00e3o, mas n\u00e3o discursou. Ele s\u00f3 pegou o microfone para falar: <strong>\u201cVolta, Bolsonaro\u201d<\/strong>.<\/p>\n<p><strong>O discurso do ex-deputado federal Eduardo Bolsonaro foi transmitido no carro de som<\/strong>. J\u00e1 o governador de S\u00e3o Paulo, <strong>Tarc\u00edsio de Freitas (Republicanos), n\u00e3o foi \u00e0 Avenida Paulista<\/strong>, porque cumpria agenda oficial na Alemanha.<\/p>\n<p>Segundo o Monitor do Debate Pol\u00edtico, <a href=\"https:\/\/jovempan.com.br\/noticias\/politica\/ato-da-direita-na-paulista-reuniu-cerca-de-204-mil-pessoas-diz-usp.html\"><strong>cerca de 20,4 mil pessoas estiveram presentes na Avenida Paulista<\/strong><\/a>. A margem de erro \u00e9 de 12% para mais ou para menos (de 18 mil a 22,9 mil participantes). O estudo \u00e9 feito pela Universidade de S\u00e3o Paulo (USP) e pelo Centro Brasileiro de An\u00e1lise e Planejamento (Cebrap) em parceria com a organiza\u00e7\u00e3o More in Common.<\/p>\n<p><em>*Com informa\u00e7\u00f5es de Estad\u00e3o Conte\u00fado<\/em><\/p>\n<div class=\"list-related-posts\">\n<h3>Leia tamb\u00e9m<\/h3>\n<div class=\"related-posts-container\">\n<div class=\"related-post-item-container\">\n<div class=\"related-post\">\n<div class=\"img-related-box\">\n                                            <strong><a href=\"https:\/\/jovempan.com.br\/noticias\/politica\/moraes-nega-prisao-domiciliar-ao-ex-presidente-jair-bolsonaro.html\" title=\"Moraes nega pris\u00e3o domiciliar ao ex-presidente Jair Bolsonaro\"><img decoding=\"async\" src=\"https:\/\/crajubaremacao.com.br\/wp-content\/uploads\/2026\/03\/imagem-jvp-1-3.png\"><\/a><\/strong>\n                                        <\/div>\n<p>                                        <span class=\"box-the-title\"><br \/>\n                                            <strong><a href=\"https:\/\/jovempan.com.br\/noticias\/politica\/moraes-nega-prisao-domiciliar-ao-ex-presidente-jair-bolsonaro.html\" title=\"Moraes nega pris\u00e3o domiciliar ao ex-presidente Jair Bolsonaro\">Moraes nega pris\u00e3o domiciliar ao ex-presidente Jair Bolsonaro<\/a><\/strong><br \/>\n                                        <\/span>\n                                    <\/div>\n<div class=\"related-post\">\n<div class=\"img-related-box\">\n                                            <strong><a href=\"https:\/\/jovempan.com.br\/opiniao-jovem-pan\/comentaristas\/bruno-pinheiro\/meu-presidente-esta-preso-por-perseguicao-prefeito-de-cuiaba-faz-discurso-duro-no-acorda-brasil.html\" title=\"'Meu presidente est\u00e1 preso por persegui\u00e7\u00e3o': prefeito de Cuiab\u00e1 faz discurso duro no 'Acorda, Brasil'\"><img decoding=\"async\" src=\"https:\/\/crajubaremacao.com.br\/wp-content\/uploads\/2026\/03\/53039415478_fb4875a2c5_k.jpg\"><\/a><\/strong>\n                                        <\/div>\n<p>                                        <span class=\"box-the-title\"><br \/>\n                                            <strong><a href=\"https:\/\/jovempan.com.br\/opiniao-jovem-pan\/comentaristas\/bruno-pinheiro\/meu-presidente-esta-preso-por-perseguicao-prefeito-de-cuiaba-faz-discurso-duro-no-acorda-brasil.html\" title=\"'Meu presidente est\u00e1 preso por persegui\u00e7\u00e3o': prefeito de Cuiab\u00e1 faz discurso duro no 'Acorda, Brasil'\">&#8216;Meu presidente est\u00e1 preso por persegui\u00e7\u00e3o&#8217;: prefeito de Cuiab\u00e1 faz discurso duro no &#8216;Acorda, Brasil&#8217;<\/a><\/strong><br \/>\n                                        <\/span>\n                                    <\/div>\n<div class=\"related-post\">\n<div class=\"img-related-box\">\n                                            <strong><a href=\"https:\/\/jovempan.com.br\/opiniao-jovem-pan\/comentaristas\/bruno-pinheiro\/lindbergh-sobre-manifestacoes-de-nikolas-menor-ato-bolsonarista-dos-ultimos-anos.html\" title=\"Lindbergh sobre manifesta\u00e7\u00f5es de Nikolas: 'Menor ato bolsonarista dos \u00faltimos anos'\"><img decoding=\"async\" src=\"https:\/\/crajubaremacao.com.br\/wp-content\/uploads\/2026\/03\/lindbergh-farias.jpg\"><\/a><\/strong>\n                                        <\/div>\n<p>                                        <span class=\"box-the-title\"><br \/>\n                                            <strong><a href=\"https:\/\/jovempan.com.br\/opiniao-jovem-pan\/comentaristas\/bruno-pinheiro\/lindbergh-sobre-manifestacoes-de-nikolas-menor-ato-bolsonarista-dos-ultimos-anos.html\" title=\"Lindbergh sobre manifesta\u00e7\u00f5es de Nikolas: 'Menor ato bolsonarista dos \u00faltimos anos'\">Lindbergh sobre manifesta\u00e7\u00f5es de Nikolas: &#8216;Menor ato bolsonarista dos \u00faltimos anos&#8217;<\/a><\/strong><br \/>\n                                        <\/span>\n                                    <\/div>\n<\/p><\/div>\n<\/p><\/div>\n<\/p><\/div>\n<\/div>\n","protected":false},"excerpt":{"rendered":"<p>A ex-primeira-dama Michelle Bolsonaro disse nesta segunda-feira (2) que passou por um \u201cpequeno procedimento cir\u00fargico\u201d. Por meio de publica\u00e7\u00e3o nos stories do Instagram, a presidente da ala feminina do Partido Liberal (PL) afirmou que est\u00e1 bem e, \u201csalvo algumas restri\u00e7\u00f5es\u201d, continuar\u00e1 com suas atividades normalmente. Michelle tamb\u00e9m agradeceu pela \u201cpreocupa\u00e7\u00e3o, pelo carinho e pelas ora\u00e7\u00f5es\u201d. [&hellip;]<\/p>\n","protected":false},"author":117,"featured_media":66197,"comment_status":"closed","ping_status":"closed","sticky":false,"template":"","format":"standard","meta":{"_themeisle_gutenberg_block_has_review":false,"_jetpack_memberships_contains_paid_content":false,"footnotes":""},"categories":[2],"tags":[150],"class_list":{"0":"post-66196","1":"post","2":"type-post","3":"status-publish","4":"format-standard","5":"has-post-thumbnail","7":"category-brasil","8":"tag-brasil"},"jetpack_featured_media_url":"https:\/\/crajubaremacao.com.br\/wp-content\/uploads\/2026\/03\/af820250712011-750x500-1.jpg","jetpack_sharing_enabled":true,"_links":{"self":[{"href":"https:\/\/crajubaremacao.com.br\/index.php?rest_route=\/wp\/v2\/posts\/66196","targetHints":{"allow":["GET"]}}],"collection":[{"href":"https:\/\/crajubaremacao.com.br\/index.php?rest_route=\/wp\/v2\/posts"}],"about":[{"href":"https:\/\/crajubaremacao.com.br\/index.php?rest_route=\/wp\/v2\/types\/post"}],"author":[{"embeddable":true,"href":"https:\/\/crajubaremacao.com.br\/index.php?rest_route=\/wp\/v2\/users\/117"}],"replies":[{"embeddable":true,"href":"https:\/\/crajubaremacao.com.br\/index.php?rest_route=%2Fwp%2Fv2%2Fcomments&post=66196"}],"version-history":[{"count":0,"href":"https:\/\/crajubaremacao.com.br\/index.php?rest_route=\/wp\/v2\/posts\/66196\/revisions"}],"wp:featuredmedia":[{"embeddable":true,"href":"https:\/\/crajubaremacao.com.br\/index.php?rest_route=\/wp\/v2\/media\/66197"}],"wp:attachment":[{"href":"https:\/\/crajubaremacao.com.br\/index.php?rest_route=%2Fwp%2Fv2%2Fmedia&parent=66196"}],"wp:term":[{"taxonomy":"category","embeddable":true,"href":"https:\/\/crajubaremacao.com.br\/index.php?rest_route=%2Fwp%2Fv2%2Fcategories&post=66196"},{"taxonomy":"post_tag","embeddable":true,"href":"https:\/\/crajubaremacao.com.br\/index.php?rest_route=%2Fwp%2Fv2%2Ftags&post=66196"}],"curies":[{"name":"wp","href":"https:\/\/api.w.org\/{rel}","templated":true}]}}