{"id":66210,"date":"2026-03-03T00:04:18","date_gmt":"2026-03-03T03:04:18","guid":{"rendered":"https:\/\/crajubaremacao.com.br\/?p=66210"},"modified":"2026-03-03T00:04:18","modified_gmt":"2026-03-03T03:04:18","slug":"homem-e-preso-apos-esfaquear-e-matar-vitima-no-terminal-da-lapa-em-sao-paulo","status":"publish","type":"post","link":"https:\/\/crajubaremacao.com.br\/?p=66210","title":{"rendered":"Homem \u00e9 preso ap\u00f3s esfaquear e matar v\u00edtima no Terminal da Lapa em S\u00e3o Paulo"},"content":{"rendered":"<div>\n<div style=\"margin-bottom: 15px;\"><img decoding=\"async\" class=\"type:primaryImage\" src=\"https:\/\/crajubaremacao.com.br\/wp-content\/uploads\/2026\/03\/terminal-da-lapa-750x423-1.jpg\"><\/div>\n<p><?xml encoding=\"UTF-8\"><\/p>\n<p>Um<strong> homem de 49 anos foi esfaqueado e morto<\/strong> na madrugada desta segunda-feira (2) no Terminal da Lapa na Zona Oeste de S\u00e3o Paulo. O homem de 53 anos, suspeito da autoria do crime, <strong>foi preso em flagrante.<\/strong><\/p>\n<p>A Secretaria de Seguran\u00e7a P\u00fablica (SSP) informou que a per\u00edcia t\u00e9cnica foi solicitada e as imagens do sistema de monitoramento do terminal foram analisadas e <strong>confirmaram quem cometeu o crime.<\/strong><\/p>\n<p>A pris\u00e3o em flagrante <strong>foi convertida em pris\u00e3o preventiva,<\/strong> conforme representa\u00e7\u00e3o da autoridade policial, que considerou a gravidade do crime e os antecedentes do investigado. A apura\u00e7\u00e3o seguir\u00e1 sob responsabilidade da Pol\u00edcia Civil.<\/p>\n<p>O boletim de ocorr\u00eancia mostrou que <strong>policiais militares foram acionados por volta das 3h50<\/strong> para uma ocorr\u00eancia de agress\u00e3o. Por\u00e9m, ao chegarem no local, encontraram a v\u00edtima ca\u00edda no ch\u00e3o, <strong>j\u00e1 sem sinais vitais,<\/strong> e o suspeito detido nas imedia\u00e7\u00f5es da Pra\u00e7a Miguel Dell\u2019Erba. Testemunhas presentes no local teriam ido atr\u00e1s do criminoso logo ap\u00f3s o ocorrido e o imobilizado at\u00e9 que a Pol\u00edcia Militar (PM) chegasse.<\/p>\n<p>Em nota, a Secretaria de Comunica\u00e7\u00e3o Social (SECOM) disse que a Guarda Civil Metropolitana (GCM), da Secretaria Municipal de Seguran\u00e7a Urbana (SMSU), foi acionada para a ocorr\u00eancia, mas, ao chegar no local, a PM j\u00e1 conduzia o caso.<\/p>\n<p>\u201cA Secretaria Municipal da Sa\u00fade (SMS), por meio do Servi\u00e7o de Atendimento M\u00f3vel de Urg\u00eancia (Samu), atendeu ao chamado e <strong>constatou, no local, o \u00f3bito de um homem.<\/strong> A gest\u00e3o municipal lamenta a perda\u201d, completou a SECOM.<\/p>\n<p>Sobre o funcionamento das condu\u00e7\u00f5es, a Secretaria Municipal de Mobilidade Urbana e Transporte e a SPTrans disseram que a <strong>opera\u00e7\u00e3o dos \u00f4nibus no Terminal Lapa est\u00e1 normalizada<\/strong>. A \u00fanica mudan\u00e7a ocorreu no embarque e desembarque de passageiros da linha 8003\/10 Rem\u00e9dios \u2013 Term. Lapa, que foram realizados somente nesta segunda-feira, na Plataforma 1, das 4h \u00e0s 10h.<\/p>\n<div class=\"list-related-posts\">\n<h3>Leia tamb\u00e9m<\/h3>\n<div class=\"related-posts-container\">\n<div class=\"related-post-item-container\">\n<div class=\"related-post\">\n<div class=\"img-related-box\">\n                                            <strong><a href=\"https:\/\/jovempan.com.br\/noticias\/brasil\/medico-e-advogado-sao-esfaqueados-no-centro-de-sao-paulo.html\" title=\"M\u00e9dico e advogado s\u00e3o esfaqueados no centro de S\u00e3o Paulo\"><img decoding=\"async\" src=\"https:\/\/crajubaremacao.com.br\/wp-content\/uploads\/2026\/03\/captura-de-tela-2026-02-13-13322.png\"><\/a><\/strong>\n                                        <\/div>\n<p>                                        <span class=\"box-the-title\"><br \/>\n                                            <strong><a href=\"https:\/\/jovempan.com.br\/noticias\/brasil\/medico-e-advogado-sao-esfaqueados-no-centro-de-sao-paulo.html\" title=\"M\u00e9dico e advogado s\u00e3o esfaqueados no centro de S\u00e3o Paulo\">M\u00e9dico e advogado s\u00e3o esfaqueados no centro de S\u00e3o Paulo<\/a><\/strong><br \/>\n                                        <\/span>\n                                    <\/div>\n<div class=\"related-post\">\n<div class=\"img-related-box\">\n                                            <strong><a href=\"https:\/\/jovempan.com.br\/noticias\/brasil\/soldado-confessa-ter-esfaqueado-e-incendiado-cabo-do-exercito.html\" title=\"Soldado confessa ter esfaqueado e incendiado cabo do Ex\u00e9rcito\"><img decoding=\"async\" src=\"https:\/\/crajubaremacao.com.br\/wp-content\/uploads\/2026\/03\/1_whatsapp-image-2025-12-06-at-12-32-05-1-61799106.jpg\"><\/a><\/strong>\n                                        <\/div>\n<p>                                        <span class=\"box-the-title\"><br \/>\n                                            <strong><a href=\"https:\/\/jovempan.com.br\/noticias\/brasil\/soldado-confessa-ter-esfaqueado-e-incendiado-cabo-do-exercito.html\" title=\"Soldado confessa ter esfaqueado e incendiado cabo do Ex\u00e9rcito\">Soldado confessa ter esfaqueado e incendiado cabo do Ex\u00e9rcito<\/a><\/strong><br \/>\n                                        <\/span>\n                                    <\/div>\n<div class=\"related-post\">\n<div class=\"img-related-box\">\n                                            <strong><a href=\"https:\/\/jovempan.com.br\/noticias\/brasil\/policial-e-esfaqueado-reage-e-mata-suspeito-em-tentativa-de-assalto-na-oscar-freire.html\" title=\"Policial \u00e9 esfaqueado, reage e mata suspeito em tentativa de assalto na Oscar Freire\"><img decoding=\"async\" src=\"https:\/\/crajubaremacao.com.br\/wp-content\/uploads\/2026\/03\/cameras_uniformes_de_policiais_militares_sao_paulo_rvrsa_abr_2804223633_0.jpg\"><\/a><\/strong>\n                                        <\/div>\n<p>                                        <span class=\"box-the-title\"><br \/>\n                                            <strong><a href=\"https:\/\/jovempan.com.br\/noticias\/brasil\/policial-e-esfaqueado-reage-e-mata-suspeito-em-tentativa-de-assalto-na-oscar-freire.html\" title=\"Policial \u00e9 esfaqueado, reage e mata suspeito em tentativa de assalto na Oscar Freire\">Policial \u00e9 esfaqueado, reage e mata suspeito em tentativa de assalto na Oscar Freire<\/a><\/strong><br \/>\n                                        <\/span>\n                                    <\/div>\n<\/p><\/div>\n<\/p><\/div>\n<\/p><\/div>\n<\/div>\n","protected":false},"excerpt":{"rendered":"<p>Um homem de 49 anos foi esfaqueado e morto na madrugada desta segunda-feira (2) no Terminal da Lapa na Zona Oeste de S\u00e3o Paulo. O homem de 53 anos, suspeito da autoria do crime, foi preso em flagrante. A Secretaria de Seguran\u00e7a P\u00fablica (SSP) informou que a per\u00edcia t\u00e9cnica foi solicitada e as imagens do [&hellip;]<\/p>\n","protected":false},"author":117,"featured_media":66211,"comment_status":"closed","ping_status":"closed","sticky":false,"template":"","format":"standard","meta":{"_themeisle_gutenberg_block_has_review":false,"_jetpack_memberships_contains_paid_content":false,"footnotes":""},"categories":[2],"tags":[150],"class_list":{"0":"post-66210","1":"post","2":"type-post","3":"status-publish","4":"format-standard","5":"has-post-thumbnail","7":"category-brasil","8":"tag-brasil"},"jetpack_featured_media_url":"https:\/\/crajubaremacao.com.br\/wp-content\/uploads\/2026\/03\/terminal-da-lapa-750x423-1.jpg","jetpack_sharing_enabled":true,"_links":{"self":[{"href":"https:\/\/crajubaremacao.com.br\/index.php?rest_route=\/wp\/v2\/posts\/66210","targetHints":{"allow":["GET"]}}],"collection":[{"href":"https:\/\/crajubaremacao.com.br\/index.php?rest_route=\/wp\/v2\/posts"}],"about":[{"href":"https:\/\/crajubaremacao.com.br\/index.php?rest_route=\/wp\/v2\/types\/post"}],"author":[{"embeddable":true,"href":"https:\/\/crajubaremacao.com.br\/index.php?rest_route=\/wp\/v2\/users\/117"}],"replies":[{"embeddable":true,"href":"https:\/\/crajubaremacao.com.br\/index.php?rest_route=%2Fwp%2Fv2%2Fcomments&post=66210"}],"version-history":[{"count":0,"href":"https:\/\/crajubaremacao.com.br\/index.php?rest_route=\/wp\/v2\/posts\/66210\/revisions"}],"wp:featuredmedia":[{"embeddable":true,"href":"https:\/\/crajubaremacao.com.br\/index.php?rest_route=\/wp\/v2\/media\/66211"}],"wp:attachment":[{"href":"https:\/\/crajubaremacao.com.br\/index.php?rest_route=%2Fwp%2Fv2%2Fmedia&parent=66210"}],"wp:term":[{"taxonomy":"category","embeddable":true,"href":"https:\/\/crajubaremacao.com.br\/index.php?rest_route=%2Fwp%2Fv2%2Fcategories&post=66210"},{"taxonomy":"post_tag","embeddable":true,"href":"https:\/\/crajubaremacao.com.br\/index.php?rest_route=%2Fwp%2Fv2%2Ftags&post=66210"}],"curies":[{"name":"wp","href":"https:\/\/api.w.org\/{rel}","templated":true}]}}