{"id":66225,"date":"2026-03-03T05:04:58","date_gmt":"2026-03-03T08:04:58","guid":{"rendered":"https:\/\/crajubaremacao.com.br\/?p=66225"},"modified":"2026-03-03T05:04:58","modified_gmt":"2026-03-03T08:04:58","slug":"ceara-tem-a-menor-taxa-anual-de-desemprego-desde-2012-aponta-estudo-do-ipece","status":"publish","type":"post","link":"https:\/\/crajubaremacao.com.br\/?p=66225","title":{"rendered":"Cear\u00e1 tem a menor taxa anual de desemprego desde 2012, aponta estudo do Ipece"},"content":{"rendered":"<div>\n<p><a href=\"https:\/\/www.ceara.gov.br\/2026\/03\/02\/ceara-tem-a-menor-taxa-anual-de-desemprego-desde-2012-aponta-estudo-do-ipece\/sine-idt-19\/\" rel=\"attachment wp-att-313193\"><img fetchpriority=\"high\" fetchpriority=\"high\" decoding=\"async\" class=\"size-full wp-image-313193\" src=\"https:\/\/www.ceara.gov.br\/wp-content\/uploads\/2026\/03\/211210_SINE-IDT_TF_0180-2048x1365-1.jpg\" alt=\"\" width=\"2048\" height=\"1365\" srcset=\"https:\/\/www.ceara.gov.br\/wp-content\/uploads\/2026\/03\/211210_SINE-IDT_TF_0180-2048x1365-1.jpg 2048w, https:\/\/www.ceara.gov.br\/wp-content\/uploads\/2026\/03\/211210_SINE-IDT_TF_0180-2048x1365-1-600x400.jpg 600w, https:\/\/www.ceara.gov.br\/wp-content\/uploads\/2026\/03\/211210_SINE-IDT_TF_0180-2048x1365-1-1200x800.jpg 1200w, https:\/\/www.ceara.gov.br\/wp-content\/uploads\/2026\/03\/211210_SINE-IDT_TF_0180-2048x1365-1-768x512.jpg 768w, https:\/\/www.ceara.gov.br\/wp-content\/uploads\/2026\/03\/211210_SINE-IDT_TF_0180-2048x1365-1-1536x1024.jpg 1536w\" sizes=\"(max-width: 2048px) 100vw, 2048px\"><\/a><\/p>\n<p>Em 2025, o desemprego no Cear\u00e1 atingiu o menor valor de toda a s\u00e9rie hist\u00f3rica 2012\/2025: 6,5%, tendo recuado 0,5 pontos percentuais (p.p) em rela\u00e7\u00e3o a 2024. O resultado cearense \u00e9 ligeiramente acima do nacional no ano passado, de 5,6%, mas, no entanto, \u00e9 bem abaixo do \u00edndice de desemprego no Nordeste: de 7,9%. Em 2021, ap\u00f3s pandemia (Covid 19), a taxa de desemprego no Cear\u00e1 tem ca\u00eddo: 9,5% em 2022; 8,5% em 2023 e para 7% em 2024.<\/p>\n<p>Os bons n\u00fameros da queda do desemprego no Cear\u00e1 est\u00e3o no Enfoque Econ\u00f4mico (N\u00ba 315 \u2013 fevereiro de 2025) \u2013 Mercado de Trabalho Cearense Atinge M\u00ednima Hist\u00f3rica no Ano de 2025), que acaba de ser publicado pela Diretoria de Estudos Econ\u00f4micos (Diec) do Instituto de Pesquisa e Estrat\u00e9gia Econ\u00f4mica do Cear\u00e1 (Ipece). O estudo tem como autor o analista de Pol\u00edticas P\u00fablicas Daniel Suliano.<\/p>\n<p>Ap\u00f3s a m\u00e1xima de 14% em 2021 \u2013 explica o Analista -, a taxa de desocupa\u00e7\u00e3o cearense vem exibindo uma trajet\u00f3ria de redu\u00e7\u00e3o paulatina, consistente com a normaliza\u00e7\u00e3o p\u00f3spandemia. Antes do per\u00edodo pand\u00eamico, a menor taxa no Estado havia sido alcan\u00e7ada em 2014, quando atingiu 7,1%, ao seguir uma sequ\u00eancia de queda tendo em conta que, em 2012 e 2013, as taxas haviam sido de 7,8% e 7,7%, respectivamente.<\/p>\n<p>Daniel Suliano informa que o indicador, em 2022, j\u00e1 havia ca\u00eddo para 9,5%, um recuo impressionante de 4,4 pontos percentuais quando comparado ao ano anterior, ficando em um patamar de 8,5%, em 2023, o que sinaliza novamente uma queda persistente, cen\u00e1rio que tamb\u00e9m ocorre em 2024, ao situar-se em 7%.<\/p>\n<p>Daniel, destaca ainda que a economia brasileira de acordo com os comunicados do Copom do Banco Central, em dezembro de 2025, tem apresentado um mercado de trabalho que mostra resili\u00eancia operando, assim, em ritmo de pleno emprego ou at\u00e9 mesmo acima dele. O trabalho completo j\u00e1 pode ser acessado na p\u00e1gina do Ipece.<\/p>\n<p>O post <a href=\"https:\/\/www.ceara.gov.br\/2026\/03\/02\/ceara-tem-a-menor-taxa-anual-de-desemprego-desde-2012-aponta-estudo-do-ipece\/\">Cear\u00e1 tem a menor taxa anual de desemprego desde 2012, aponta estudo do Ipece<\/a> apareceu primeiro em <a href=\"https:\/\/www.ceara.gov.br\/\">Governo do Estado do Cear\u00e1<\/a>.<\/p>\n<\/div>\n","protected":false},"excerpt":{"rendered":"<p>Em 2025, o desemprego no Cear\u00e1 atingiu o menor valor de toda a s\u00e9rie hist\u00f3rica 2012\/2025: 6,5%, tendo recuado 0,5 pontos percentuais (p.p) em rela\u00e7\u00e3o a 2024. O resultado cearense \u00e9 ligeiramente acima do nacional no ano passado, de 5,6%, mas, no entanto, \u00e9 bem abaixo do \u00edndice de desemprego no Nordeste: de 7,9%. Em [&hellip;]<\/p>\n","protected":false},"author":265,"featured_media":66226,"comment_status":"closed","ping_status":"closed","sticky":false,"template":"","format":"standard","meta":{"_themeisle_gutenberg_block_has_review":false,"_jetpack_memberships_contains_paid_content":false,"footnotes":""},"categories":[4],"tags":[127,130],"class_list":{"0":"post-66225","1":"post","2":"type-post","3":"status-publish","4":"format-standard","5":"has-post-thumbnail","7":"category-regiao","8":"tag-cariri","9":"tag-ceara"},"jetpack_featured_media_url":"https:\/\/crajubaremacao.com.br\/wp-content\/uploads\/2026\/03\/211210_SINE-IDT_TF_0180-2048x1365-1.jpg","jetpack_sharing_enabled":true,"_links":{"self":[{"href":"https:\/\/crajubaremacao.com.br\/index.php?rest_route=\/wp\/v2\/posts\/66225","targetHints":{"allow":["GET"]}}],"collection":[{"href":"https:\/\/crajubaremacao.com.br\/index.php?rest_route=\/wp\/v2\/posts"}],"about":[{"href":"https:\/\/crajubaremacao.com.br\/index.php?rest_route=\/wp\/v2\/types\/post"}],"author":[{"embeddable":true,"href":"https:\/\/crajubaremacao.com.br\/index.php?rest_route=\/wp\/v2\/users\/265"}],"replies":[{"embeddable":true,"href":"https:\/\/crajubaremacao.com.br\/index.php?rest_route=%2Fwp%2Fv2%2Fcomments&post=66225"}],"version-history":[{"count":0,"href":"https:\/\/crajubaremacao.com.br\/index.php?rest_route=\/wp\/v2\/posts\/66225\/revisions"}],"wp:featuredmedia":[{"embeddable":true,"href":"https:\/\/crajubaremacao.com.br\/index.php?rest_route=\/wp\/v2\/media\/66226"}],"wp:attachment":[{"href":"https:\/\/crajubaremacao.com.br\/index.php?rest_route=%2Fwp%2Fv2%2Fmedia&parent=66225"}],"wp:term":[{"taxonomy":"category","embeddable":true,"href":"https:\/\/crajubaremacao.com.br\/index.php?rest_route=%2Fwp%2Fv2%2Fcategories&post=66225"},{"taxonomy":"post_tag","embeddable":true,"href":"https:\/\/crajubaremacao.com.br\/index.php?rest_route=%2Fwp%2Fv2%2Ftags&post=66225"}],"curies":[{"name":"wp","href":"https:\/\/api.w.org\/{rel}","templated":true}]}}