{"id":66229,"date":"2026-03-03T06:06:10","date_gmt":"2026-03-03T09:06:10","guid":{"rendered":"https:\/\/crajubaremacao.com.br\/?p=66229"},"modified":"2026-03-03T06:06:10","modified_gmt":"2026-03-03T09:06:10","slug":"israel-faz-operacoes-militares-ao-longo-da-fronteira-com-o-libano-diz-agencia-ministro-diz-ter-autorizado-avanco-terrestre","status":"publish","type":"post","link":"https:\/\/crajubaremacao.com.br\/?p=66229","title":{"rendered":"Israel faz opera\u00e7\u00f5es militares ao longo da fronteira com o L\u00edbano, diz ag\u00eancia; ministro diz ter autorizado avan\u00e7o terrestre"},"content":{"rendered":"<div>Israel bombardeia grupo Hezbollah no L\u00edbano<br \/>\nO Ex\u00e9rcito de Israel est\u00e1 realizando opera\u00e7\u00f5es militares ao longo da fronteira com o L\u00edbano nesta ter\u00e7a-feira (3), segundo a ag\u00eancia de not\u00edcias Reuters. O ministro da Defesa israelense, Israel Katz, disse ter autorizado o avan\u00e7o de tropas para &#8220;assumir o controle de posi\u00e7\u00f5es adicionais no L\u00edbano&#8221;.<br \/>\n&#x2705; Siga o canal de not\u00edcias internacionais do g1 no WhatsApp<br \/>\nAO VIVO: ACOMPANHE a cobertura sobre o conflito em tempo real<br \/>\n&#8220;O primeiro-ministro Benjamin Netanyahu e eu autorizamos as For\u00e7as de Defesa de Israel (IDF) a avan\u00e7ar e ocupar posi\u00e7\u00f5es dominantes adicionais no L\u00edbano, a fim de impedir disparos contra as comunidades israelenses na fronteira&#8221;, afirmou Katz em comunicado.<br \/>\nAs opera\u00e7\u00f5es terrestres ocorrem em meio a uma maior mobiliza\u00e7\u00e3o de tropas e aparatos militares por Israel ao longo da fronteira com o L\u00edbano ocorrida nos \u00faltimos dias, o que d\u00e1 ind\u00edcios de que Israel pode fazer uma invas\u00e3o terrestre ao pa\u00eds vizinho.<br \/>\nAl\u00e9m disso, Israel convocou cerca de 100 mil reservistas desde s\u00e1bado e tem enviado uma parte deles para a fronteira com o L\u00edbano, ao norte. O governo liban\u00eas tamb\u00e9m afirmou que retirou seu Ex\u00e9rcito de regi\u00f5es ao sul do pa\u00eds.<br \/>\nIsrael est\u00e1 combatendo o grupo rebelde Hezbollah, com o qual tinha um cessar-fogo desde outubro de 2024. A tr\u00e9gua foi quebrada ap\u00f3s o grupo liban\u00eas ter disparado m\u00edsseis contra o norte de Israel no domingo. Desde ent\u00e3o, Israel tem realizado bombardeios contra o sul do L\u00edbano e tamb\u00e9m contra a capital Beirute, que foi atacada na segunda e tamb\u00e9m nesta ter\u00e7a-feira.<br \/>\nO confronto Israel x Hezbollah \u00e9 mais um foco da guerra no Oriente M\u00e9dio, que se alastrou para al\u00e9m do conflito entre EUA, Israel e Ir\u00e3, que come\u00e7ou no s\u00e1bado ap\u00f3s bombardeios em territ\u00f3rio iraniano que mataram o l\u00edder supremo Ali Khamenei e autoridades militares do pa\u00eds (leia mais abaixo).<br \/>\nAs incurs\u00f5es reveladas por uma autoridade libanesa \u00e0 Reuters e o aumento de tropas ao longo da fronteira com o L\u00edbano d\u00e3o ind\u00edcios de que Israel pode invadir o pa\u00eds vizinho por terra nas pr\u00f3ximas horas ou dias.<br \/>\nAs for\u00e7as israelenses ocupam cinco posi\u00e7\u00f5es no sul do L\u00edbano desde novembro de 2024, mesma \u00e9poca em que Israel e o Hezbollah assinaram um cessar-fogo em seu conflito.<br \/>\nGuerra EUA e Israel x Ir\u00e3<br \/>\nOs bastidores das a\u00e7\u00f5es de Israel contra a produ\u00e7\u00e3o de armas at\u00f4micas no Ir\u00e3<br \/>\nEstados Unidos e Israel lan\u00e7aram um grande ataque contra o Ir\u00e3 na manh\u00e3 de s\u00e1bado (28), o que deflagrou uma guerra entre os tr\u00eas pa\u00edses. Explos\u00f5es foram registradas na capital Teer\u00e3 e em diversas outras cidades iranianas.<br \/>\nOs bombardeios mataram o l\u00edder supremo do Ir\u00e3, o aiatol\u00e1 Ali Khamenei, e outros membros de alto escal\u00e3o da c\u00fapula militar e de governo iraniano. Ao todo, 555 pessoas foram mortas desde o in\u00edcio dos ataques ao pa\u00eds, afirmou a organiza\u00e7\u00e3o humanit\u00e1ria Crescente Vermelho do Ir\u00e3 em atualiza\u00e7\u00e3o nesta segunda-feira (2).<br \/>\nEm resposta aos ataques dos EUA e de Israel, o Ir\u00e3 disparou m\u00edsseis contra o territ\u00f3rio israelense e contra bases militares norte-americanas no Oriente M\u00e9dio. Essa troca de ataques continua desde ent\u00e3o, com bombardeios di\u00e1rios contra Israel e Ir\u00e3, e sendo presenciados em outros pa\u00edses da regi\u00e3o.<br \/>\nOs EUA informaram no domingo que tr\u00eas militares do pa\u00eds foram mortos desde o in\u00edcio da guerra, e Trump prometeu &#8220;ving\u00e1-los&#8221;.<br \/>\n&#8220;Infelizmente, haver\u00e1 mais [mortes] antes que [a guerra] acabe. Mas os Estados Unidos v\u00e3o vingar seus mortos e desferir o golpe mais devastador aos terroristas que travam uma guerra, basicamente, contra a civiliza\u00e7\u00e3o&#8221;, afirmou o presidente dos EUA no domingo.<\/div>\n","protected":false},"excerpt":{"rendered":"<p>Israel bombardeia grupo Hezbollah no L\u00edbano O Ex\u00e9rcito de Israel est\u00e1 realizando opera\u00e7\u00f5es militares ao longo da fronteira com o L\u00edbano nesta ter\u00e7a-feira (3), segundo a ag\u00eancia de not\u00edcias Reuters. O ministro da Defesa israelense, Israel Katz, disse ter autorizado o avan\u00e7o de tropas para &#8220;assumir o controle de posi\u00e7\u00f5es adicionais no L\u00edbano&#8221;. &#x2705; Siga [&hellip;]<\/p>\n","protected":false},"author":261,"featured_media":0,"comment_status":"closed","ping_status":"closed","sticky":false,"template":"","format":"standard","meta":{"_themeisle_gutenberg_block_has_review":false,"_jetpack_memberships_contains_paid_content":false,"footnotes":""},"categories":[5],"tags":[155],"class_list":{"0":"post-66229","1":"post","2":"type-post","3":"status-publish","4":"format-standard","6":"category-internacionais","7":"tag-mundo"},"jetpack_featured_media_url":"","jetpack_sharing_enabled":true,"_links":{"self":[{"href":"https:\/\/crajubaremacao.com.br\/index.php?rest_route=\/wp\/v2\/posts\/66229","targetHints":{"allow":["GET"]}}],"collection":[{"href":"https:\/\/crajubaremacao.com.br\/index.php?rest_route=\/wp\/v2\/posts"}],"about":[{"href":"https:\/\/crajubaremacao.com.br\/index.php?rest_route=\/wp\/v2\/types\/post"}],"author":[{"embeddable":true,"href":"https:\/\/crajubaremacao.com.br\/index.php?rest_route=\/wp\/v2\/users\/261"}],"replies":[{"embeddable":true,"href":"https:\/\/crajubaremacao.com.br\/index.php?rest_route=%2Fwp%2Fv2%2Fcomments&post=66229"}],"version-history":[{"count":0,"href":"https:\/\/crajubaremacao.com.br\/index.php?rest_route=\/wp\/v2\/posts\/66229\/revisions"}],"wp:attachment":[{"href":"https:\/\/crajubaremacao.com.br\/index.php?rest_route=%2Fwp%2Fv2%2Fmedia&parent=66229"}],"wp:term":[{"taxonomy":"category","embeddable":true,"href":"https:\/\/crajubaremacao.com.br\/index.php?rest_route=%2Fwp%2Fv2%2Fcategories&post=66229"},{"taxonomy":"post_tag","embeddable":true,"href":"https:\/\/crajubaremacao.com.br\/index.php?rest_route=%2Fwp%2Fv2%2Ftags&post=66229"}],"curies":[{"name":"wp","href":"https:\/\/api.w.org\/{rel}","templated":true}]}}