{"id":66234,"date":"2026-03-03T09:04:05","date_gmt":"2026-03-03T12:04:05","guid":{"rendered":"https:\/\/crajubaremacao.com.br\/?p=66234"},"modified":"2026-03-03T09:04:05","modified_gmt":"2026-03-03T12:04:05","slug":"filipe-luis-e-demitido-do-flamengo","status":"publish","type":"post","link":"https:\/\/crajubaremacao.com.br\/?p=66234","title":{"rendered":"Filipe Lu\u00eds \u00e9 demitido do Flamengo"},"content":{"rendered":"<div>\n<div style=\"margin-bottom: 15px;\"><img decoding=\"async\" class=\"type:primaryImage\" src=\"https:\/\/jpimg.com.br\/uploads\/2025\/05\/agf20250511039-750x500.jpg\"><\/div>\n<p><?xml encoding=\"UTF-8\"><\/p>\n<p>O Flamengo anunciou, na madrugada desta ter\u00e7a-feira (3), a <strong>demiss\u00e3o do t\u00e9cnico Filipe Lu\u00eds<\/strong>. A divulga\u00e7\u00e3o aconteceu <strong>ap\u00f3s a goleada por 8 x 0<\/strong> do Rubro-Negro, em cima do Madureira, pelo Campeonato Carioca. Com o resultado, a equipe est\u00e1 <strong>classificada \u00e0 final da competi\u00e7\u00e3o<\/strong>, onde enfrenta o Fluminense.<\/p>\n<p>O clube informou que, junto com o Filipe, Ivan Palanco (auxiliar t\u00e9cnico) e Diogo Linhares (preparador f\u00edsico) tamb\u00e9m deixam a G\u00e1vea.<\/p>\n<p>Filipe Lu\u00eds sai do Flamengo como o <strong>segundo t\u00e9cnico mais vitorioso da hist\u00f3ria do clube<\/strong>, empatado com Jorge Jesus e Fl\u00e1vio Costa. Conquistou <strong>cinco t\u00edtulos<\/strong>: Copa do Brasil 2024, Supercopa 2025, Carioca 2025, Libertadores 2025 e Brasileir\u00e3o 2025. Ele comandou o rubro-negro em <strong>101 jogos<\/strong>, com <strong>63 vit\u00f3rias<\/strong>, <strong>23 empates<\/strong> e <strong>15 derrotas<\/strong>, cinco delas em 2026, e um <strong>aproveitamento de 69,9%<\/strong>.<\/p>\n<div class=\"list-related-posts\">\n<h3>Leia tamb\u00e9m<\/h3>\n<div class=\"related-posts-container\">\n<div class=\"related-post-item-container\">\n<div class=\"related-post\">\n<div class=\"img-related-box\">\n                                            <strong><a href=\"https:\/\/jovempan.com.br\/opiniao-jovem-pan\/comentaristas\/thiago-uberreich-comentaristas\/sbt-e-record-transmitiram-em-conjunto-a-copa-de-1986-unidos-venceremos.html\" title=\"SBT e Record transmitiram em conjunto a Copa de 1986: 'Unidos venceremos'\"><img decoding=\"async\" src=\"https:\/\/jpimg.com.br\/uploads\/2026\/03\/whatsapp-image-2026-03-02-at-12.01.27.jpeg\"><\/a><\/strong>\n                                        <\/div>\n<p>                                        <span class=\"box-the-title\"><br \/>\n                                            <strong><a href=\"https:\/\/jovempan.com.br\/opiniao-jovem-pan\/comentaristas\/thiago-uberreich-comentaristas\/sbt-e-record-transmitiram-em-conjunto-a-copa-de-1986-unidos-venceremos.html\" title=\"SBT e Record transmitiram em conjunto a Copa de 1986: 'Unidos venceremos'\">SBT e Record transmitiram em conjunto a Copa de 1986: &#8216;Unidos venceremos&#8217;<\/a><\/strong><br \/>\n                                        <\/span>\n                                    <\/div>\n<div class=\"related-post\">\n<div class=\"img-related-box\">\n                                            <strong><a href=\"https:\/\/jovempan.com.br\/esportes\/futebol\/clube-carioca-afasta-jogador-suspeito-de-estuprar-adolescente-em-copacabana.html\" title=\"Clube carioca afasta jogador suspeito de estuprar adolescente em Copacabana\"><img decoding=\"async\" src=\"https:\/\/jpimg.com.br\/uploads\/2026\/03\/joao-gabriel-.jpg\"><\/a><\/strong>\n                                        <\/div>\n<p>                                        <span class=\"box-the-title\"><br \/>\n                                            <strong><a href=\"https:\/\/jovempan.com.br\/esportes\/futebol\/clube-carioca-afasta-jogador-suspeito-de-estuprar-adolescente-em-copacabana.html\" title=\"Clube carioca afasta jogador suspeito de estuprar adolescente em Copacabana\">Clube carioca afasta jogador suspeito de estuprar adolescente em Copacabana<\/a><\/strong><br \/>\n                                        <\/span>\n                                    <\/div>\n<\/p><\/div>\n<\/p><\/div>\n<\/p><\/div>\n<\/div>\n","protected":false},"excerpt":{"rendered":"<p>O Flamengo anunciou, na madrugada desta ter\u00e7a-feira (3), a demiss\u00e3o do t\u00e9cnico Filipe Lu\u00eds. A divulga\u00e7\u00e3o aconteceu ap\u00f3s a goleada por 8 x 0 do Rubro-Negro, em cima do Madureira, pelo Campeonato Carioca. Com o resultado, a equipe est\u00e1 classificada \u00e0 final da competi\u00e7\u00e3o, onde enfrenta o Fluminense. O clube informou que, junto com o [&hellip;]<\/p>\n","protected":false},"author":260,"featured_media":66235,"comment_status":"closed","ping_status":"closed","sticky":false,"template":"","format":"standard","meta":{"_themeisle_gutenberg_block_has_review":false,"_jetpack_memberships_contains_paid_content":false,"footnotes":""},"categories":[12],"tags":[153],"class_list":{"0":"post-66234","1":"post","2":"type-post","3":"status-publish","4":"format-standard","5":"has-post-thumbnail","7":"category-esportes","8":"tag-esportes"},"jetpack_featured_media_url":"https:\/\/crajubaremacao.com.br\/wp-content\/uploads\/2026\/03\/agf20250511039-750x500-1.jpg","jetpack_sharing_enabled":true,"_links":{"self":[{"href":"https:\/\/crajubaremacao.com.br\/index.php?rest_route=\/wp\/v2\/posts\/66234","targetHints":{"allow":["GET"]}}],"collection":[{"href":"https:\/\/crajubaremacao.com.br\/index.php?rest_route=\/wp\/v2\/posts"}],"about":[{"href":"https:\/\/crajubaremacao.com.br\/index.php?rest_route=\/wp\/v2\/types\/post"}],"author":[{"embeddable":true,"href":"https:\/\/crajubaremacao.com.br\/index.php?rest_route=\/wp\/v2\/users\/260"}],"replies":[{"embeddable":true,"href":"https:\/\/crajubaremacao.com.br\/index.php?rest_route=%2Fwp%2Fv2%2Fcomments&post=66234"}],"version-history":[{"count":0,"href":"https:\/\/crajubaremacao.com.br\/index.php?rest_route=\/wp\/v2\/posts\/66234\/revisions"}],"wp:featuredmedia":[{"embeddable":true,"href":"https:\/\/crajubaremacao.com.br\/index.php?rest_route=\/wp\/v2\/media\/66235"}],"wp:attachment":[{"href":"https:\/\/crajubaremacao.com.br\/index.php?rest_route=%2Fwp%2Fv2%2Fmedia&parent=66234"}],"wp:term":[{"taxonomy":"category","embeddable":true,"href":"https:\/\/crajubaremacao.com.br\/index.php?rest_route=%2Fwp%2Fv2%2Fcategories&post=66234"},{"taxonomy":"post_tag","embeddable":true,"href":"https:\/\/crajubaremacao.com.br\/index.php?rest_route=%2Fwp%2Fv2%2Ftags&post=66234"}],"curies":[{"name":"wp","href":"https:\/\/api.w.org\/{rel}","templated":true}]}}