{"id":66250,"date":"2026-03-03T18:00:45","date_gmt":"2026-03-03T21:00:45","guid":{"rendered":"https:\/\/crajubaremacao.com.br\/?p=66250"},"modified":"2026-03-03T18:00:45","modified_gmt":"2026-03-03T21:00:45","slug":"renato-gaucho-e-o-novo-tecnico-do-vasco","status":"publish","type":"post","link":"https:\/\/crajubaremacao.com.br\/?p=66250","title":{"rendered":"Renato Ga\u00facho \u00e9 o novo t\u00e9cnico do Vasco\u00a0"},"content":{"rendered":"<div>\n<div style=\"margin-bottom: 15px;\"><img decoding=\"async\" class=\"type:primaryImage\" src=\"https:\/\/jpimg.com.br\/uploads\/2025\/09\/renato-gaucho-em-campo-no-empate-entre-bahia-e-fluminense-foto-marcelo-goncalves-ffc-750x469.jpg\"><\/div>\n<p><?xml encoding=\"UTF-8\"><\/p>\n<p>Renato Ga\u00facho ser\u00e1 o novo treinador do Vasco para o complemento da temporada de 2026. O t<strong>\u00e9cnico de 63 anos substitui Fernando Diniz, que deixou a equipe carioca no final de fevereiro<\/strong>.\u00a0Esta ser\u00e1 a terceira passagem de Renato no time cruzmaltino. Em 2006, ele levou o clube \u00e0 final da Copa do Brasil, onde acabou superado pelo Flamengo. J\u00e1 em 2008, o treinador n\u00e3o conseguiu evitar o rebaixamento da equipe para a S\u00e9rie B do Campeonato Brasileiro.<\/p>\n<p>Depois de passar pelo futebol carioca, Renato Ga\u00facho teve destaque no Gr\u00eamio, onde conquistou uma Libertadores, uma Copa do Brasil e cinco estaduais, al\u00e9m de outros t\u00edtulos. <strong>O t\u00e9cnico estava sem clube desde setembro do ano passado, quando foi demitido do Fluminense.<\/strong><\/p>\n<p>O <strong>Vasco retorna aos gramados apenas no dia 12 de mar\u00e7o<\/strong>, quando recebe o Palmeiras, em S\u00e3o Janu\u00e1rio, pelo Brasileir\u00e3o. \u00c0s 19h30 (de Bras\u00edlia), os times se enfrentam em duelo v\u00e1lido pela quinta rodada do torneio nacional.<\/p>\n<div class=\"list-related-posts\">\n<h3>Leia tamb\u00e9m<\/h3>\n<div class=\"related-posts-container\">\n<div class=\"related-post-item-container\">\n<div class=\"related-post\">\n<div class=\"img-related-box\">\n                                            <strong><a href=\"https:\/\/jovempan.com.br\/esportes\/leonardo-jardim-e-o-novo-tecnico-do-flamengo-apos-demissao-de-filipe-luis.html\" title=\"Leonardo Jardim \u00e9 o novo t\u00e9cnico do Flamengo ap\u00f3s demiss\u00e3o de Filipe Lu\u00eds\"><img decoding=\"async\" src=\"https:\/\/jpimg.com.br\/uploads\/2025\/12\/esc20251214001.jpg\"><\/a><\/strong>\n                                        <\/div>\n<p>                                        <span class=\"box-the-title\"><br \/>\n                                            <strong><a href=\"https:\/\/jovempan.com.br\/esportes\/leonardo-jardim-e-o-novo-tecnico-do-flamengo-apos-demissao-de-filipe-luis.html\" title=\"Leonardo Jardim \u00e9 o novo t\u00e9cnico do Flamengo ap\u00f3s demiss\u00e3o de Filipe Lu\u00eds\">Leonardo Jardim \u00e9 o novo t\u00e9cnico do Flamengo ap\u00f3s demiss\u00e3o de Filipe Lu\u00eds<\/a><\/strong><br \/>\n                                        <\/span>\n                                    <\/div>\n<div class=\"related-post\">\n<div class=\"img-related-box\">\n                                            <strong><a href=\"https:\/\/jovempan.com.br\/esportes\/futebol\/filipe-luis-e-demitido-do-flamengo.html\" title=\"Filipe Lu\u00eds \u00e9 demitido do Flamengo\"><img decoding=\"async\" src=\"https:\/\/jpimg.com.br\/uploads\/2025\/05\/agf20250511039.jpg\"><\/a><\/strong>\n                                        <\/div>\n<p>                                        <span class=\"box-the-title\"><br \/>\n                                            <strong><a href=\"https:\/\/jovempan.com.br\/esportes\/futebol\/filipe-luis-e-demitido-do-flamengo.html\" title=\"Filipe Lu\u00eds \u00e9 demitido do Flamengo\">Filipe Lu\u00eds \u00e9 demitido do Flamengo<\/a><\/strong><br \/>\n                                        <\/span>\n                                    <\/div>\n<\/p><\/div>\n<\/p><\/div>\n<\/p><\/div>\n<p>*Estad\u00e3o Conte\u00fado<\/p>\n<\/div>\n","protected":false},"excerpt":{"rendered":"<p>Renato Ga\u00facho ser\u00e1 o novo treinador do Vasco para o complemento da temporada de 2026. O t\u00e9cnico de 63 anos substitui Fernando Diniz, que deixou a equipe carioca no final de fevereiro.\u00a0Esta ser\u00e1 a terceira passagem de Renato no time cruzmaltino. Em 2006, ele levou o clube \u00e0 final da Copa do Brasil, onde acabou [&hellip;]<\/p>\n","protected":false},"author":260,"featured_media":66251,"comment_status":"closed","ping_status":"closed","sticky":false,"template":"","format":"standard","meta":{"_themeisle_gutenberg_block_has_review":false,"_jetpack_memberships_contains_paid_content":false,"footnotes":""},"categories":[12],"tags":[153],"class_list":{"0":"post-66250","1":"post","2":"type-post","3":"status-publish","4":"format-standard","5":"has-post-thumbnail","7":"category-esportes","8":"tag-esportes"},"jetpack_featured_media_url":"https:\/\/crajubaremacao.com.br\/wp-content\/uploads\/2026\/03\/renato-gaucho-em-campo-no-empate-entre-bahia-e-fluminense-foto-marcelo-goncalves-ffc-750x469-1.jpg","jetpack_sharing_enabled":true,"_links":{"self":[{"href":"https:\/\/crajubaremacao.com.br\/index.php?rest_route=\/wp\/v2\/posts\/66250","targetHints":{"allow":["GET"]}}],"collection":[{"href":"https:\/\/crajubaremacao.com.br\/index.php?rest_route=\/wp\/v2\/posts"}],"about":[{"href":"https:\/\/crajubaremacao.com.br\/index.php?rest_route=\/wp\/v2\/types\/post"}],"author":[{"embeddable":true,"href":"https:\/\/crajubaremacao.com.br\/index.php?rest_route=\/wp\/v2\/users\/260"}],"replies":[{"embeddable":true,"href":"https:\/\/crajubaremacao.com.br\/index.php?rest_route=%2Fwp%2Fv2%2Fcomments&post=66250"}],"version-history":[{"count":0,"href":"https:\/\/crajubaremacao.com.br\/index.php?rest_route=\/wp\/v2\/posts\/66250\/revisions"}],"wp:featuredmedia":[{"embeddable":true,"href":"https:\/\/crajubaremacao.com.br\/index.php?rest_route=\/wp\/v2\/media\/66251"}],"wp:attachment":[{"href":"https:\/\/crajubaremacao.com.br\/index.php?rest_route=%2Fwp%2Fv2%2Fmedia&parent=66250"}],"wp:term":[{"taxonomy":"category","embeddable":true,"href":"https:\/\/crajubaremacao.com.br\/index.php?rest_route=%2Fwp%2Fv2%2Fcategories&post=66250"},{"taxonomy":"post_tag","embeddable":true,"href":"https:\/\/crajubaremacao.com.br\/index.php?rest_route=%2Fwp%2Fv2%2Ftags&post=66250"}],"curies":[{"name":"wp","href":"https:\/\/api.w.org\/{rel}","templated":true}]}}