{"id":66252,"date":"2026-03-03T18:01:00","date_gmt":"2026-03-03T21:01:00","guid":{"rendered":"https:\/\/crajubaremacao.com.br\/?p=66252"},"modified":"2026-03-03T18:01:00","modified_gmt":"2026-03-03T21:01:00","slug":"estupro-no-rj-filho-de-subsecretario-de-direitos-humanos-e-um-dos-suspeitos-do-crime","status":"publish","type":"post","link":"https:\/\/crajubaremacao.com.br\/?p=66252","title":{"rendered":"Estupro no RJ: filho de subsecret\u00e1rio de Direitos Humanos \u00e9 um dos suspeitos do crime"},"content":{"rendered":"<div>\n<div style=\"margin-bottom: 15px;\"><img decoding=\"async\" class=\"type:primaryImage\" src=\"https:\/\/crajubaremacao.com.br\/wp-content\/uploads\/2026\/03\/foto-jp-5-1-750x450-1.png\"><\/div>\n<p><?xml encoding=\"UTF-8\"><\/p>\n<p>O <strong>filho do subsecret\u00e1rio<\/strong> de Governan\u00e7a, Compliance e Gest\u00e3o Administrativa da Secretaria Estadual de Desenvolvimento Social e Direitos Humanos do Rio de Janeiro \u00e9 um dos suspeitos de<strong> <a href=\"https:\/\/jovempan.com.br\/noticias\/brasil\/estupro-coletivo-no-rj-o-que-se-sabe-sobre-crime-contra-estudante-de-17-anos.html\">participar do estupro coletivo de uma adolescente de 17 anos<\/a><\/strong>, ocorrido em 31 de janeiro, em Copacabana, na zona sul da capital fluminense. Vitor Hugo Oliveira Simonin, de 18 anos, teve a pris\u00e3o decretada pela Justi\u00e7a e \u00e9 considerado <strong>foragido<\/strong>.<\/p>\n<p>Ele \u00e9 filho de Jos\u00e9 Carlos Costa Simonin, que ocupa cargo na <strong>pasta vinculada ao governo de Cl\u00e1udio Castro<\/strong> (PL). Procurado pela reportagem, o subsecret\u00e1rio n\u00e3o se manifestou at\u00e9 a publica\u00e7\u00e3o deste texto. O espa\u00e7o segue aberto. A defesa do suspeito tamb\u00e9m n\u00e3o foi localizada.<\/p>\n<p>Segundo as investiga\u00e7\u00f5es da Pol\u00edcia Civil, <strong>cinco pessoas foram identificadas como envolvidas no crime<\/strong> \u2014 quatro maiores de idade e um adolescente. As pris\u00f5es dos quatro adultos foram decretadas pela Justi\u00e7a.<\/p>\n<p>Um dos suspeitos, Matheus Mattheus Verissimo Zoel Martins, de 19 anos, se apresentou \u00e0 pol\u00edcia nesta ter\u00e7a-feira (3) e foi preso. A reportagem tenta contato com a defesa. J\u00e1 a defesa de Jo\u00e3o Gabriel Xavier Bertho afirmou, em nota enviada ao Estad\u00e3o, que nega \u201ccom veem\u00eancia\u201d a ocorr\u00eancia de estupro e emboscada. Segundo os advogados, ele n\u00e3o possui hist\u00f3rico de viol\u00eancia e ainda n\u00e3o teve oportunidade de ser ouvido. As defesas dos demais investigados n\u00e3o foram localizadas.<\/p>\n<p>Tamb\u00e9m nesta ter\u00e7a-feira, a 6\u00aa C\u00e2mara Criminal do Tribunal de Justi\u00e7a do Rio <strong>negou pedido de habeas corpus<\/strong> que buscava revogar a pris\u00e3o de tr\u00eas dos suspeitos que seguem sendo procurados. O Tribunal de Justi\u00e7a do Rio de Janeiro informou que n\u00e3o pode divulgar mais detalhes porque os processos que envolvem estupro e menores tramitam em segredo de Justi\u00e7a.<\/p>\n<h2>Como o crime aconteceu<\/h2>\n<p>De acordo com a investiga\u00e7\u00e3o, o adolescente convidou a v\u00edtima, colega de escola, para ir a um apartamento em Copacabana. Ele teria pedido que ela levasse uma amiga, mas a jovem foi sozinha.<\/p>\n<p>Ainda no elevador, o rapaz avisou que outros amigos estariam no local. A adolescente teria dito que n\u00e3o queria qualquer envolvimento com eles. J\u00e1 no apartamento, ela foi levada ao quarto pelo jovem e, durante a rela\u00e7\u00e3o sexual, os outros quatro entraram no c\u00f4modo. Segundo a pol\u00edcia, a v\u00edtima <strong>pediu para n\u00e3o ser tocada<\/strong>, mas os <strong>suspeitos teriam tirado a roupa e cometido a viol\u00eancia<\/strong>.<\/p>\n<h2>Rea\u00e7\u00f5es do governo<\/h2>\n<p>Em nota publicada nas redes sociais, a secret\u00e1ria estadual Rosangela Gomes afirmou ter tomado conhecimento \u201cdas graves den\u00fancias envolvendo o filho do subsesecret\u00e1rio Simonin\u201d com \u201cprofunda indigna\u00e7\u00e3o e tristeza\u201d. Segundo ela, a <strong>gest\u00e3o \u00e9 pautada pela defesa dos direitos das mulheres<\/strong> e pelo <strong>combate \u00e0 viol\u00eancia<\/strong>, e n\u00e3o compactua com qualquer ato que fira a dignidade feminina ou a integridade de jovens.<\/p>\n<p>Ainda de acordo com a secret\u00e1ria, por meio do Governo do Estado, a Secretaria da Mulher est\u00e1 prestando apoio jur\u00eddico e psicol\u00f3gico \u00e0 adolescente e \u00e0 fam\u00edlia.<\/p>\n<p>Ao Estad\u00e3o, a Secretaria de Desenvolvimento Social e Direitos Humanos reafirmou compromisso \u201cinegoci\u00e1vel com a prote\u00e7\u00e3o da dignidade humana, com o respeito \u00e0 vida e com a garantia de direitos da popula\u00e7\u00e3o fluminense\u201d.<\/p>\n<p>O Governo do Rio tamb\u00e9m divulgou nota em que repudia \u201cveementemente o ato de extrema viol\u00eancia cometido contra uma adolescente em um apartamento em Copacabana\u201d. O governo n\u00e3o comentou o fato de um dos suspeitos ser filho do subsecret\u00e1rio.<\/p>\n<p><em>*Com informa\u00e7\u00f5es da Ag\u00eancia Brasil e Estad\u00e3o Conte\u00fado<\/em><\/p>\n<div class=\"list-related-posts\">\n<h3>Leia tamb\u00e9m<\/h3>\n<div class=\"related-posts-container\">\n<div class=\"related-post-item-container\">\n<div class=\"related-post\">\n<div class=\"img-related-box\">\n                                            <strong><a href=\"https:\/\/jovempan.com.br\/seguranca\/marido-de-mulher-morta-com-um-tiro-na-cabeca-em-sp-e-afastado-da-pm.html\" title=\"Marido de mulher morta com um tiro na cabe\u00e7a em SP \u00e9 afastado da PM\"><img decoding=\"async\" src=\"https:\/\/crajubaremacao.com.br\/wp-content\/uploads\/2026\/03\/foto-jp-1-10.png\"><\/a><\/strong>\n                                        <\/div>\n<p>                                        <span class=\"box-the-title\"><br \/>\n                                            <strong><a href=\"https:\/\/jovempan.com.br\/seguranca\/marido-de-mulher-morta-com-um-tiro-na-cabeca-em-sp-e-afastado-da-pm.html\" title=\"Marido de mulher morta com um tiro na cabe\u00e7a em SP \u00e9 afastado da PM\">Marido de mulher morta com um tiro na cabe\u00e7a em SP \u00e9 afastado da PM<\/a><\/strong><br \/>\n                                        <\/span>\n                                    <\/div>\n<div class=\"related-post\">\n<div class=\"img-related-box\">\n                                            <strong><a href=\"https:\/\/jovempan.com.br\/noticias\/brasil\/estupro-coletivo-no-rj-o-que-se-sabe-sobre-crime-contra-estudante-de-17-anos.html\" title=\"Segundo suspeito de estupro coletivo no RJ se entrega: o que se sabe sobre o caso\"><img decoding=\"async\" src=\"https:\/\/crajubaremacao.com.br\/wp-content\/uploads\/2026\/03\/sem-titulo-34.png\"><\/a><\/strong>\n                                        <\/div>\n<p>                                        <span class=\"box-the-title\"><br \/>\n                                            <strong><a href=\"https:\/\/jovempan.com.br\/noticias\/brasil\/estupro-coletivo-no-rj-o-que-se-sabe-sobre-crime-contra-estudante-de-17-anos.html\" title=\"Segundo suspeito de estupro coletivo no RJ se entrega: o que se sabe sobre o caso\">Segundo suspeito de estupro coletivo no RJ se entrega: o que se sabe sobre o caso<\/a><\/strong><br \/>\n                                        <\/span>\n                                    <\/div>\n<\/p><\/div>\n<\/p><\/div>\n<\/p><\/div>\n<\/div>\n","protected":false},"excerpt":{"rendered":"<p>O filho do subsecret\u00e1rio de Governan\u00e7a, Compliance e Gest\u00e3o Administrativa da Secretaria Estadual de Desenvolvimento Social e Direitos Humanos do Rio de Janeiro \u00e9 um dos suspeitos de participar do estupro coletivo de uma adolescente de 17 anos, ocorrido em 31 de janeiro, em Copacabana, na zona sul da capital fluminense. Vitor Hugo Oliveira Simonin, [&hellip;]<\/p>\n","protected":false},"author":117,"featured_media":66253,"comment_status":"closed","ping_status":"closed","sticky":false,"template":"","format":"standard","meta":{"_themeisle_gutenberg_block_has_review":false,"_jetpack_memberships_contains_paid_content":false,"footnotes":""},"categories":[2],"tags":[150],"class_list":{"0":"post-66252","1":"post","2":"type-post","3":"status-publish","4":"format-standard","5":"has-post-thumbnail","7":"category-brasil","8":"tag-brasil"},"jetpack_featured_media_url":"https:\/\/crajubaremacao.com.br\/wp-content\/uploads\/2026\/03\/foto-jp-5-1-750x450-1.png","jetpack_sharing_enabled":true,"_links":{"self":[{"href":"https:\/\/crajubaremacao.com.br\/index.php?rest_route=\/wp\/v2\/posts\/66252","targetHints":{"allow":["GET"]}}],"collection":[{"href":"https:\/\/crajubaremacao.com.br\/index.php?rest_route=\/wp\/v2\/posts"}],"about":[{"href":"https:\/\/crajubaremacao.com.br\/index.php?rest_route=\/wp\/v2\/types\/post"}],"author":[{"embeddable":true,"href":"https:\/\/crajubaremacao.com.br\/index.php?rest_route=\/wp\/v2\/users\/117"}],"replies":[{"embeddable":true,"href":"https:\/\/crajubaremacao.com.br\/index.php?rest_route=%2Fwp%2Fv2%2Fcomments&post=66252"}],"version-history":[{"count":0,"href":"https:\/\/crajubaremacao.com.br\/index.php?rest_route=\/wp\/v2\/posts\/66252\/revisions"}],"wp:featuredmedia":[{"embeddable":true,"href":"https:\/\/crajubaremacao.com.br\/index.php?rest_route=\/wp\/v2\/media\/66253"}],"wp:attachment":[{"href":"https:\/\/crajubaremacao.com.br\/index.php?rest_route=%2Fwp%2Fv2%2Fmedia&parent=66252"}],"wp:term":[{"taxonomy":"category","embeddable":true,"href":"https:\/\/crajubaremacao.com.br\/index.php?rest_route=%2Fwp%2Fv2%2Fcategories&post=66252"},{"taxonomy":"post_tag","embeddable":true,"href":"https:\/\/crajubaremacao.com.br\/index.php?rest_route=%2Fwp%2Fv2%2Ftags&post=66252"}],"curies":[{"name":"wp","href":"https:\/\/api.w.org\/{rel}","templated":true}]}}