{"id":66323,"date":"2026-03-05T06:15:26","date_gmt":"2026-03-05T09:15:26","guid":{"rendered":"https:\/\/crajubaremacao.com.br\/?p=66323"},"modified":"2026-03-05T06:15:26","modified_gmt":"2026-03-05T09:15:26","slug":"banco-master-veja-quem-sao-os-integrantes-de-a-turma-de-vorcaro","status":"publish","type":"post","link":"https:\/\/crajubaremacao.com.br\/?p=66323","title":{"rendered":"Banco Master: veja quem s\u00e3o os integrantes de \u2018A Turma\u2019 de Vorcaro"},"content":{"rendered":"<div>\n<div style=\"margin-bottom: 15px;\"><img decoding=\"async\" class=\"type:primaryImage\" src=\"https:\/\/crajubaremacao.com.br\/wp-content\/uploads\/2026\/03\/prismada-alvos-da-terceira-fase-operacao-compliance-zero-750x422-1.jpeg\"><\/div>\n<p><?xml encoding=\"UTF-8\"><\/p>\n<p>A Pol\u00edcia Federal (PF) deflagrou na quarta-feira (4) a <strong>terceira fase da Opera\u00e7\u00e3o Compliance Zero<\/strong>, que apura supostas <strong>fraudes envolvendo o Banco Master<\/strong>. A corpora\u00e7\u00e3o cumpriu mandados de <strong>pris\u00e3o preventiva contra quatro pessoas apontadas na investiga\u00e7\u00e3o como cruciais para o esquema de monitoramento de desafetos do banqueiro Daniel Vorcaro<\/strong>.<\/p>\n<p><strong><a href=\"https:\/\/jovempan.com.br\/noticias\/politica\/perigo-iminente-entenda-decisao-de-mendonca-que-mandou-prender-vorcaro.html\">Em decis\u00e3o que autorizou a opera\u00e7\u00e3o<\/a><\/strong>, o ministro Andr\u00e9 Mendon\u00e7a, do Supremo Tribunal Federal (STF), informou que a <strong>estrutura investigada possu\u00eda quatro n\u00facleos de atua\u00e7\u00e3o<\/strong>:<\/p>\n<ul>\n<li><strong>Financeiro:<\/strong> respons\u00e1vel pelo esquema de fraude contra o sistema financeiro;<\/li>\n<li><strong>Corrup\u00e7\u00e3o Institucional:<\/strong> encarregado de cooptar servidores p\u00fablicos do Banco Central;<\/li>\n<li><strong>Oculta\u00e7\u00e3o patrimonial e lavagem de dinheiro<\/strong> com uso de \u201cempresas interpostas\u201d;<\/li>\n<li><strong>Intimida\u00e7\u00e3o e obstru\u00e7\u00e3o de justi\u00e7a:<\/strong> executor do monitoramento ilegal de jornalistas, autoridades e concorrentes do Master.<\/li>\n<\/ul>\n<p>De acordo com o documento, a apura\u00e7\u00e3o da PF identificou a exist\u00eancia de um<strong> grupo intitulado \u201cA Turma\u201d cujo objetivo era obter informa\u00e7\u00f5es sigilosas e intimidar desafetos de Vorcaro e do Master<\/strong>. Eram integrantes do esquema:<\/p>\n<ul>\n<li><strong>Daniel Vorcaro:<\/strong> apontado como <strong>l\u00edder<\/strong> do esquema;<\/li>\n<li><strong>Fabiano Zettel:<\/strong> <strong>\u201cbra\u00e7o financeiro\u201d<\/strong> do banqueiro;<\/li>\n<li><strong>Luiz Phillipe Mour\u00e3o:<\/strong> <strong>\u201csic\u00e1rio\u201d<\/strong> do dono do Master e <strong>coordenador dos monitoramentos<\/strong>;<\/li>\n<li><strong>Marilson Roseno:<\/strong> policial federal aposentado que <strong>atuou na estrutura de vigil\u00e2ncia<\/strong>.<\/li>\n<\/ul>\n<h2><strong>Daniel Vorcaro<\/strong><\/h2>\n<p>O banqueiro, segundo investiga\u00e7\u00e3o da PF, <strong>atuou diretamente na condu\u00e7\u00e3o de estrat\u00e9gias financeiras e institucionais relacionadas ao Master<\/strong>. <strong>Daniel Vorcaro<\/strong> teria tido papel ativo nas decis\u00f5es de <strong>capta\u00e7\u00e3o de recursos do mercado financeiro e aloca\u00e7\u00e3o em investimentos de seu conglomerado<\/strong>.<\/p>\n<p>A PF tamb\u00e9m indicou que o <strong>banqueiro participou da estrutura\u00e7\u00e3o do modelo de neg\u00f3cio do Master<\/strong>, que consistiu na <strong>emiss\u00e3o de t\u00edtulos banc\u00e1rios com retorno superior \u00e0 m\u00e9dia do mercado<\/strong>.<strong> A estrutura<\/strong> <strong>direcionava<\/strong> <strong>os valores obtidos a investimentos em ativos de maior risco e baixa liquidez<\/strong>.<\/p>\n<p>A investiga\u00e7\u00e3o tamb\u00e9m constatou que <strong>Vorcaro manteve conversas diretas e frequentes com <a href=\"https:\/\/jovempan.com.br\/noticias\/politica\/master-stf-determina-medidas-cautelares-contra-ex-chefes-do-bc.html\">servidores do Banco Central<\/a><\/strong>. De acordo com a PF, o banqueiro mantinha um <strong>grupo para troca de mensagens com Belline Santana e Paulo S\u00e9rgio Souza<\/strong>. Ambos ocupavam, no Departamento de Supervis\u00e3o Banc\u00e1ria (Desup), os cargos de chefe e chefe-adjunto, respectivamente.<\/p>\n<p><strong>Os servidores<\/strong> <strong>teriam prestado, em diversas ocasi\u00f5es, uma esp\u00e9cie de consultoria<\/strong> a Vorcaro em temas relacionados \u00e0 <strong>situa\u00e7\u00e3o regulat\u00f3ria do Master<\/strong> junto ao Banco Central. A investiga\u00e7\u00e3o identificou comunica\u00e7\u00f5es nas quais o banqueiro pediu <strong>orienta\u00e7\u00f5es sobre a condu\u00e7\u00e3o de reuni\u00f5es, a elabora\u00e7\u00e3o de documentos e a abordagem de assuntos sens\u00edveis perante a autoridades<\/strong>.<\/p>\n<p>Segundo a apura\u00e7\u00e3o, Vorcaro coordenou a <strong>estrutura de formaliza\u00e7\u00e3o de \u201ccontratos simulados\u201d de servi\u00e7os prestados por empresas terceiras<\/strong>. Esses acordos seriam <strong>utilizados para justificar as transfer\u00eancias aos servidores do Banco Central<\/strong>.<\/p>\n<h2><strong>Fabiano Zettel<\/strong><\/h2>\n<p>O cunhado de Vorcaro, <strong>Fabiano Zettel<\/strong>, <strong>teria intermediado e operacionalizado os pagamentos aos integrantes de \u201cA Turma\u201d, aos servidores do Banco Central e a terceiros<\/strong> envolvidos no esquema. De acordo com a investiga\u00e7\u00e3o, o \u201cbra\u00e7o financeiro\u201d participou da elabora\u00e7\u00e3o e encaminhamento de proposta de \u201ccontrata\u00e7\u00e3o simulada\u201d de Belline Santana por meio da empresa Varajo Consultoria Empresarial Sociedade Unipessoal LTDA.<\/p>\n<p>A PF ainda apontou que Zettel atuou na <strong>organiza\u00e7\u00e3o e acompanhamento de fluxos financeiros<\/strong>. O cunhado de Vorcaro seria um colaborador na defini\u00e7\u00e3o de mecanismos destinados a viabilizar a circula\u00e7\u00e3o de recursos e formaliza\u00e7\u00e3o documental das transa\u00e7\u00f5es.<\/p>\n<h2><strong>Luiz Phillipe Mour\u00e3o<\/strong><\/h2>\n<p><strong><a href=\"https:\/\/jovempan.com.br\/noticias\/politica\/quem-era-luiz-phillipi-mourao-sicario-de-vorcaro-que-cometeu-suicidio.html\">O \u201csic\u00e1rio\u201d de Vorcaro, Luiz Phillipe Mour\u00e3o, morreu ap\u00f3s ser preso na opera\u00e7\u00e3o da PF<\/a><\/strong>. Mais cedo, a corpora\u00e7\u00e3o informou que ele <strong><a href=\"https:\/\/jovempan.com.br\/noticias\/brasil\/alvo-de-operacao-contra-banco-master-atenta-contra-propria-vida.html\">\u201catentou contra a pr\u00f3pria vida\u201d<\/a><\/strong>, enquanto estava sob cust\u00f3dia da Superintend\u00eancia Regional de Minas Gerais. A\u00a0<strong>Jovem Pan<\/strong> apurou que foi aberto um <strong><a href=\"https:\/\/jovempan.com.br\/noticias\/brasil\/sicario-de-vorcaro-morre-em-bh-apos-ser-preso-em-operacao-contra-banco-master.html\">protocolo de morte cerebral<\/a><\/strong>. Nesses casos, \u00e9 necess\u00e1rio aguardar algumas horas para confirmar o falecimento da pessoa, porque o cora\u00e7\u00e3o ainda bate, mas o indiv\u00edduo n\u00e3o consegue respirar sem aparelhos.<\/p>\n<p>Nas mensagens, <strong>Luiz Phillipe foi identificado como \u201cFelipe Mour\u00e3o\u201d<\/strong>. Ele tamb\u00e9m<strong> atendia pelo apelido de \u201csic\u00e1rio\u201d<\/strong>. O termo \u00e9 usado como <strong>sin\u00f4nimo de assassino de aluguel<\/strong>.<\/p>\n<p>De acordo com a investiga\u00e7\u00e3o, Mour\u00e3o mantinha<strong> \u201crela\u00e7\u00e3o direta de presta\u00e7\u00e3o de servi\u00e7os\u201d a Vorcaro<\/strong>. O \u201csic\u00e1rio\u201d seria o respons\u00e1vel por <strong>executar as atividades relacionadas \u00e0 obten\u00e7\u00e3o de informa\u00e7\u00f5es sigilosas<\/strong> por meio de acesso aos sistemas da PF, do Minist\u00e9rio P\u00fablico Federal, do <strong><a href=\"https:\/\/jovempan.com.br\/opiniao-jovem-pan\/comentaristas\/eliseu-caetano\/fbi-monitora-caso-master-que-tera-audiencia-em-tribunal-da-florida-hoje.html\">Departamento Federal de Investiga\u00e7\u00e3o dos Estados Unidos (o FBI)<\/a><\/strong> e da Organiza\u00e7\u00e3o Internacional de Pol\u00edcia Criminal (Interpol, na sigla em ingl\u00eas). Ele tamb\u00e9m teria <strong>monitorado desafetos do banqueiro e \u201cneutralizado situa\u00e7\u00f5es consideradas sens\u00edveis aos interesses do grupo\u201d<\/strong>.<\/p>\n<p>A PF aponta que Mour\u00e3o detinha um <strong>\u201cpapel crucial\u201d em \u201cA Turma\u201d<\/strong>. Suspeito de <strong>coordenar a estrutura operacional de vigil\u00e2ncia<\/strong>, ele teria <strong>\u201corganizado e executado\u201d<\/strong> <strong>opera\u00e7\u00f5es<\/strong> para identificar, localizar e acompanhar <strong>pessoas que \u201cmantinham rela\u00e7\u00e3o com investiga\u00e7\u00f5es\u201d ou que criticavam as atividades ligadas ao Banco Master<\/strong>.<\/p>\n<p>Nas mensagens interceptadas pela PF, houve<strong> conversas entre Vorcaro e Mour\u00e3o sobre agress\u00f5es<\/strong>. <strong><a href=\"https:\/\/jovempan.com.br\/noticias\/politica\/em-mensagens-vorcaro-fala-em-dar-pau-em-jornalista-e-moer-funcionaria.html\">O banqueiro chegou a escrever que queria mandar \u201cdar um pau\u201d no jornalista Lauro Jardim, d\u2019<em>O Globo<\/em><\/a><\/strong>. O dono do Master tamb\u00e9m disse ter que \u201cmoer\u201d a empregada.<\/p>\n<p>A investiga\u00e7\u00e3o indicou que, por meio da empresa King Empreendimentos Imobili\u00e1rios e Participa\u00e7\u00f5es LTDA, <strong>Mour\u00e3o recebeu R$ 1 milh\u00e3o de Vorcaro<\/strong>. O pagamento seria feito mensalmente.<\/p>\n<p>Outro apontamento feito pela PF foi de que <strong>Mour\u00e3o fez a \u201cponte\u201d entre Vorcaro e influenciadores<\/strong>. O intuito seria influenciar a opini\u00e3o p\u00fablica. Como parte do <strong>\u201cProjeto DV\u201d<\/strong>,\u00a0<strong><em>influencers<\/em> teriam sido contratados para atacar a reputa\u00e7\u00e3o do Banco Central<\/strong> no per\u00edodo em que o Tribunal de Contas da Uni\u00e3o (TCU) indicava que poderia anular a liquida\u00e7\u00e3o extrajudicial do Banco Master.<\/p>\n<h2><strong>Marilson Roseno<\/strong><\/h2>\n<p>O policial federal aposentado foi indicado pela investiga\u00e7\u00e3o como <strong>\u201cintegrante relevante\u201d<\/strong> <strong>do esquema de vigil\u00e2ncia e coer\u00e7\u00e3o <\/strong>de desafetos de Vorcaro. Parte de \u201cA Turma\u201d, <strong>Marilson Roseno<\/strong> teria sido u<strong>m dos principais operadores do \u201cn\u00facleo de intimida\u00e7\u00e3o\u201d<\/strong>.<\/p>\n<p>Segundo a PF, em raz\u00e3o de sua experi\u00eancia e contatos oriundos de sua carreira policial, Roseno atuava na <strong>coleta e compartilhamento de informa\u00e7\u00f5es que pudessem \u201cantecipar ou neutralizar\u201d riscos<\/strong> <strong>decorrentes de investiga\u00e7\u00f5es ou do trabalho de jornalistas, ex-funcion\u00e1rios de Vorcaro ou outros cr\u00edticos \u00e0s atividades do Master<\/strong>. O agente aposentado teria integrado a \u201cestrutura log\u00edstica\u201d que obtinha dados pessoais, localiza\u00e7\u00f5es e informa\u00e7\u00f5es estrat\u00e9gicas.<\/p>\n<h2><strong>Outros alvos<\/strong><\/h2>\n<p>A Opera\u00e7\u00e3o Compliance Zero ainda <strong>mirou outros envolvidos no esquema<\/strong>. Para eles, Mendon\u00e7a determinou a <strong>ado\u00e7\u00e3o de medidas cautelares<\/strong>, como uso de tornozeleira eletr\u00f4nica:<\/p>\n<ul>\n<li><strong>Ana Claudia Paiva<\/strong>, funcion\u00e1ria de Vorcaro e s\u00f3cia da Super Empreendimentos e Participa\u00e7\u00f5es S.A;<\/li>\n<li><strong>Belline Santana<\/strong>, chefe do Departamento de Supervis\u00e3o Banc\u00e1ria do Banco Central;<\/li>\n<li><strong>Paulo S\u00e9rgio Neves de Souza<\/strong>, chefe-adjunto do Departamento de Supervis\u00e3o Banc\u00e1ria;<\/li>\n<li><strong>Leonardo Augusto Furtado Palhares<\/strong>, administrador da Varajo Consultoria Empresarial Sociedade Unipessoal LTDA.<\/li>\n<\/ul>\n<h2><strong>Entenda o caso Master<\/strong><\/h2>\n<p>Ap\u00f3s identificar<strong>\u00a0ind\u00edcios de irregularidades financeiras e a grave crise de liquidez<\/strong>, o Banco Central determinou, em 18 de novembro, a\u00a0<strong>liquida\u00e7\u00e3o extrajudicial do Banco Master S\/A<\/strong>, do Banco Master de Investimentos S\/A, do Banco Letsbank S\/A e da Master S\/A Corretora de C\u00e2mbio, T\u00edtulos e Valores Mobili\u00e1rios.<\/p>\n<p>Em 21 de janeiro, o Will Bank, bra\u00e7o digital do conglomerado de Vorcaro,\u00a0<strong><a href=\"https:\/\/jovempan.com.br\/noticias\/economia\/banco-central-decreta-liquidacao-extrajudicial-da-will-financeira-do-conglomerado-master.html\">tamb\u00e9m teve o seu encerramento for\u00e7ado<\/a><\/strong>.<\/p>\n<p>O processo de liquida\u00e7\u00e3o do Banco Master foi acompanhado da\u00a0<strong>Opera\u00e7\u00e3o Compliance Zero<\/strong>. Tamb\u00e9m em 18 de novembro, a PF deflagrou a primeira fase da a\u00e7\u00e3o para\u00a0<strong>combater a emiss\u00e3o de t\u00edtulos de cr\u00e9dito falsos por institui\u00e7\u00f5es que integram o Sistema Financeiro Nacional<\/strong>\u00a0(SFN). Diante da possibilidade de fuga,\u00a0<strong>Vorcaro foi preso um dia antes<\/strong>. O banqueiro foi solto depois com o uso de tornozeleira eletr\u00f4nica.<\/p>\n<p>Segundo as investiga\u00e7\u00f5es,<strong>\u00a0o Banco Master oferecia Certificados de Dep\u00f3sitos Banc\u00e1rios (CDB) com rentabilidade muito acima do mercado<\/strong>. Para sustentar a pr\u00e1tica, a institui\u00e7\u00e3o financeira passou a assumir riscos excessivos e estruturar\u00a0<strong>opera\u00e7\u00f5es que inflavam artificialmente o seu balan\u00e7o financeiro<\/strong>, enquanto a\u00a0<strong>liquidez se deteriorava<\/strong>.<\/p>\n<p>Os epis\u00f3dios do\u00a0<strong><a href=\"https:\/\/jovempan.com.br\/noticias\/economia\/entenda-as-liquidacoes-do-banco-master-e-da-reag.html\">Banco Master e da gestora de investimentos Reag<\/a><\/strong>, liquidada em 15 de janeiro, s\u00e3o os\u00a0<strong>mais graves do sistema financeiro brasileiro<\/strong>. Os casos envolvem, al\u00e9m das fraudes,\u00a0<strong>tens\u00f5es entre o STF e o TCU, bem como com o Banco Central e a PF<\/strong>.<\/p>\n<p>Em 17 de janeiro, Fundo Garantidor de Cr\u00e9dito (FGC) iniciou o\u00a0<strong><a href=\"https:\/\/jovempan.com.br\/noticias\/economia\/fgc-inicia-processo-de-pagamentos-de-cdbs-do-master.html\">processo de ressarcimento aos credores<\/a><\/strong>\u00a0do Banco Master, Banco Master de Investimento e Banco Letsbank.\u00a0<strong>O valor total a ser pago em garantias soma R$ 40,6 bilh\u00f5es<\/strong>.<\/p>\n<div class=\"list-related-posts\">\n<h3>Leia tamb\u00e9m<\/h3>\n<div class=\"related-posts-container\">\n<div class=\"related-post-item-container\">\n<div class=\"related-post\">\n<div class=\"img-related-box\">\n                                            <strong><a href=\"https:\/\/jovempan.com.br\/noticias\/politica\/pf-entrega-dados-de-vorcaro-a-cpmi-para-avanco-das-investigacoes.html\" title=\"PF entrega dados de Vorcaro \u00e0 CPMI para avan\u00e7o das investiga\u00e7\u00f5es\"><img decoding=\"async\" src=\"https:\/\/crajubaremacao.com.br\/wp-content\/uploads\/2026\/03\/foto-jp-10.png\"><\/a><\/strong>\n                                        <\/div>\n<p>                                        <span class=\"box-the-title\"><br \/>\n                                            <strong><a href=\"https:\/\/jovempan.com.br\/noticias\/politica\/pf-entrega-dados-de-vorcaro-a-cpmi-para-avanco-das-investigacoes.html\" title=\"PF entrega dados de Vorcaro \u00e0 CPMI para avan\u00e7o das investiga\u00e7\u00f5es\">PF entrega dados de Vorcaro \u00e0 CPMI para avan\u00e7o das investiga\u00e7\u00f5es<\/a><\/strong><br \/>\n                                        <\/span>\n                                    <\/div>\n<div class=\"related-post\">\n<div class=\"img-related-box\">\n                                            <strong><a href=\"https:\/\/jovempan.com.br\/noticias\/politica\/justica-mantem-prisao-e-daniel-vorcaro-e-transferido-para-presidio-em-guarulhos.html\" title=\"Justi\u00e7a mant\u00e9m pris\u00e3o, e Daniel Vorcaro \u00e9 transferido para pres\u00eddio em Guarulhos\"><img decoding=\"async\" src=\"https:\/\/crajubaremacao.com.br\/wp-content\/uploads\/2026\/03\/vorcaro-master-1.jpg\"><\/a><\/strong>\n                                        <\/div>\n<p>                                        <span class=\"box-the-title\"><br \/>\n                                            <strong><a href=\"https:\/\/jovempan.com.br\/noticias\/politica\/justica-mantem-prisao-e-daniel-vorcaro-e-transferido-para-presidio-em-guarulhos.html\" title=\"Justi\u00e7a mant\u00e9m pris\u00e3o, e Daniel Vorcaro \u00e9 transferido para pres\u00eddio em Guarulhos\">Justi\u00e7a mant\u00e9m pris\u00e3o, e Daniel Vorcaro \u00e9 transferido para pres\u00eddio em Guarulhos<\/a><\/strong><br \/>\n                                        <\/span>\n                                    <\/div>\n<div class=\"related-post\">\n<div class=\"img-related-box\">\n                                            <strong><a href=\"https:\/\/jovempan.com.br\/noticias\/politica\/stf-vai-analisar-na-proxima-semana-decisao-que-levou-a-prisao-de-vorcaro.html\" title=\"STF vai analisar na pr\u00f3xima semana decis\u00e3o que levou \u00e0 pris\u00e3o de Vorcaro\"><img decoding=\"async\" src=\"https:\/\/crajubaremacao.com.br\/wp-content\/uploads\/2026\/03\/design-sem-nome-87.png\"><\/a><\/strong>\n                                        <\/div>\n<p>                                        <span class=\"box-the-title\"><br \/>\n                                            <strong><a href=\"https:\/\/jovempan.com.br\/noticias\/politica\/stf-vai-analisar-na-proxima-semana-decisao-que-levou-a-prisao-de-vorcaro.html\" title=\"STF vai analisar na pr\u00f3xima semana decis\u00e3o que levou \u00e0 pris\u00e3o de Vorcaro\">STF vai analisar na pr\u00f3xima semana decis\u00e3o que levou \u00e0 pris\u00e3o de Vorcaro<\/a><\/strong><br \/>\n                                        <\/span>\n                                    <\/div>\n<\/p><\/div>\n<\/p><\/div>\n<\/p><\/div>\n<\/div>\n","protected":false},"excerpt":{"rendered":"<p>A Pol\u00edcia Federal (PF) deflagrou na quarta-feira (4) a terceira fase da Opera\u00e7\u00e3o Compliance Zero, que apura supostas fraudes envolvendo o Banco Master. A corpora\u00e7\u00e3o cumpriu mandados de pris\u00e3o preventiva contra quatro pessoas apontadas na investiga\u00e7\u00e3o como cruciais para o esquema de monitoramento de desafetos do banqueiro Daniel Vorcaro. Em decis\u00e3o que autorizou a opera\u00e7\u00e3o, [&hellip;]<\/p>\n","protected":false},"author":117,"featured_media":66324,"comment_status":"closed","ping_status":"closed","sticky":false,"template":"","format":"standard","meta":{"_themeisle_gutenberg_block_has_review":false,"_jetpack_memberships_contains_paid_content":false,"footnotes":""},"categories":[2],"tags":[150],"class_list":{"0":"post-66323","1":"post","2":"type-post","3":"status-publish","4":"format-standard","5":"has-post-thumbnail","7":"category-brasil","8":"tag-brasil"},"jetpack_featured_media_url":"https:\/\/crajubaremacao.com.br\/wp-content\/uploads\/2026\/03\/prismada-alvos-da-terceira-fase-operacao-compliance-zero-750x422-1.jpeg","jetpack_sharing_enabled":true,"_links":{"self":[{"href":"https:\/\/crajubaremacao.com.br\/index.php?rest_route=\/wp\/v2\/posts\/66323","targetHints":{"allow":["GET"]}}],"collection":[{"href":"https:\/\/crajubaremacao.com.br\/index.php?rest_route=\/wp\/v2\/posts"}],"about":[{"href":"https:\/\/crajubaremacao.com.br\/index.php?rest_route=\/wp\/v2\/types\/post"}],"author":[{"embeddable":true,"href":"https:\/\/crajubaremacao.com.br\/index.php?rest_route=\/wp\/v2\/users\/117"}],"replies":[{"embeddable":true,"href":"https:\/\/crajubaremacao.com.br\/index.php?rest_route=%2Fwp%2Fv2%2Fcomments&post=66323"}],"version-history":[{"count":0,"href":"https:\/\/crajubaremacao.com.br\/index.php?rest_route=\/wp\/v2\/posts\/66323\/revisions"}],"wp:featuredmedia":[{"embeddable":true,"href":"https:\/\/crajubaremacao.com.br\/index.php?rest_route=\/wp\/v2\/media\/66324"}],"wp:attachment":[{"href":"https:\/\/crajubaremacao.com.br\/index.php?rest_route=%2Fwp%2Fv2%2Fmedia&parent=66323"}],"wp:term":[{"taxonomy":"category","embeddable":true,"href":"https:\/\/crajubaremacao.com.br\/index.php?rest_route=%2Fwp%2Fv2%2Fcategories&post=66323"},{"taxonomy":"post_tag","embeddable":true,"href":"https:\/\/crajubaremacao.com.br\/index.php?rest_route=%2Fwp%2Fv2%2Ftags&post=66323"}],"curies":[{"name":"wp","href":"https:\/\/api.w.org\/{rel}","templated":true}]}}