{"id":66484,"date":"2026-03-09T00:00:48","date_gmt":"2026-03-09T03:00:48","guid":{"rendered":"https:\/\/crajubaremacao.com.br\/?p=66484"},"modified":"2026-03-09T00:00:48","modified_gmt":"2026-03-09T03:00:48","slug":"ex-ministro-do-lula-e-deportado-do-panama-pais-pede-desculpas","status":"publish","type":"post","link":"https:\/\/crajubaremacao.com.br\/?p=66484","title":{"rendered":"Ex-ministro do Lula \u00e9 deportado do Panam\u00e1; pa\u00eds pede desculpas"},"content":{"rendered":"<div>\n<div style=\"margin-bottom: 15px;\"><img decoding=\"async\" class=\"type:primaryImage\" src=\"https:\/\/jpimg.com.br\/uploads\/2018\/05\/08112010-08.11.2010ANT6121-750x490.jpg\"><\/div>\n<p><?xml encoding=\"UTF-8\"><\/p>\n<p>O jornalista Franklin Martins, ex-ministro da Secretaria de Comunica\u00e7\u00e3o Social no segundo mandato do presidente Luiz In\u00e1cio Lula da Silva, foi retido e deportado do Panam\u00e1 na sexta-feira, 6.<\/p>\n<p>O caso aconteceu ap\u00f3s um desembarque no aeroporto da Cidade do Panam\u00e1, quando seguia para uma conex\u00e3o a\u00e9rea rumo \u00e0 Guatemala.<\/p>\n<p>Segundo relato do pr\u00f3prio Martins, agentes de imigra\u00e7\u00e3o o abordaram ao sair do avi\u00e3o, examinaram seu passaporte e o conduziram a uma sala reservada no aeroporto. L\u00e1, ele foi interrogado por policiais e impedido de seguir viagem.<\/p>\n<p>Ap\u00f3s horas retido, o ex-ministro foi colocado em um voo de volta ao Brasil.<\/p>\n<p>Questionamentos sobre pris\u00e3o durante a ditadura<\/p>\n<p>De acordo com o relato do ex-ministro, durante a entrevista, os agentes fizeram perguntas sobre dados pessoais, al\u00e9m de uma pris\u00e3o ocorrida em 1968, durante a ditadura militar brasileira.<\/p>\n<p>Martins disse ter explicado que a deten\u00e7\u00e3o se deu por motivos pol\u00edticos relacionados \u00e0 luta contra o regime militar no pa\u00eds. Ainda assim, foi informado de que n\u00e3o poderia continuar a viagem para a Guatemala.<\/p>\n<p>Segundo os policiais disseram a ele, a decis\u00e3o teria sido baseada em uma lei migrat\u00f3ria de 2008, que impedia a entrada ou conex\u00e3o de estrangeiros com antecedentes relacionados a crimes considerados graves.<\/p>\n<p>O ex-ministro disse tamb\u00e9m que solicitou contato com a Embaixada do Brasil no Panam\u00e1, mas o pedido foi negado.<\/p>\n<h2>Governo do Panam\u00e1 pede desculpas<\/h2>\n<p>Ap\u00f3s o epis\u00f3dio, o Itamaraty entrou em contato com o governo panamenho para pedir esclarecimentos.<\/p>\n<p>Em resposta, o chanceler do Panam\u00e1, Javier Eduardo Mart\u00ednez-Acha V\u00e1squez, enviou uma carta ao ministro brasileiro Mauro Vieira, se desculpando pela reten\u00e7\u00e3o de Martins.<\/p>\n<p>No documento, o ministro justificou o caso com a aplica\u00e7\u00e3o autom\u00e1tica de procedimentos migrat\u00f3rios baseados em sistemas de alerta que as autoridades do pa\u00eds utilizam.<\/p>\n<p>O chanceler afirmou ainda que o epis\u00f3dio n\u00e3o reflete a considera\u00e7\u00e3o do governo panamenho por Franklin Martins. Ele tamb\u00e9m destacou que o ex-ministro ser\u00e1 \u201csempre bem-vindo no Panam\u00e1\u201d.<\/p>\n<p>Contudo, Martins disse em seu relato que integrantes da Pol\u00edcia Nacional o Panam\u00e1 deixaram escapar que a aplica\u00e7\u00e3o da lei migrat\u00f3ria de 2008 havia se tornado mais r\u00edgida ap\u00f3s decretos recentes do governo. \u201cEm 2025, os EUA e o Panam\u00e1 assinaram acordos bastante abrangentes na \u00e1rea da seguran\u00e7a\u201d, comentou.<\/p>\n<p>A carta de desculpas tamb\u00e9m enalteceu a lideran\u00e7a diplom\u00e1tica brasileira.<\/p>\n<p>\u201cAs rela\u00e7\u00f5es entre nossos pa\u00edses atravessam um excelente momento, caracterizado por uma coopera\u00e7\u00e3o estreita, um di\u00e1logo pol\u00edtico fluido e uma amizade sincera entre nossos governos e entre os presidentes de ambas as na\u00e7\u00f5es\u201d, disse o chanceler em um dos trechos.<\/p>\n<h2>Caso provoca rea\u00e7\u00f5es no Brasil<\/h2>\n<p>O epis\u00f3dio gerou manifesta\u00e7\u00f5es de solidariedade a Franklin Martins.<\/p>\n<p>Em publica\u00e7\u00e3o nas redes sociais, o ministro do Desenvolvimento Agr\u00e1rio e Agricultura Familiar, Paulo Teixeira, afirmou que o ex-ministro foi \u201cinjustamente impedido\u201d de seguir viagem e classificou a medida como \u201cabsurda e inexplic\u00e1vel\u201d entre pa\u00edses amigos.<\/p>\n<p>A Associa\u00e7\u00e3o Brasileira de Imprensa (ABI) tamb\u00e9m divulgou uma carta aberta ao embaixador do Panam\u00e1 no Brasil criticando a reten\u00e7\u00e3o e a deporta\u00e7\u00e3o do jornalista.<\/p>\n<p>No documento, a entidade afirma que Martins estava apenas em tr\u00e2nsito no aeroporto e que foi impedido de se comunicar com a representa\u00e7\u00e3o diplom\u00e1tica brasileira.<\/p>\n<p>Para a ABI, a medida foi injustific\u00e1vel e representou desrespeito aos direitos do jornalista.<\/p>\n<\/div>\n","protected":false},"excerpt":{"rendered":"<p>O jornalista Franklin Martins, ex-ministro da Secretaria de Comunica\u00e7\u00e3o Social no segundo mandato do presidente Luiz In\u00e1cio Lula da Silva, foi retido e deportado do Panam\u00e1 na sexta-feira, 6. O caso aconteceu ap\u00f3s um desembarque no aeroporto da Cidade do Panam\u00e1, quando seguia para uma conex\u00e3o a\u00e9rea rumo \u00e0 Guatemala. Segundo relato do pr\u00f3prio Martins, [&hellip;]<\/p>\n","protected":false},"author":117,"featured_media":66485,"comment_status":"closed","ping_status":"closed","sticky":false,"template":"","format":"standard","meta":{"_themeisle_gutenberg_block_has_review":false,"_jetpack_memberships_contains_paid_content":false,"footnotes":""},"categories":[9],"tags":[129],"class_list":{"0":"post-66484","1":"post","2":"type-post","3":"status-publish","4":"format-standard","5":"has-post-thumbnail","7":"category-politica","8":"tag-politica"},"jetpack_featured_media_url":"https:\/\/crajubaremacao.com.br\/wp-content\/uploads\/2026\/03\/08112010-08112010ANT6121-750x490-1.jpg","jetpack_sharing_enabled":true,"_links":{"self":[{"href":"https:\/\/crajubaremacao.com.br\/index.php?rest_route=\/wp\/v2\/posts\/66484","targetHints":{"allow":["GET"]}}],"collection":[{"href":"https:\/\/crajubaremacao.com.br\/index.php?rest_route=\/wp\/v2\/posts"}],"about":[{"href":"https:\/\/crajubaremacao.com.br\/index.php?rest_route=\/wp\/v2\/types\/post"}],"author":[{"embeddable":true,"href":"https:\/\/crajubaremacao.com.br\/index.php?rest_route=\/wp\/v2\/users\/117"}],"replies":[{"embeddable":true,"href":"https:\/\/crajubaremacao.com.br\/index.php?rest_route=%2Fwp%2Fv2%2Fcomments&post=66484"}],"version-history":[{"count":0,"href":"https:\/\/crajubaremacao.com.br\/index.php?rest_route=\/wp\/v2\/posts\/66484\/revisions"}],"wp:featuredmedia":[{"embeddable":true,"href":"https:\/\/crajubaremacao.com.br\/index.php?rest_route=\/wp\/v2\/media\/66485"}],"wp:attachment":[{"href":"https:\/\/crajubaremacao.com.br\/index.php?rest_route=%2Fwp%2Fv2%2Fmedia&parent=66484"}],"wp:term":[{"taxonomy":"category","embeddable":true,"href":"https:\/\/crajubaremacao.com.br\/index.php?rest_route=%2Fwp%2Fv2%2Fcategories&post=66484"},{"taxonomy":"post_tag","embeddable":true,"href":"https:\/\/crajubaremacao.com.br\/index.php?rest_route=%2Fwp%2Fv2%2Ftags&post=66484"}],"curies":[{"name":"wp","href":"https:\/\/api.w.org\/{rel}","templated":true}]}}