{"id":66491,"date":"2026-03-09T03:04:19","date_gmt":"2026-03-09T06:04:19","guid":{"rendered":"https:\/\/crajubaremacao.com.br\/?p=66491"},"modified":"2026-03-09T03:04:19","modified_gmt":"2026-03-09T06:04:19","slug":"filho-de-ali-khamenei-e-o-novo-lider-supremo-do-ira-aiatola-seyyed-mojtaba-khamenei-substituira-o-pai-morto-em-ataque","status":"publish","type":"post","link":"https:\/\/crajubaremacao.com.br\/?p=66491","title":{"rendered":"Filho de Ali Khamenei \u00e9 o novo L\u00edder Supremo do Ir\u00e3 Aiatol\u00e1 Seyyed Mojtaba Khamenei substituir\u00e1 o pai, morto em ataque"},"content":{"rendered":"<div>\n<p>\u00a0<strong style='box-sizing: border-box; color: #0c1a3d; font-family: \"Tipo Brasil Rounded\", Inter, sans-serif; margin: 0px; padding: 0px;'>A assembleia dos Especialistas (ou dos Peritos) do Ir\u00e3 definiu que o novo l\u00edder supremo do pa\u00eds \u00e9 o aiatol\u00e1 Seyyed Mojtaba Khamenei, filho de Ali Khamenei, morto em um ataque dos Estados Unidos, no final de fevereiro<\/strong><span style='background-color: white; color: #0c1a3d; font-family: \"Tipo Brasil Rounded\", Inter, sans-serif;'>.<\/span><img decoding=\"async\" src=\"https:\/\/agenciabrasil.ebc.com.br\/ebc.png?id=1681144&amp;o=node\" style='border: 0px; box-sizing: border-box; color: #0c1a3d; display: inline; font-family: \"Tipo Brasil Rounded\", Inter, sans-serif; height: 1px; margin: 0px; padding: 0px; width: 1px;'><img decoding=\"async\" src=\"https:\/\/agenciabrasil.ebc.com.br\/ebc.gif?id=1681144&amp;o=node\" style='border: 0px; box-sizing: border-box; color: #0c1a3d; display: inline; font-family: \"Tipo Brasil Rounded\", Inter, sans-serif; height: 1px; margin: 0px; padding: 0px; width: 1px;'><\/p>\n<p style='background-color: white; box-sizing: border-box; color: #0c1a3d; font-family: \"Tipo Brasil Rounded\", Inter, sans-serif; line-height: 1.5; margin: 1.3rem 0px 0px; padding: 0px;'>A informa\u00e7\u00e3o de que o novo l\u00edder havia sido escolhido\u00a0<a href=\"https:\/\/agenciabrasil.ebc.com.br\/internacional\/noticia\/2026-03\/novo-lider-supremo-do-ira-e-escolhido-mas-nome-nao-e-divulgado\" style=\"box-sizing: border-box; color: #1e3394; font-weight: 700; margin: 0px; padding: 0px; text-decoration-line: none;\" target=\"_blank\">havia sido adiantada por um dos representantes da assembleia<\/a>, Mohsen Heidari Alekasir, no in\u00edcio deste domingo (8). \u201cA op\u00e7\u00e3o mais adequada, aprovada pela maioria da Assembleia de Especialistas, foi escolhida\u201d. O nome, no entanto, n\u00e3o havia sido revelado.<\/p>\n<p style='background-color: white; box-sizing: border-box; color: #0c1a3d; font-family: \"Tipo Brasil Rounded\", Inter, sans-serif; line-height: 1.5; margin: 1.3rem 0px 0px; padding: 0px;'>Seyyed Mojtaba Khamenei \u00e9 o segundo filho de Ali Khamenei e tem 56 anos. A escolha indica uma decis\u00e3o da Assembleia de manter a linha j\u00e1 adotada pelo antecessor.<\/p>\n<p style='background-color: white; box-sizing: border-box; color: #0c1a3d; font-family: \"Tipo Brasil Rounded\", Inter, sans-serif; line-height: 1.5; margin: 1.3rem 0px 0px; padding: 0px;'>Mojtaba acumulou poder sob o comando de seu pai como uma figura s\u00eanior pr\u00f3xima \u00e0s for\u00e7as de seguran\u00e7a e ao vasto imp\u00e9rio de neg\u00f3cios que elas controlam. Ele se op\u00f4s aos reformadores que buscam se envolver com o Ocidente, que tenta restringir o programa nuclear do Ir\u00e3.<\/p>\n<h2 style='background-color: white; box-sizing: border-box; color: #0c1a3d; font-family: \"Tipo Brasil Rounded\", Inter, sans-serif; margin: 1.25em 0px 0px; padding: 0px;'>L\u00edder supremo<\/h2>\n<p style='background-color: white; box-sizing: border-box; color: #0c1a3d; font-family: \"Tipo Brasil Rounded\", Inter, sans-serif; line-height: 1.5; margin: 1.3rem 0px 0px; padding: 0px;'>No cargo de l\u00edder supremo h\u00e1 36 anos, Ali Khamenei estava no topo da estrutura de Poder da Rep\u00fablica Isl\u00e2mica do Ir\u00e3 que, al\u00e9m do Executivo, do Parlamento e do Judici\u00e1rio, conta com o Conselho dos Guardi\u00f5es, formado por seis indicados do pr\u00f3prio Aiatol\u00e1 Khamenei e seis indicados pelo Parlamento.<\/p>\n<p style='background-color: white; box-sizing: border-box; color: #0c1a3d; font-family: \"Tipo Brasil Rounded\", Inter, sans-serif; line-height: 1.5; margin: 1.3rem 0px 0px; padding: 0px;'>Outro \u00f3rg\u00e3o pol\u00edtico t\u00edpico da Rep\u00fablica Isl\u00e2mica \u00e9 a Assembleia dos Especialistas, ou dos Peritos, formada por 88 religiosos eleitos pelo voto popular. Essa assembleia \u00e9 respons\u00e1vel por eleger o aiatol\u00e1 que ser\u00e1 o l\u00edder supremo do Ir\u00e3. Apesar de o cargo ser vital\u00edcio, a Assembleia dos Especialistas pode destitu\u00ed-lo.<\/p>\n<h2 style='background-color: white; box-sizing: border-box; color: #0c1a3d; font-family: \"Tipo Brasil Rounded\", Inter, sans-serif; margin: 1.25em 0px 0px; padding: 0px;'>Israel promete assassinar escolhido<\/h2>\n<p style='background-color: white; box-sizing: border-box; color: #0c1a3d; font-family: \"Tipo Brasil Rounded\", Inter, sans-serif; line-height: 1.5; margin: 1.3rem 0px 0px; padding: 0px;'>Na \u00faltima quarta-feira (4), o ministro da Defesa de Israel, Israel Katz, disse que o pr\u00f3ximo l\u00edder Supremo do Ir\u00e3 ser\u00e1 assassinado.<\/p>\n<p style='background-color: white; box-sizing: border-box; color: #0c1a3d; font-family: \"Tipo Brasil Rounded\", Inter, sans-serif; line-height: 1.5; margin: 1.3rem 0px 0px; padding: 0px;'>\u201cSer\u00e1 um alvo inequ\u00edvoco para elimina\u00e7\u00e3o. N\u00e3o importa qual seja o nome dele ou onde ele se esconda\u201d, disse em uma rede social.<\/p>\n<p style='background-color: white; box-sizing: border-box; color: #0c1a3d; font-family: \"Tipo Brasil Rounded\", Inter, sans-serif; line-height: 1.5; margin: 1.3rem 0px 0px; padding: 0px;'>Estima-se que a guerra de Israel e dos EUA contra o Ir\u00e3 j\u00e1 tenha custado a vida de, pelo menos, 1.332 civis, segundo autoridade iraniana. Entre as v\u00edtimas dos ataques, esteve uma escola de meninas, onde 168 crian\u00e7as foram mortas, expondo os horrores que o conflito pode produzir.<\/p>\n<p style='background-color: white; box-sizing: border-box; color: #0c1a3d; font-family: \"Tipo Brasil Rounded\", Inter, sans-serif; line-height: 1.5; margin: 1.3rem 0px 0px; padding: 0px;'>* com informa\u00e7\u00f5es da ag\u00eancia Reuters<\/p>\n<\/div>\n","protected":false},"excerpt":{"rendered":"<p>\u00a0A assembleia dos Especialistas (ou dos Peritos) do Ir\u00e3 definiu que o novo l\u00edder supremo do pa\u00eds \u00e9 o aiatol\u00e1 Seyyed Mojtaba Khamenei, filho de Ali Khamenei, morto em um ataque dos Estados Unidos, no final de fevereiro. A informa\u00e7\u00e3o de que o novo l\u00edder havia sido escolhido\u00a0havia sido adiantada por um dos representantes da [&hellip;]<\/p>\n","protected":false},"author":88,"featured_media":0,"comment_status":"closed","ping_status":"closed","sticky":false,"template":"","format":"standard","meta":{"_themeisle_gutenberg_block_has_review":false,"_jetpack_memberships_contains_paid_content":false,"footnotes":""},"categories":[4],"tags":[127,130],"class_list":{"0":"post-66491","1":"post","2":"type-post","3":"status-publish","4":"format-standard","6":"category-regiao","7":"tag-cariri","8":"tag-ceara"},"jetpack_featured_media_url":"","jetpack_sharing_enabled":true,"_links":{"self":[{"href":"https:\/\/crajubaremacao.com.br\/index.php?rest_route=\/wp\/v2\/posts\/66491","targetHints":{"allow":["GET"]}}],"collection":[{"href":"https:\/\/crajubaremacao.com.br\/index.php?rest_route=\/wp\/v2\/posts"}],"about":[{"href":"https:\/\/crajubaremacao.com.br\/index.php?rest_route=\/wp\/v2\/types\/post"}],"author":[{"embeddable":true,"href":"https:\/\/crajubaremacao.com.br\/index.php?rest_route=\/wp\/v2\/users\/88"}],"replies":[{"embeddable":true,"href":"https:\/\/crajubaremacao.com.br\/index.php?rest_route=%2Fwp%2Fv2%2Fcomments&post=66491"}],"version-history":[{"count":0,"href":"https:\/\/crajubaremacao.com.br\/index.php?rest_route=\/wp\/v2\/posts\/66491\/revisions"}],"wp:attachment":[{"href":"https:\/\/crajubaremacao.com.br\/index.php?rest_route=%2Fwp%2Fv2%2Fmedia&parent=66491"}],"wp:term":[{"taxonomy":"category","embeddable":true,"href":"https:\/\/crajubaremacao.com.br\/index.php?rest_route=%2Fwp%2Fv2%2Fcategories&post=66491"},{"taxonomy":"post_tag","embeddable":true,"href":"https:\/\/crajubaremacao.com.br\/index.php?rest_route=%2Fwp%2Fv2%2Ftags&post=66491"}],"curies":[{"name":"wp","href":"https:\/\/api.w.org\/{rel}","templated":true}]}}