{"id":66496,"date":"2026-03-09T06:05:06","date_gmt":"2026-03-09T09:05:06","guid":{"rendered":"https:\/\/crajubaremacao.com.br\/?p=66496"},"modified":"2026-03-09T06:05:06","modified_gmt":"2026-03-09T09:05:06","slug":"analise-dos-impactos-legais-da-abstencao-eleitoral-nao-justificada","status":"publish","type":"post","link":"https:\/\/crajubaremacao.com.br\/?p=66496","title":{"rendered":"An\u00e1lise dos impactos legais da absten\u00e7\u00e3o eleitoral n\u00e3o justificada"},"content":{"rendered":"<div>\n<div style=\"margin-bottom: 15px;\"><img decoding=\"async\" class=\"type:primaryImage\" src=\"https:\/\/jpimg.com.br\/uploads\/2024\/07\/urna_jose_cruz_2350-750x449.jpg\"><\/div>\n<p><?xml encoding=\"UTF-8\"><\/p>\n<p>No ordenamento jur\u00eddico brasileiro, o voto \u00e9 obrigat\u00f3rio para cidad\u00e3os alfabetizados entre 18 e 70 anos, conforme estabelecido pela Constitui\u00e7\u00e3o Federal de 1988. O n\u00e3o comparecimento \u00e0s urnas, quando n\u00e3o seguido da devida justificativa perante a Justi\u00e7a Eleitoral, acarreta uma s\u00e9rie de san\u00e7\u00f5es administrativas e restri\u00e7\u00f5es de direitos civis. A compreens\u00e3o exata de o que acontece com o CPF de quem n\u00e3o vota e n\u00e3o justifica a aus\u00eancia exige uma an\u00e1lise da integra\u00e7\u00e3o entre os bancos de dados do Tribunal Superior Eleitoral (TSE) e da Receita Federal, visto que a regularidade eleitoral tornou-se um pr\u00e9-requisito para a regularidade fiscal e civil do cidad\u00e3o.<\/p>\n<h2>San\u00e7\u00f5es administrativas e restri\u00e7\u00f5es civis<\/h2>\n<p>A principal consequ\u00eancia imediata da aus\u00eancia n\u00e3o justificada \u00e9 a situa\u00e7\u00e3o de irregularidade perante a Justi\u00e7a Eleitoral. Caso o eleitor deixe de votar e n\u00e3o justifique sua aus\u00eancia por tr\u00eas turnos consecutivos, seu t\u00edtulo de eleitor \u00e9 cancelado. O cancelamento do t\u00edtulo \u00e9 o gatilho legal que gera impedimentos em diversas esferas da vida civil.<\/p>\n<p>As restri\u00e7\u00f5es impostas pelo C\u00f3digo Eleitoral (Lei n\u00ba 4.737\/1965) para quem n\u00e3o possui a certid\u00e3o de quita\u00e7\u00e3o eleitoral incluem:<\/p>\n<ul>\n<li>Impedimentos documentais e de viagem;<\/li>\n<li>Proibi\u00e7\u00e3o de obter passaporte ou carteira de identidade.<\/li>\n<li>Impossibilidade de renovar matr\u00edcula em estabelecimentos de ensino oficial ou fiscalizado pelo governo<\/li>\n<\/ul>\n<h2>Restri\u00e7\u00f5es financeiras e profissionais<\/h2>\n<ul>\n<li>Veda\u00e7\u00e3o \u00e0 inscri\u00e7\u00e3o em concursos p\u00fablicos, posse em cargos p\u00fablicos e recebimento de vencimentos de fun\u00e7\u00e3o ou emprego p\u00fablico.<\/li>\n<li>Bloqueio na obten\u00e7\u00e3o de empr\u00e9stimos em autarquias, sociedades de economia mista, caixas econ\u00f4micas federais ou estaduais, e na Previd\u00eancia Social.<\/li>\n<\/ul>\n<h2>Impacto no CPF<\/h2>\n<p>O cancelamento do t\u00edtulo de eleitor gera uma inconsist\u00eancia nos dados da Receita Federal. Como o t\u00edtulo \u00e9 um documento base para o cadastro fiscal, o CPF pode passar para a situa\u00e7\u00e3o de \u201cPendente de Regulariza\u00e7\u00e3o\u201d ou \u201cSuspenso\u201d, impedindo a movimenta\u00e7\u00e3o de contas banc\u00e1rias e a realiza\u00e7\u00e3o de opera\u00e7\u00f5es financeiras.<\/p>\n<h2>Hist\u00f3rico da obrigatoriedade e penalidades<\/h2>\n<p>A obrigatoriedade do voto no Brasil foi institu\u00edda pelo C\u00f3digo Eleitoral de 1932, consolidando-se como um dever c\u00edvico e n\u00e3o apenas um direito. Ao longo das d\u00e9cadas, a legisla\u00e7\u00e3o evoluiu para garantir a participa\u00e7\u00e3o popular no processo democr\u00e1tico, estabelecendo mecanismos punitivos para desencorajar a absten\u00e7\u00e3o.<\/p>\n<p>A Constitui\u00e7\u00e3o de 1988 reafirmou esse car\u00e1ter obrigat\u00f3rio, mantendo as san\u00e7\u00f5es previstas em legisla\u00e7\u00f5es anteriores. Contudo, a grande mudan\u00e7a estrutural ocorreu com a digitaliza\u00e7\u00e3o e a integra\u00e7\u00e3o dos sistemas governamentais nas \u00faltimas duas d\u00e9cadas. Anteriormente, a comunica\u00e7\u00e3o entre o TSE e a Receita Federal era lenta e burocr\u00e1tica. Atualmente, o cruzamento de dados \u00e9 quase imediato, o que significa que a inadimpl\u00eancia eleitoral reflete rapidamente na situa\u00e7\u00e3o cadastral do indiv\u00edduo perante o fisco, tornando as penalidades mais efetivas e dif\u00edceis de serem contornadas sem a devida regulariza\u00e7\u00e3o.<\/p>\n<h2>Funcionamento do processo de regulariza\u00e7\u00e3o<\/h2>\n<p>Para evitar que o CPF sofra restri\u00e7\u00f5es severas, o cidad\u00e3o deve compreender o funcionamento dos prazos e procedimentos da Justi\u00e7a Eleitoral. O sistema opera sob a l\u00f3gica da oportunidade de justificativa, seguida da aplica\u00e7\u00e3o de multa e, em \u00faltima inst\u00e2ncia, do cancelamento do documento.<\/p>\n<p>O fluxo de regulariza\u00e7\u00e3o segue etapas espec\u00edficas:<\/p>\n<p><strong>Justificativa:<\/strong> O eleitor tem o prazo de 60 dias ap\u00f3s cada turno para apresentar a justificativa pelo aplicativo e-T\u00edtulo ou nos cart\u00f3rios eleitorais.<\/p>\n<p><strong>Pagamento de Multa:<\/strong> Expirado o prazo de justificativa, o eleitor deve emitir a Guia de Recolhimento da Uni\u00e3o (GRU) para quitar o d\u00e9bito eleitoral. O valor da multa \u00e9 simb\u00f3lico, mas o n\u00e3o pagamento impede a quita\u00e7\u00e3o eleitoral.<\/p>\n<p><strong>Revis\u00e3o do Eleitorado:<\/strong> Em casos de tr\u00eas aus\u00eancias consecutivas sem justificativa, ocorre o cancelamento autom\u00e1tico do t\u00edtulo. Para reverter esse quadro e liberar o CPF, o cidad\u00e3o deve realizar a opera\u00e7\u00e3o de regulariza\u00e7\u00e3o (semelhante a um novo alistamento) junto ao cart\u00f3rio eleitoral, apresentando documentos de identidade e comprovante de resid\u00eancia.<\/p>\n<h2>Import\u00e2ncia da regularidade eleitoral<\/h2>\n<p>A manuten\u00e7\u00e3o da regularidade eleitoral transcende a simples capacidade de votar; ela \u00e9 um componente central da cidadania plena no Brasil. As leis que vinculam a quita\u00e7\u00e3o eleitoral a direitos civis b\u00e1sicos, como a emiss\u00e3o de documentos e o acesso a cr\u00e9dito p\u00fablico, visam refor\u00e7ar a responsabilidade coletiva sobre a escolha dos representantes pol\u00edticos.<\/p>\n<p>Al\u00e9m disso, a integridade do cadastro eleitoral \u00e9 vital para a seguran\u00e7a jur\u00eddica do pa\u00eds. Um cadastro atualizado previne fraudes e assegura que a representa\u00e7\u00e3o demogr\u00e1fica nas urnas corresponda \u00e0 realidade da popula\u00e7\u00e3o. Portanto, as consequ\u00eancias aplicadas ao CPF de quem n\u00e3o vota e n\u00e3o justifica a aus\u00eancia funcionam como um mecanismo de coer\u00e7\u00e3o estatal para garantir a legitimidade do processo democr\u00e1tico e a atualiza\u00e7\u00e3o constante dos dados demogr\u00e1ficos nacionais.<\/p>\n<p>A situa\u00e7\u00e3o irregular do eleitor, portanto, configura um estado de suspens\u00e3o parcial de direitos civis. A recupera\u00e7\u00e3o da plenitude desses direitos exige a proatividade do cidad\u00e3o em sanar suas pend\u00eancias com a Justi\u00e7a Eleitoral, restaurando a validade de seu t\u00edtulo e, consequentemente, a regularidade de seu CPF perante a Receita Federal e demais \u00f3rg\u00e3os da administra\u00e7\u00e3o p\u00fablica.<\/p>\n<div class=\"list-related-posts\">\n<h3>Leia tamb\u00e9m<\/h3>\n<div class=\"related-posts-container\">\n<div class=\"related-post-item-container\">\n<div class=\"related-post\">\n<div class=\"img-related-box\">\n                                            <strong><a href=\"https:\/\/jovempan.com.br\/noticias\/politica\/gilmar-mendes-suspende-quebra-de-sigilo-de-empresa-de-toffoli.html\" title=\"Gilmar Mendes suspende quebra de sigilo de empresa de Toffoli\"><img decoding=\"async\" src=\"https:\/\/jpimg.com.br\/uploads\/2025\/08\/54693251029_1504be10c2_k.jpg\"><\/a><\/strong>\n                                        <\/div>\n<p>                                        <span class=\"box-the-title\"><br \/>\n                                            <strong><a href=\"https:\/\/jovempan.com.br\/noticias\/politica\/gilmar-mendes-suspende-quebra-de-sigilo-de-empresa-de-toffoli.html\" title=\"Gilmar Mendes suspende quebra de sigilo de empresa de Toffoli\">Gilmar Mendes suspende quebra de sigilo de empresa de Toffoli<\/a><\/strong><br \/>\n                                        <\/span>\n                                    <\/div>\n<div class=\"related-post\">\n<div class=\"img-related-box\">\n                                            <strong><a href=\"https:\/\/jovempan.com.br\/noticias\/brasil\/juiza-que-ganhou-r-128-mil-em-um-mes-diz-que-teve-fala-sobre-penduricalhos-distorcida.html\" title=\"Ju\u00edza que ganhou R$ 128 mil em um m\u00eas diz que teve fala sobre penduricalhos 'distorcida'\"><img decoding=\"async\" src=\"https:\/\/jpimg.com.br\/uploads\/2026\/02\/foto-jp-2-12.png\"><\/a><\/strong>\n                                        <\/div>\n<p>                                        <span class=\"box-the-title\"><br \/>\n                                            <strong><a href=\"https:\/\/jovempan.com.br\/noticias\/brasil\/juiza-que-ganhou-r-128-mil-em-um-mes-diz-que-teve-fala-sobre-penduricalhos-distorcida.html\" title=\"Ju\u00edza que ganhou R$ 128 mil em um m\u00eas diz que teve fala sobre penduricalhos 'distorcida'\">Ju\u00edza que ganhou R$ 128 mil em um m\u00eas diz que teve fala sobre penduricalhos &#8216;distorcida&#8217;<\/a><\/strong><br \/>\n                                        <\/span>\n                                    <\/div>\n<\/p><\/div>\n<\/p><\/div>\n<\/p><\/div>\n<\/div>\n","protected":false},"excerpt":{"rendered":"<p>No ordenamento jur\u00eddico brasileiro, o voto \u00e9 obrigat\u00f3rio para cidad\u00e3os alfabetizados entre 18 e 70 anos, conforme estabelecido pela Constitui\u00e7\u00e3o Federal de 1988. O n\u00e3o comparecimento \u00e0s urnas, quando n\u00e3o seguido da devida justificativa perante a Justi\u00e7a Eleitoral, acarreta uma s\u00e9rie de san\u00e7\u00f5es administrativas e restri\u00e7\u00f5es de direitos civis. A compreens\u00e3o exata de o que [&hellip;]<\/p>\n","protected":false},"author":117,"featured_media":66497,"comment_status":"closed","ping_status":"closed","sticky":false,"template":"","format":"standard","meta":{"_themeisle_gutenberg_block_has_review":false,"_jetpack_memberships_contains_paid_content":false,"footnotes":""},"categories":[9],"tags":[129],"class_list":{"0":"post-66496","1":"post","2":"type-post","3":"status-publish","4":"format-standard","5":"has-post-thumbnail","7":"category-politica","8":"tag-politica"},"jetpack_featured_media_url":"https:\/\/crajubaremacao.com.br\/wp-content\/uploads\/2026\/03\/urna_jose_cruz_2350-750x449-1.jpg","jetpack_sharing_enabled":true,"_links":{"self":[{"href":"https:\/\/crajubaremacao.com.br\/index.php?rest_route=\/wp\/v2\/posts\/66496","targetHints":{"allow":["GET"]}}],"collection":[{"href":"https:\/\/crajubaremacao.com.br\/index.php?rest_route=\/wp\/v2\/posts"}],"about":[{"href":"https:\/\/crajubaremacao.com.br\/index.php?rest_route=\/wp\/v2\/types\/post"}],"author":[{"embeddable":true,"href":"https:\/\/crajubaremacao.com.br\/index.php?rest_route=\/wp\/v2\/users\/117"}],"replies":[{"embeddable":true,"href":"https:\/\/crajubaremacao.com.br\/index.php?rest_route=%2Fwp%2Fv2%2Fcomments&post=66496"}],"version-history":[{"count":0,"href":"https:\/\/crajubaremacao.com.br\/index.php?rest_route=\/wp\/v2\/posts\/66496\/revisions"}],"wp:featuredmedia":[{"embeddable":true,"href":"https:\/\/crajubaremacao.com.br\/index.php?rest_route=\/wp\/v2\/media\/66497"}],"wp:attachment":[{"href":"https:\/\/crajubaremacao.com.br\/index.php?rest_route=%2Fwp%2Fv2%2Fmedia&parent=66496"}],"wp:term":[{"taxonomy":"category","embeddable":true,"href":"https:\/\/crajubaremacao.com.br\/index.php?rest_route=%2Fwp%2Fv2%2Fcategories&post=66496"},{"taxonomy":"post_tag","embeddable":true,"href":"https:\/\/crajubaremacao.com.br\/index.php?rest_route=%2Fwp%2Fv2%2Ftags&post=66496"}],"curies":[{"name":"wp","href":"https:\/\/api.w.org\/{rel}","templated":true}]}}