{"id":66498,"date":"2026-03-09T06:05:11","date_gmt":"2026-03-09T09:05:11","guid":{"rendered":"https:\/\/crajubaremacao.com.br\/?p=66498"},"modified":"2026-03-09T06:05:11","modified_gmt":"2026-03-09T09:05:11","slug":"sinagoga-na-belgica-fica-danificada-apos-explosao","status":"publish","type":"post","link":"https:\/\/crajubaremacao.com.br\/?p=66498","title":{"rendered":"Sinagoga na B\u00e9lgica fica danificada ap\u00f3s explos\u00e3o"},"content":{"rendered":"<div><img decoding=\"async\" src=\"https:\/\/s2-g1.glbimg.com\/Y8Xg-zZ4aqXear5Cnzwtfe2pKFM=\/i.s3.glbimg.com\/v1\/AUTH_59edd422c0c84a879bd37670ae4f538a\/internal_photos\/bs\/2026\/s\/U\/AAvLk5SAKg9dfvUJgWAA\/captura-de-tela-2026-03-09-053855.png\"><br \/>     Sinagoga em Liege, na B\u00e9lgica<br \/>\nReprodu\u00e7\u00e3o\/Google Street View<br \/>\nUma sinagoga, na cidade de Li\u00e8ge, na B\u00e9lgica, ficou danificada ap\u00f3s uma explos\u00e3o nesta segunda-feira (9). A informa\u00e7\u00e3o \u00e9 da emissora belga VRT.<br \/>\n&#x27a1;&#xfe0f; Sinagoga \u00e9 o local de culto, ora\u00e7\u00e3o e estudo da religi\u00e3o judaica. Vem do grego para &#8220;assembleia&#8221; ou &#8220;reuni\u00e3o&#8221;.<br \/>\nN\u00e3o h\u00e1 informa\u00e7\u00e3o sobre feridos. A causa da explos\u00e3o ainda \u00e9 desconhecida.<br \/>\nA explos\u00e3o estilha\u00e7ou as janelas da sinagoga e tamb\u00e9m as de um pr\u00e9dio do outro lado da rua, informou a emissora.<br \/>\nA pol\u00edcia isolou a rua enquanto uma equipe especializada em contraterrorismo investigava o incidente.<br \/>\nEsta reportagem est\u00e1 em atualiza\u00e7\u00e3o.<br \/>\nVeja os v\u00eddeos que est\u00e3o em alta no g1<\/div>\n","protected":false},"excerpt":{"rendered":"<p>Sinagoga em Liege, na B\u00e9lgica Reprodu\u00e7\u00e3o\/Google Street View Uma sinagoga, na cidade de Li\u00e8ge, na B\u00e9lgica, ficou danificada ap\u00f3s uma explos\u00e3o nesta segunda-feira (9). A informa\u00e7\u00e3o \u00e9 da emissora belga VRT. &#x27a1;&#xfe0f; Sinagoga \u00e9 o local de culto, ora\u00e7\u00e3o e estudo da religi\u00e3o judaica. Vem do grego para &#8220;assembleia&#8221; ou &#8220;reuni\u00e3o&#8221;. N\u00e3o h\u00e1 informa\u00e7\u00e3o sobre [&hellip;]<\/p>\n","protected":false},"author":261,"featured_media":66499,"comment_status":"closed","ping_status":"closed","sticky":false,"template":"","format":"standard","meta":{"_themeisle_gutenberg_block_has_review":false,"_jetpack_memberships_contains_paid_content":false,"footnotes":""},"categories":[5],"tags":[155],"class_list":{"0":"post-66498","1":"post","2":"type-post","3":"status-publish","4":"format-standard","5":"has-post-thumbnail","7":"category-internacionais","8":"tag-mundo"},"jetpack_featured_media_url":"https:\/\/crajubaremacao.com.br\/wp-content\/uploads\/2026\/03\/captura-de-tela-2026-03-09-053855.png","jetpack_sharing_enabled":true,"_links":{"self":[{"href":"https:\/\/crajubaremacao.com.br\/index.php?rest_route=\/wp\/v2\/posts\/66498","targetHints":{"allow":["GET"]}}],"collection":[{"href":"https:\/\/crajubaremacao.com.br\/index.php?rest_route=\/wp\/v2\/posts"}],"about":[{"href":"https:\/\/crajubaremacao.com.br\/index.php?rest_route=\/wp\/v2\/types\/post"}],"author":[{"embeddable":true,"href":"https:\/\/crajubaremacao.com.br\/index.php?rest_route=\/wp\/v2\/users\/261"}],"replies":[{"embeddable":true,"href":"https:\/\/crajubaremacao.com.br\/index.php?rest_route=%2Fwp%2Fv2%2Fcomments&post=66498"}],"version-history":[{"count":0,"href":"https:\/\/crajubaremacao.com.br\/index.php?rest_route=\/wp\/v2\/posts\/66498\/revisions"}],"wp:featuredmedia":[{"embeddable":true,"href":"https:\/\/crajubaremacao.com.br\/index.php?rest_route=\/wp\/v2\/media\/66499"}],"wp:attachment":[{"href":"https:\/\/crajubaremacao.com.br\/index.php?rest_route=%2Fwp%2Fv2%2Fmedia&parent=66498"}],"wp:term":[{"taxonomy":"category","embeddable":true,"href":"https:\/\/crajubaremacao.com.br\/index.php?rest_route=%2Fwp%2Fv2%2Fcategories&post=66498"},{"taxonomy":"post_tag","embeddable":true,"href":"https:\/\/crajubaremacao.com.br\/index.php?rest_route=%2Fwp%2Fv2%2Ftags&post=66498"}],"curies":[{"name":"wp","href":"https:\/\/api.w.org\/{rel}","templated":true}]}}