{"id":66559,"date":"2026-03-10T12:20:52","date_gmt":"2026-03-10T15:20:52","guid":{"rendered":"https:\/\/crajubaremacao.com.br\/?p=66559"},"modified":"2026-03-10T12:20:52","modified_gmt":"2026-03-10T15:20:52","slug":"oms-alerta-que-chuva-negra-apos-ataques-a-refinarias-no-ira-pode-causar-problemas-respiratorios","status":"publish","type":"post","link":"https:\/\/crajubaremacao.com.br\/?p=66559","title":{"rendered":"OMS alerta que &#8216;chuva negra&#8217; ap\u00f3s ataques a refinarias no Ir\u00e3 pode causar problemas respirat\u00f3rios"},"content":{"rendered":"<div><img decoding=\"async\" src=\"https:\/\/s2-g1.glbimg.com\/mafjAZNEU89tb03K56WKGKBayQU=\/i.s3.glbimg.com\/v1\/AUTH_59edd422c0c84a879bd37670ae4f538a\/internal_photos\/bs\/2026\/2\/O\/aAfRBdSo2zQCryC2KYow\/2026-03-08t120301z-1220104982-rc2c0kamaxjc-rtrmadp-3-iran-crisis-1-.jpg\"><br \/>     Ir\u00e3 alerta moradores de Teer\u00e3 para risco de chuva \u00e1cida<br \/>\nMajid Asgaripour\/WANA (West Asia News Agency) via REUTERS<br \/>\nA Organiza\u00e7\u00e3o Mundial da Sa\u00fade alertou na ter\u00e7a-feira que a &#8220;chuva negra&#8221; que cai no Ir\u00e3 ap\u00f3s ataques a instala\u00e7\u00f5es petrol\u00edferas pode causar problemas respirat\u00f3rios e apoiou a recomenda\u00e7\u00e3o do Ir\u00e3 para que as pessoas permane\u00e7am em casa.<br \/>\nA ag\u00eancia de sa\u00fade da ONU, que tem um escrit\u00f3rio no Ir\u00e3 e trabalha com as autoridades em emerg\u00eancias de sa\u00fade, disse que recebeu v\u00e1rios relatos de chuva carregada de petr\u00f3leo esta semana. Teer\u00e3 foi sufocada por uma fuma\u00e7a preta na segunda-feira, depois que uma refinaria de petr\u00f3leo foi atingida, em uma escalada de ataques aos suprimentos dom\u00e9sticos de energia do Ir\u00e3, como parte da campanha de EUA e Israel.<br \/>\n&#8220;A chuva negra e a chuva \u00e1cida que a acompanha s\u00e3o, de fato, um perigo para a popula\u00e7\u00e3o, principalmente para as vias respirat\u00f3rias&#8221;, disse o porta-voz da OMS, Christian Lindmeier, em uma coletiva de imprensa em Genebra, acrescentando que o Ir\u00e3 havia aconselhado as pessoas a ficarem em casa.<br \/>\nPerguntado se a OMS apoia essa recomenda\u00e7\u00e3o, ele afirmou: &#8220;Considerando o que est\u00e1 em risco no momento, as instala\u00e7\u00f5es de armazenamento de petr\u00f3leo, as refinarias que foram atingidas, provocando inc\u00eandios, trazendo s\u00e9rias preocupa\u00e7\u00f5es com a qualidade do ar, essa \u00e9 definitivamente uma boa ideia.&#8221;<br \/>\nUm v\u00eddeo enviado \u00e0 Reuters por um membro da equipe da OMS mostrou o que eles disseram ser uma pessoa limpando o l\u00edquido preto na entrada de escrit\u00f3rio em Teer\u00e3 em 8 de mar\u00e7o. A Reuters n\u00e3o conseguiu verificar a filmagem de forma independente.<br \/>\nEntenda como explos\u00f5es transformaram &#8216;dia em noite&#8217; no Ir\u00e3 e colocaram cidade sob alerta de chuva \u00e1cida<\/div>\n","protected":false},"excerpt":{"rendered":"<p>Ir\u00e3 alerta moradores de Teer\u00e3 para risco de chuva \u00e1cida Majid Asgaripour\/WANA (West Asia News Agency) via REUTERS A Organiza\u00e7\u00e3o Mundial da Sa\u00fade alertou na ter\u00e7a-feira que a &#8220;chuva negra&#8221; que cai no Ir\u00e3 ap\u00f3s ataques a instala\u00e7\u00f5es petrol\u00edferas pode causar problemas respirat\u00f3rios e apoiou a recomenda\u00e7\u00e3o do Ir\u00e3 para que as pessoas permane\u00e7am em [&hellip;]<\/p>\n","protected":false},"author":261,"featured_media":66560,"comment_status":"closed","ping_status":"closed","sticky":false,"template":"","format":"standard","meta":{"_themeisle_gutenberg_block_has_review":false,"_jetpack_memberships_contains_paid_content":false,"footnotes":""},"categories":[10],"tags":[156],"class_list":{"0":"post-66559","1":"post","2":"type-post","3":"status-publish","4":"format-standard","5":"has-post-thumbnail","7":"category-saude","8":"tag-saude"},"jetpack_featured_media_url":"https:\/\/crajubaremacao.com.br\/wp-content\/uploads\/2026\/03\/2026-03-08t120301z-1220104982-rc2c0kamaxjc-rtrmadp-3-iran-crisis-1--scaled.jpg","jetpack_sharing_enabled":true,"_links":{"self":[{"href":"https:\/\/crajubaremacao.com.br\/index.php?rest_route=\/wp\/v2\/posts\/66559","targetHints":{"allow":["GET"]}}],"collection":[{"href":"https:\/\/crajubaremacao.com.br\/index.php?rest_route=\/wp\/v2\/posts"}],"about":[{"href":"https:\/\/crajubaremacao.com.br\/index.php?rest_route=\/wp\/v2\/types\/post"}],"author":[{"embeddable":true,"href":"https:\/\/crajubaremacao.com.br\/index.php?rest_route=\/wp\/v2\/users\/261"}],"replies":[{"embeddable":true,"href":"https:\/\/crajubaremacao.com.br\/index.php?rest_route=%2Fwp%2Fv2%2Fcomments&post=66559"}],"version-history":[{"count":0,"href":"https:\/\/crajubaremacao.com.br\/index.php?rest_route=\/wp\/v2\/posts\/66559\/revisions"}],"wp:featuredmedia":[{"embeddable":true,"href":"https:\/\/crajubaremacao.com.br\/index.php?rest_route=\/wp\/v2\/media\/66560"}],"wp:attachment":[{"href":"https:\/\/crajubaremacao.com.br\/index.php?rest_route=%2Fwp%2Fv2%2Fmedia&parent=66559"}],"wp:term":[{"taxonomy":"category","embeddable":true,"href":"https:\/\/crajubaremacao.com.br\/index.php?rest_route=%2Fwp%2Fv2%2Fcategories&post=66559"},{"taxonomy":"post_tag","embeddable":true,"href":"https:\/\/crajubaremacao.com.br\/index.php?rest_route=%2Fwp%2Fv2%2Ftags&post=66559"}],"curies":[{"name":"wp","href":"https:\/\/api.w.org\/{rel}","templated":true}]}}