{"id":66564,"date":"2026-03-10T18:06:53","date_gmt":"2026-03-10T21:06:53","guid":{"rendered":"https:\/\/crajubaremacao.com.br\/?p=66564"},"modified":"2026-03-10T18:06:53","modified_gmt":"2026-03-10T21:06:53","slug":"quem-e-roger-machado-novo-tecnico-do-sao-paulo","status":"publish","type":"post","link":"https:\/\/crajubaremacao.com.br\/?p=66564","title":{"rendered":"Quem \u00e9 Roger Machado, novo t\u00e9cnico do S\u00e3o Paulo"},"content":{"rendered":"<div>\n<div style=\"margin-bottom: 15px;\"><img decoding=\"async\" class=\"type:primaryImage\" src=\"https:\/\/jpimg.com.br\/uploads\/2024\/11\/roger-machado-750x500.jpg\"><\/div>\n<p><?xml encoding=\"UTF-8\"><\/p>\n<p>O <strong>S\u00e3o Paulo oficializou<\/strong> nesta ter\u00e7a-feira (10)<strong> a contrata\u00e7\u00e3o do t\u00e9cnico Roger Machado<\/strong>, de 51 anos. Contestado no \u00faltimo trabalho com o Internacional, o t\u00e9cnico ga\u00facho deixou o time de Porto Alegre ap\u00f3s sofrer uma derrota para o rival Gr\u00eamio por 3 a 2 de virada, pela 24\u00aa rodada do Campeonato Brasileiro do ano passado.<\/p>\n<p><a href=\"https:\/\/jovempan.com.br\/esportes\/futebol\/roger-machado-e-demitido-do-internacional-apos-derrota-de-virada-no-gre-nal.html\"><strong>Na \u00e9poca, o time estava na 16\u00aa posi\u00e7\u00e3o, apenas uma fora da zona de rebaixamento<\/strong><\/a>. Roger havia, por\u00e9m, conquistado o Campeonato Ga\u00facho daquela temporada.<\/p>\n<p>O <strong>t\u00e9cnico foi jogador de 1994 a 2009<\/strong>\u00a0e atuava como lateral-esquerdo.<strong> Ele teve passagem de destaque pelo Gr\u00eamio<\/strong>, onde estreou, \u00e9 \u00eddolo e foi multicampe\u00e3o, com t\u00edtulos como a Libertadores de 1995 e tr\u00eas Copas do Brasil, em 1994, 1997 e 2001. Roger ainda passou pelo Fluminense entre 2006 e 2009.<\/p>\n<p><strong>Como t\u00e9cnico, come\u00e7ou a carreira no Juventude, em 2014<\/strong>, ap\u00f3s ser auxiliar t\u00e9cnico e treinador interino no Gr\u00eamio. Ele chegou a treinar o clube que \u00e9 \u00eddolo por duas vezes, de 2015 a 2016 e em 2022.<\/p>\n<p><strong>Seu primeiro trabalho de grande destaque foi no Atl\u00e9tico Mineiro em 2017<\/strong>, quando conquistou sua primeira ta\u00e7a, o Campeonato Mineiro. Tamb\u00e9m conquistou outro Campeonato Ga\u00facho pelo Gr\u00eamio em 2022. Teve passagens ainda por Palmeiras, Bahia e Fluminense.<\/p>\n<div class=\"list-related-posts\">\n<h3>Leia tamb\u00e9m<\/h3>\n<div class=\"related-posts-container\">\n<div class=\"related-post-item-container\">\n<div class=\"related-post\">\n<div class=\"img-related-box\">\n                                            <strong><a href=\"https:\/\/jovempan.com.br\/esportes\/futebol\/botafogo-x-barcelona-equ-onde-assistir-ao-vivo-horario-e-transmissao.html\" title=\"Botafogo x Barcelona (EQU): onde assistir ao vivo, hor\u00e1rio e transmiss\u00e3o\"><img decoding=\"async\" src=\"https:\/\/jpimg.com.br\/uploads\/2026\/03\/edenilson.jpg\"><\/a><\/strong>\n                                        <\/div>\n<p>                                        <span class=\"box-the-title\"><br \/>\n                                            <strong><a href=\"https:\/\/jovempan.com.br\/esportes\/futebol\/botafogo-x-barcelona-equ-onde-assistir-ao-vivo-horario-e-transmissao.html\" title=\"Botafogo x Barcelona (EQU): onde assistir ao vivo, hor\u00e1rio e transmiss\u00e3o\">Botafogo x Barcelona (EQU): onde assistir ao vivo, hor\u00e1rio e transmiss\u00e3o<\/a><\/strong><br \/>\n                                        <\/span>\n                                    <\/div>\n<div class=\"related-post\">\n<div class=\"img-related-box\">\n                                            <strong><a href=\"https:\/\/jovempan.com.br\/esportes\/futebol\/sao-paulo-futebol\/roger-machado-e-oficializado-no-sao-paulo-apos-demissao-de-crespo.html\" title=\"Roger Machado \u00e9 oficializado no S\u00e3o Paulo ap\u00f3s demiss\u00e3o de Crespo\"><img decoding=\"async\" src=\"https:\/\/jpimg.com.br\/uploads\/2025\/08\/roger-machado-e-questionado-sobre-sua-saida-foto-ricardo-duarte-sc-internacional.jpg\"><\/a><\/strong>\n                                        <\/div>\n<p>                                        <span class=\"box-the-title\"><br \/>\n                                            <strong><a href=\"https:\/\/jovempan.com.br\/esportes\/futebol\/sao-paulo-futebol\/roger-machado-e-oficializado-no-sao-paulo-apos-demissao-de-crespo.html\" title=\"Roger Machado \u00e9 oficializado no S\u00e3o Paulo ap\u00f3s demiss\u00e3o de Crespo\">Roger Machado \u00e9 oficializado no S\u00e3o Paulo ap\u00f3s demiss\u00e3o de Crespo<\/a><\/strong><br \/>\n                                        <\/span>\n                                    <\/div>\n<\/p><\/div>\n<\/p><\/div>\n<\/p><\/div>\n<\/div>\n","protected":false},"excerpt":{"rendered":"<p>O S\u00e3o Paulo oficializou nesta ter\u00e7a-feira (10) a contrata\u00e7\u00e3o do t\u00e9cnico Roger Machado, de 51 anos. Contestado no \u00faltimo trabalho com o Internacional, o t\u00e9cnico ga\u00facho deixou o time de Porto Alegre ap\u00f3s sofrer uma derrota para o rival Gr\u00eamio por 3 a 2 de virada, pela 24\u00aa rodada do Campeonato Brasileiro do ano passado. [&hellip;]<\/p>\n","protected":false},"author":260,"featured_media":66565,"comment_status":"closed","ping_status":"closed","sticky":false,"template":"","format":"standard","meta":{"_themeisle_gutenberg_block_has_review":false,"_jetpack_memberships_contains_paid_content":false,"footnotes":""},"categories":[12],"tags":[153],"class_list":{"0":"post-66564","1":"post","2":"type-post","3":"status-publish","4":"format-standard","5":"has-post-thumbnail","7":"category-esportes","8":"tag-esportes"},"jetpack_featured_media_url":"https:\/\/crajubaremacao.com.br\/wp-content\/uploads\/2026\/03\/roger-machado-750x500-1.jpg","jetpack_sharing_enabled":true,"_links":{"self":[{"href":"https:\/\/crajubaremacao.com.br\/index.php?rest_route=\/wp\/v2\/posts\/66564","targetHints":{"allow":["GET"]}}],"collection":[{"href":"https:\/\/crajubaremacao.com.br\/index.php?rest_route=\/wp\/v2\/posts"}],"about":[{"href":"https:\/\/crajubaremacao.com.br\/index.php?rest_route=\/wp\/v2\/types\/post"}],"author":[{"embeddable":true,"href":"https:\/\/crajubaremacao.com.br\/index.php?rest_route=\/wp\/v2\/users\/260"}],"replies":[{"embeddable":true,"href":"https:\/\/crajubaremacao.com.br\/index.php?rest_route=%2Fwp%2Fv2%2Fcomments&post=66564"}],"version-history":[{"count":0,"href":"https:\/\/crajubaremacao.com.br\/index.php?rest_route=\/wp\/v2\/posts\/66564\/revisions"}],"wp:featuredmedia":[{"embeddable":true,"href":"https:\/\/crajubaremacao.com.br\/index.php?rest_route=\/wp\/v2\/media\/66565"}],"wp:attachment":[{"href":"https:\/\/crajubaremacao.com.br\/index.php?rest_route=%2Fwp%2Fv2%2Fmedia&parent=66564"}],"wp:term":[{"taxonomy":"category","embeddable":true,"href":"https:\/\/crajubaremacao.com.br\/index.php?rest_route=%2Fwp%2Fv2%2Fcategories&post=66564"},{"taxonomy":"post_tag","embeddable":true,"href":"https:\/\/crajubaremacao.com.br\/index.php?rest_route=%2Fwp%2Fv2%2Ftags&post=66564"}],"curies":[{"name":"wp","href":"https:\/\/api.w.org\/{rel}","templated":true}]}}