{"id":66591,"date":"2026-03-11T03:21:59","date_gmt":"2026-03-11T06:21:59","guid":{"rendered":"https:\/\/crajubaremacao.com.br\/?p=66591"},"modified":"2026-03-11T03:21:59","modified_gmt":"2026-03-11T06:21:59","slug":"projeto-inovador-da-prefeitura-de-fortaleza-e-selecionado-para-integrar-programa-nacional-colaborativo-com-foco-na-atencao-primaria","status":"publish","type":"post","link":"https:\/\/crajubaremacao.com.br\/?p=66591","title":{"rendered":"Projeto inovador da Prefeitura de Fortaleza \u00e9 selecionado para integrar programa nacional colaborativo com foco na Aten\u00e7\u00e3o Prim\u00e1ria"},"content":{"rendered":"<div>\n<p>\u00a0<\/p>\n<div class=\"conteudo-noticia-wrapper colsec col-12\" style='background-color: white; box-sizing: border-box; color: #333333; float: left; font-family: \"Helvetica Neue\", Helvetica, Arial, sans-serif; font-size: 14px; margin: 0px 0px 20px; position: relative; width: 360px;'>\n<div class=\"conteudo-noticia\" style=\"box-sizing: border-box; padding: 0px 8px;\">\n<h1 style=\"box-sizing: border-box; color: #009889; font-family: Montserrat, arial; letter-spacing: -0.08em; line-height: 1.08em; margin: 0px 0px 0.4em;\">Projeto inovador da Prefeitura de Fortaleza \u00e9 selecionado para integrar programa nacional colaborativo com foco na Aten\u00e7\u00e3o Prim\u00e1ria<\/h1>\n<h2 style=\"box-sizing: border-box; color: rgba(95, 95, 95, 0.8); font-family: Montserrat, arial; font-size: 1.15em; font-weight: 500; letter-spacing: -0.01em; line-height: 1.2em; margin-bottom: 0.8em; margin-top: 20px;\">A Capital vai sediar, entre 10 e 12 de mar\u00e7o, o encontro geral do ColaboraAPS<\/h2>\n<hr style=\"background-color: #009889; background-image: none; border: 0px; box-sizing: border-box; height: 2px; margin: 20px 0px; width: 344px;\">\n<div class=\"compartilha-container\" style=\"box-sizing: border-box; display: flex; float: right;\"><span class=\"compartilha-texto\" style=\"border-radius: 10px; box-sizing: border-box; font-family: Montserrat, arial; margin-right: 5px; margin-top: 5px;\">Compartilhe:<\/span><\/p>\n<ul class=\"redes-sociais\" style=\"box-sizing: border-box; display: flex; float: right; gap: 3px; height: 40px; list-style: none; margin: 0px 0px 16px; padding: 0px; text-align: right;\">\n<li style=\"box-sizing: border-box; display: inline-block; font-family: Montserrat, arial; list-style: none; vertical-align: bottom;\"><a aria-label=\"WhatsApp\" href=\"https:\/\/wa.me\/?text=https:\/\/www.fortaleza.ce.gov.br\/noticias\/projeto-inovador-da-prefeitura-de-fortaleza-e-selecionado-para-integrar-programa-nacional-colaborativo-com-foco-na-atencao-primaria\" style=\"background-color: transparent; border-bottom: 4px solid; box-sizing: border-box; color: white; float: left; font-size: 10px; font-weight: bold; height: 16px; line-height: 8px; text-decoration-line: none; text-transform: uppercase; transition: all;\" target=\"_blank\"><svg fill=\"none\" height=\"30px\" viewbox=\"0 0 24 24\" width=\"30px\" xmlns=\"http:\/\/www.w3.org\/2000\/svg\"><circle cx=\"12\" cy=\"12\" fill=\"#009688\" r=\"12\"><\/circle><g transform=\"scale(0.7) translate(5.0, 5.0)\"><path clip-rule=\"evenodd\" d=\"M17.4145 14.3822C17.1173 14.2334 15.6564 13.5147 15.384 13.4153C15.1117 13.3162 14.9136 13.2667 14.7154 13.5641C14.5173 13.8615 13.9478 14.5309 13.7745 14.7293C13.6012 14.9275 13.4278 14.9524 13.1307 14.8036C12.8335 14.6549 11.876 14.3411 10.7411 13.3287C9.85769 12.5407 9.26129 11.5677 9.08799 11.2702C8.91461 10.9727 9.06943 10.8119 9.21822 10.6637C9.35195 10.5306 9.51546 10.3166 9.66399 10.1431C9.81257 9.96961 9.86209 9.84558 9.96114 9.6474C10.0602 9.44899 10.0107 9.27553 9.93634 9.12682C9.86209 8.97808 9.26779 7.51537 9.02016 6.92034C8.77895 6.34096 8.53397 6.41944 8.35157 6.41024C8.17844 6.40165 7.98013 6.39981 7.78207 6.39981C7.58397 6.39981 7.26201 6.47418 6.98958 6.77159C6.71727 7.06908 5.94959 7.78806 5.94959 9.25059C5.94959 10.7133 7.01434 12.1263 7.16296 12.3246C7.31158 12.523 9.25829 15.5244 12.2393 16.8116C12.9482 17.1178 13.5017 17.3006 13.9333 17.4375C14.6451 17.6637 15.2929 17.6318 15.805 17.5552C16.3759 17.47 17.5631 16.8364 17.8107 16.1424C18.0583 15.4481 18.0583 14.8532 17.984 14.7293C17.9097 14.6053 17.7116 14.5309 17.4145 14.3822ZM11.9925 21.7853H11.9886C10.2148 21.7846 8.47517 21.3081 6.9575 20.4075L6.59654 20.1932L2.85541 21.1746L3.85395 17.527L3.61899 17.153C2.62951 15.5792 2.10688 13.7603 2.10765 11.8925C2.10983 6.44257 6.54415 2.0086 11.9965 2.0086C14.6367 2.00954 17.1185 3.03905 18.9849 4.9075C20.8511 6.77582 21.8782 9.25932 21.8772 11.9005C21.875 17.3509 17.4408 21.7853 11.9925 21.7853Z\" fill-rule=\"evenodd\" fill=\"#ffffff\"><\/path><\/g><\/svg><\/a><\/li>\n<li style=\"box-sizing: border-box; display: inline-block; font-family: Montserrat, arial; list-style: none; vertical-align: bottom;\"><a aria-label=\"Facebook\" href=\"https:\/\/www.facebook.com\/sharer\/sharer.php?u=https%3A%2F%2Flocalhost%2Fportal-pmf%2Fnoticias%2Fseguranca%2Fprefeito-sarto-inaugura-centro-de-comando-e-controle-de-fortaleza-com-7-mil-cameras-integradas\" style=\"background-color: transparent; border-bottom: 4px solid; box-sizing: border-box; color: white; float: left; font-size: 10px; font-weight: bold; height: 16px; line-height: 8px; text-decoration-line: none; text-transform: uppercase; transition: all;\" target=\"_blank\"><svg fill=\"none\" height=\"30px\" viewbox=\"0 0 32 32\" width=\"30px\" xmlns=\"http:\/\/www.w3.org\/2000\/svg\"><circle cx=\"16\" cy=\"16\" fill=\"#009688\" r=\"16\"><\/circle><path d=\"M29 16c0-7.18-5.82-13-13-13S3 8.82 3 16c0 6.489 4.759 11.851 11 12.854v-9.091H9.5V16h4.5v-2.635c0-3.104 1.847-4.865 4.677-4.865 1.356 0 2.775.242 2.775.242v3.044h-1.564c-1.542 0-2.023.958-2.023 1.94V16h3.44l-.55 3.763h-2.89v9.091C24.241 27.851 29 22.489 29 16z\" fill=\"#ffffff\" transform=\"scale(0.7) translate(6.8, 6.8)\"><\/path><\/svg><\/a><\/li>\n<li style=\"box-sizing: border-box; display: inline-block; font-family: Montserrat, arial; list-style: none; vertical-align: bottom;\"><a aria-label=\"X (antigo Twitter)\" href=\"https:\/\/twitter.com\/share?text=Prefeito%20Sarto%20inaugura%20Centro%20de%20Comando%20e%20Controle%20de%20Fortaleza%20com%207%20mil%20c%C3%A2meras%20integradas&amp;url=https:\/\/localhost\/portal-pmf\/noticias\/seguranca\/prefeito-sarto-inaugura-centro-de-comando-e-controle-de-fortaleza-com-7-mil-cameras-integradas\" style=\"background-color: transparent; border-bottom: 4px solid; box-sizing: border-box; color: white; float: left; font-size: 10px; font-weight: bold; height: 16px; line-height: 8px; text-decoration-line: none; text-transform: uppercase; transition: all;\" target=\"_blank\"><svg fill=\"none\" height=\"30px\" viewbox=\"0 0 32 32\" width=\"30px\" xmlns=\"http:\/\/www.w3.org\/2000\/svg\"><circle cx=\"16\" cy=\"16\" fill=\"#009688\" r=\"16\"><\/circle><path d=\"M26.37,26l-8.795-12.822l0.015,0.012L25.52,4h-2.65l-6.46,7.48L11.28,4H4.33l8.211,11.971L12.54,15.97L3.88,26h2.65 l7.182-8.322L19.42,26H26.37z M10.23,6l12.34,18h-2.1L8.12,6H10.23z\" fill=\"#ffffff\" transform=\"scale(0.7) translate(8, 8)\"><\/path><\/svg><\/a><\/li>\n<li style=\"box-sizing: border-box; display: inline-block; font-family: Montserrat, arial; list-style: none; vertical-align: bottom;\"><a aria-label=\"YouTube\" href=\"https:\/\/www.linkedin.com\/shareArticle?mini=true&amp;url=Prefeito%20Sarto%20inaugura%20Centro%20de%20Comando%20e%20Controle%20de%20Fortaleza%20com%207%20mil%20c%C3%A2meras%20integradas&amp;url=https:\/\/localhost\/portal-pmf\/noticias\/seguranca\/prefeito-sarto-inaugura-centro-de-comando-e-controle-de-fortaleza-com-7-mil-cameras-integradas\" style=\"background-color: transparent; border-bottom: 4px solid; box-sizing: border-box; color: white; float: left; font-size: 10px; font-weight: bold; height: 16px; line-height: 8px; text-decoration-line: none; text-transform: uppercase; transition: all;\" target=\"_blank\"><svg fill=\"none\" height=\"30px\" viewbox=\"0 0 20 20\" width=\"30px\" xmlns=\"http:\/\/www.w3.org\/2000\/svg\"><circle cx=\"10\" cy=\"10\" fill=\"#009688\" r=\"10\"><\/circle><g transform=\"scale(0.5) translate(10, 10)\"><path d=\"M19.959 11.719v7.379h-4.278v-6.885c0-1.73-.619-2.91-2.167-2.91-1.182 0-1.886.796-2.195 1.565-.113.275-.142.658-.142 1.043v7.187h-4.28s.058-11.66 0-12.869h4.28v1.824l-.028.042h.028v-.042c.568-.875 1.583-2.126 3.856-2.126 2.815 0 4.926 1.84 4.926 5.792zM2.421.026C.958.026 0 .986 0 2.249c0 1.235.93 2.224 2.365 2.224h.028c1.493 0 2.42-.989 2.42-2.224C4.787.986 3.887.026 2.422.026zM.254 19.098h4.278V6.229H.254v12.869z\" fill=\"#ffffff\"><\/path><\/g><\/svg><\/a><\/li>\n<li style=\"box-sizing: border-box; display: inline-block; font-family: Montserrat, arial; list-style: none; vertical-align: bottom;\"><a aria-label=\"Instagram\" href=\"https:\/\/www.instagram.com\/prefeituradefortaleza\" style=\"background-color: transparent; border-bottom: 4px solid; box-sizing: border-box; color: white; float: left; font-size: 10px; font-weight: bold; height: 16px; line-height: 8px; text-decoration-line: none; text-transform: uppercase; transition: all;\" target=\"_blank\"><svg fill=\"none\" height=\"30px\" viewbox=\"0 0 24 24\" width=\"30px\" xmlns=\"http:\/\/www.w3.org\/2000\/svg\"><circle cx=\"12\" cy=\"12\" fill=\"#009688\" r=\"12\"><\/circle><g transform=\"scale(0.70) translate(5, 5)\"><path d=\"M17.34,5.46h0a1.2,1.2,0,1,0,1.2,1.2A1.2,1.2,0,0,0,17.34,5.46Zm4.6,2.42a7.59,7.59,0,0,0-.46-2.43,4.94,4.94,0,0,0-1.16-1.77,4.7,4.7,0,0,0-1.77-1.15,7.3,7.3,0,0,0-2.43-.47C15.06,2,14.72,2,12,2s-3.06,0-4.12.06a7.3,7.3,0,0,0-2.43.47A4.78,4.78,0,0,0,3.68,3.68,4.7,4.7,0,0,0,2.53,5.45a7.3,7.3,0,0,0-.47,2.43C2,8.94,2,9.28,2,12s0,3.06.06,4.12a7.3,7.3,0,0,0,.47,2.43,4.7,4.7,0,0,0,1.15,1.77,4.78,4.78,0,0,0,1.77,1.15,7.3,7.3,0,0,0,2.43.47C8.94,22,9.28,22,12,22s3.06,0,4.12-.06a7.3,7.3,0,0,0,2.43-.47,4.7,4.7,0,0,0,1.77-1.15,4.85,4.85,0,0,0,1.16-1.77,7.59,7.59,0,0,0,.46-2.43c0-1.06.06-1.4.06-4.12S22,8.94,21.94,7.88ZM20.14,16a5.61,5.61,0,0,1-.34,1.86,3.06,3.06,0,0,1-.75,1.15,3.19,3.19,0,0,1-1.15.75,5.61,5.61,0,0,1-1.86.34c-1,.05-1.37.06-4,.06s-3,0-4-.06A5.73,5.73,0,0,1,6.1,19.8,3.27,3.27,0,0,1,5,19.05a3,3,0,0,1-.74-1.15A5.54,5.54,0,0,1,3.86,16c0-1-.06-1.37-.06-4s0-3,.06-4A5.54,5.54,0,0,1,4.21,6.1,3,3,0,0,1,5,5,3.14,3.14,0,0,1,6.1,4.2,5.73,5.73,0,0,1,8,3.86c1,0,1.37-.06,4-.06s3,0,4,.06a5.61,5.61,0,0,1,1.86.34A3.06,3.06,0,0,1,19.05,5,3.06,3.06,0,0,1,19.8,6.1,5.61,5.61,0,0,1,20.14,8c.05,1,.06,1.37.06,4S20.19,15,20.14,16ZM12,6.87A5.13,5.13,0,1,0,17.14,12,5.12,5.12,0,0,0,12,6.87Zm0,8.46A3.33,3.33,0,1,1,15.33,12,3.33,3.33,0,0,1,12,15.33Z\" fill=\"#ffffff\"><\/path><\/g><\/svg><\/a><\/li>\n<\/ul>\n<\/div>\n<div class=\"clear\" style=\"box-sizing: border-box; clear: both;\"><\/div>\n<div class=\"itemFullText\" style=\"box-sizing: border-box;\">\n<p style=\"box-sizing: border-box; color: rgba(95, 95, 95, 0.8); font-family: Montserrat, arial; font-size: 1.15em; letter-spacing: -0.02em; line-height: 1.28em; margin: 0px 0px 10px; padding-bottom: 1.2em;\">Com o projeto Educa\u00e7\u00e3o Permanente como Pot\u00eancia Transformadora na Qualifica\u00e7\u00e3o dos Saberes e Pr\u00e1ticas na Aten\u00e7\u00e3o Prim\u00e1ria \u00e0 Sa\u00fade, a Prefeitura de Fortaleza foi selecionada para integrar a Rede Colaborativa de Inova\u00e7\u00f5es em Aten\u00e7\u00e3o Prim\u00e1ria \u00e0 Sa\u00fade (ColaboraAPS). No Brasil, 472 experi\u00eancias exitosas foram inscritas e apenas 6% foram escolhidas. A capital cearense est\u00e1 entre as 30 cidades com projetos selecionados.<\/p>\n<p style=\"box-sizing: border-box; color: rgba(95, 95, 95, 0.8); font-family: Montserrat, arial; font-size: 1.15em; letter-spacing: -0.02em; line-height: 1.28em; margin: 0px 0px 10px; padding-bottom: 1.2em;\">A partir da inser\u00e7\u00e3o nessa rede de promo\u00e7\u00e3o da sa\u00fade, a Capital vai sediar, de ter\u00e7a a quinta-feira (10 a 12\/03), o encontro geral do ColaboraAPS, que re\u00fane profissionais de sa\u00fade de todo o pa\u00eds para o debate e a apresenta\u00e7\u00e3o de experi\u00eancias exitosas voltadas ao desenvolvimento do Sistema \u00danico de Sa\u00fade (SUS). O evento ser\u00e1 realizado pela manh\u00e3, das 8h \u00e0s 12h, na Escola de Sa\u00fade P\u00fablica de Fortaleza (ESPFOR), e, no per\u00edodo da tarde, das 14h \u00e0s 16h, na sede da Secretaria Municipal da Sa\u00fade (SMS).<\/p>\n<p style=\"box-sizing: border-box; color: rgba(95, 95, 95, 0.8); font-family: Montserrat, arial; font-size: 1.15em; letter-spacing: -0.02em; line-height: 1.28em; margin: 0px 0px 10px; padding-bottom: 1.2em;\">A secret\u00e1ria municipal da Sa\u00fade de Fortaleza, Riane Azevedo, destacou a import\u00e2ncia de a Capital sediar a edi\u00e7\u00e3o do encontro. \u201cEste evento \u00e9 totalmente voltado para aqueles que, com muito esfor\u00e7o, determina\u00e7\u00e3o e responsabilidade, fazem da sa\u00fade p\u00fablica um pilar para o oferecimento de dignidade e cidadania. Os profissionais da \u00e1rea da sa\u00fade que buscam inova\u00e7\u00f5es em prol da popula\u00e7\u00e3o precisam ser valorizados, e o nosso papel \u00e9 honrar a fun\u00e7\u00e3o que nos foi confiada\u201d, finaliza Riane Azevedo.<\/p>\n<p style=\"box-sizing: border-box; color: rgba(95, 95, 95, 0.8); font-family: Montserrat, arial; font-size: 1.15em; letter-spacing: -0.02em; line-height: 1.28em; margin: 0px 0px 10px; padding-bottom: 1.2em;\"><strong style=\"box-sizing: border-box; font-weight: bold;\">Sa\u00fade p\u00fablica com inova\u00e7\u00f5es<\/strong><\/p>\n<p style=\"box-sizing: border-box; color: rgba(95, 95, 95, 0.8); font-family: Montserrat, arial; font-size: 1.15em; letter-spacing: -0.02em; line-height: 1.28em; margin: 0px 0px 10px; padding-bottom: 1.2em;\">Durante o encontro do ColaboraAPS haver\u00e1 a presen\u00e7a de representantes dos estados do Rio de Janeiro, Amazonas, Esp\u00edrito Santo e do Distrito Federal, al\u00e9m do munic\u00edpio de Recife, que executaram pr\u00e1ticas inovadoras na \u00e1rea da sa\u00fade. As 30 experi\u00eancias selecionadas ter\u00e3o processos de imers\u00e3o de tr\u00eas a cinco dias, que incluem visitas a equipamentos da rede de sa\u00fade, reuni\u00f5es, oficinas e apresenta\u00e7\u00e3o das experi\u00eancias pelas equipes locais.<\/p>\n<p style=\"box-sizing: border-box; color: rgba(95, 95, 95, 0.8); font-family: Montserrat, arial; font-size: 1.15em; letter-spacing: -0.02em; line-height: 1.28em; margin: 0px 0px 10px; padding-bottom: 1.2em;\">As atividades est\u00e3o organizadas em seis eixos tem\u00e1ticos: acesso e territorializa\u00e7\u00e3o na APS; equidade e diversidade em sa\u00fade; forma\u00e7\u00e3o e desenvolvimento profissional; planejamento, gest\u00e3o, monitoramento e avalia\u00e7\u00e3o; resolutividade e coordena\u00e7\u00e3o do cuidado; e sustentabilidade, clima e ambiente na APS.<\/p>\n<p style=\"box-sizing: border-box; color: rgba(95, 95, 95, 0.8); font-family: Montserrat, arial; font-size: 1.15em; letter-spacing: -0.02em; line-height: 1.28em; margin: 0px 0px 10px; padding-bottom: 1.2em;\"><strong style=\"box-sizing: border-box; font-weight: bold;\">Responsabilidade e aprendizado m\u00fatuo<\/strong><\/p>\n<p style=\"box-sizing: border-box; color: rgba(95, 95, 95, 0.8); font-family: Montserrat, arial; font-size: 1.15em; letter-spacing: -0.02em; line-height: 1.28em; margin: 0px 0px 10px; padding-bottom: 1.2em;\">A Rede ColaboraAPS surgiu a partir da parceria entre a Escola Nacional de Sa\u00fade P\u00fablica Sergio Arouca (ENSP), da Funda\u00e7\u00e3o Oswaldo Cruz (Fiocruz), e da Secretaria de Aten\u00e7\u00e3o Prim\u00e1ria \u00e0 Sa\u00fade (SAPS), com o prop\u00f3sito de destacar iniciativas que evidenciam a Aten\u00e7\u00e3o Prim\u00e1ria \u00e0 Sa\u00fade como fator decisivo para a promo\u00e7\u00e3o da equidade no acesso aos servi\u00e7os de sa\u00fade.<\/p>\n<p style=\"box-sizing: border-box; color: rgba(95, 95, 95, 0.8); font-family: Montserrat, arial; font-size: 1.15em; letter-spacing: -0.02em; line-height: 1.28em; margin: 0px 0px 10px; padding-bottom: 1.2em;\"><strong style=\"box-sizing: border-box; font-weight: bold;\">\u00a0<\/strong><\/p>\n<div><strong style=\"box-sizing: border-box; font-weight: bold;\"><br \/><\/strong><\/div>\n<\/div>\n<div class=\"clear\" style=\"box-sizing: border-box; clear: both;\"><\/div>\n<\/div>\n<div class=\"clear\" style=\"box-sizing: border-box; clear: both;\"><\/div>\n<\/div>\n<div class=\"clear\" style='background-color: white; box-sizing: border-box; clear: both; color: #333333; font-family: \"Helvetica Neue\", Helvetica, Arial, sans-serif; font-size: 14px;'><\/div>\n<div class=\"taxonomy\" style='background-color: white; box-sizing: border-box; color: #333333; font-family: \"Helvetica Neue\", Helvetica, Arial, sans-serif; font-size: 14px;'>\n<div style=\"box-sizing: border-box; margin-bottom: 10px;\"><span class=\"fa fa-tags\" style=\"-webkit-font-smoothing: antialiased; box-sizing: border-box; display: inline-block; font-family: FontAwesome; font-feature-settings: normal; font-kerning: auto; font-language-override: normal; font-optical-sizing: auto; font-size-adjust: none; font-size: inherit; font-stretch: normal; font-variant-alternates: normal; font-variant-east-asian: normal; font-variant-emoji: normal; font-variant-numeric: normal; font-variant-position: normal; font-variation-settings: normal; line-height: 1; margin-left: 10px; text-rendering: auto; transition: 320ms;\" title=\"Tags\"><\/span><\/div>\n<\/div>\n<\/div>\n","protected":false},"excerpt":{"rendered":"<p>\u00a0 Projeto inovador da Prefeitura de Fortaleza \u00e9 selecionado para integrar programa nacional colaborativo com foco na Aten\u00e7\u00e3o Prim\u00e1ria A Capital vai sediar, entre 10 e 12 de mar\u00e7o, o encontro geral do ColaboraAPS Compartilhe: Com o projeto Educa\u00e7\u00e3o Permanente como Pot\u00eancia Transformadora na Qualifica\u00e7\u00e3o dos Saberes e Pr\u00e1ticas na Aten\u00e7\u00e3o Prim\u00e1ria \u00e0 Sa\u00fade, a [&hellip;]<\/p>\n","protected":false},"author":88,"featured_media":0,"comment_status":"closed","ping_status":"closed","sticky":false,"template":"","format":"standard","meta":{"_themeisle_gutenberg_block_has_review":false,"_jetpack_memberships_contains_paid_content":false,"footnotes":""},"categories":[4],"tags":[127,130],"class_list":{"0":"post-66591","1":"post","2":"type-post","3":"status-publish","4":"format-standard","6":"category-regiao","7":"tag-cariri","8":"tag-ceara"},"jetpack_featured_media_url":"","jetpack_sharing_enabled":true,"_links":{"self":[{"href":"https:\/\/crajubaremacao.com.br\/index.php?rest_route=\/wp\/v2\/posts\/66591","targetHints":{"allow":["GET"]}}],"collection":[{"href":"https:\/\/crajubaremacao.com.br\/index.php?rest_route=\/wp\/v2\/posts"}],"about":[{"href":"https:\/\/crajubaremacao.com.br\/index.php?rest_route=\/wp\/v2\/types\/post"}],"author":[{"embeddable":true,"href":"https:\/\/crajubaremacao.com.br\/index.php?rest_route=\/wp\/v2\/users\/88"}],"replies":[{"embeddable":true,"href":"https:\/\/crajubaremacao.com.br\/index.php?rest_route=%2Fwp%2Fv2%2Fcomments&post=66591"}],"version-history":[{"count":0,"href":"https:\/\/crajubaremacao.com.br\/index.php?rest_route=\/wp\/v2\/posts\/66591\/revisions"}],"wp:attachment":[{"href":"https:\/\/crajubaremacao.com.br\/index.php?rest_route=%2Fwp%2Fv2%2Fmedia&parent=66591"}],"wp:term":[{"taxonomy":"category","embeddable":true,"href":"https:\/\/crajubaremacao.com.br\/index.php?rest_route=%2Fwp%2Fv2%2Fcategories&post=66591"},{"taxonomy":"post_tag","embeddable":true,"href":"https:\/\/crajubaremacao.com.br\/index.php?rest_route=%2Fwp%2Fv2%2Ftags&post=66591"}],"curies":[{"name":"wp","href":"https:\/\/api.w.org\/{rel}","templated":true}]}}