{"id":66592,"date":"2026-03-11T05:04:01","date_gmt":"2026-03-11T08:04:01","guid":{"rendered":"https:\/\/crajubaremacao.com.br\/?p=66592"},"modified":"2026-03-11T05:04:01","modified_gmt":"2026-03-11T08:04:01","slug":"pmce-ganha-reforco-de-145-aspirantes-a-oficiais-para-atuacao-em-todo-estado","status":"publish","type":"post","link":"https:\/\/crajubaremacao.com.br\/?p=66592","title":{"rendered":"PMCE ganha refor\u00e7o de 145 aspirantes a oficiais para atua\u00e7\u00e3o em todo estado"},"content":{"rendered":"<div>\n<p><a href=\"https:\/\/www.ceara.gov.br\/2026\/03\/10\/pmce-ganha-reforco-de-145-aspirantes-a-oficiais-para-atuacao-em-todo-estado\/3-54\/\" rel=\"attachment wp-att-314126\"><img fetchpriority=\"high\" fetchpriority=\"high\" decoding=\"async\" class=\"alignnone size-full wp-image-314126\" src=\"https:\/\/www.ceara.gov.br\/wp-content\/uploads\/2026\/03\/3.jpg\" alt=\"\" width=\"1448\" height=\"1008\" srcset=\"https:\/\/www.ceara.gov.br\/wp-content\/uploads\/2026\/03\/3.jpg 1448w, https:\/\/www.ceara.gov.br\/wp-content\/uploads\/2026\/03\/3-600x418.jpg 600w, https:\/\/www.ceara.gov.br\/wp-content\/uploads\/2026\/03\/3-1200x835.jpg 1200w, https:\/\/www.ceara.gov.br\/wp-content\/uploads\/2026\/03\/3-768x535.jpg 768w\" sizes=\"(max-width: 1448px) 100vw, 1448px\"><\/a><\/p>\n<p style=\"text-align: center\"><em>Ainda em fase de aspirantado, os profissionais ir\u00e3o desempenhar fun\u00e7\u00f5es de comando, fiscaliza\u00e7\u00e3o e gest\u00e3o administrativa<\/em><\/p>\n<p>Em cerim\u00f4nia comandada pelo governador Elmano de Freitas, nesta ter\u00e7a-feira (10), no Centro Integrado de Seguran\u00e7a P\u00fablica (Cisp), em Fortaleza, 145 cadetes da Pol\u00edcia Militar do Cear\u00e1 (PMCE) foram declarados aspirantes a oficiais. Eles ir\u00e3o desempenhar fun\u00e7\u00f5es de comando, fiscaliza\u00e7\u00e3o e gest\u00e3o administrativa em todo o estado. O momento tamb\u00e9m contou com as presen\u00e7as do secret\u00e1rio da Seguran\u00e7a P\u00fablica e Defesa Social, Roberto S\u00e1; do comandante-geral da corpora\u00e7\u00e3o, coronel Sinval Sampaio; entre outras autoridades.<\/p>\n<p><a href=\"https:\/\/www.ceara.gov.br\/2026\/03\/10\/pmce-ganha-reforco-de-145-aspirantes-a-oficiais-para-atuacao-em-todo-estado\/2-61\/\" rel=\"attachment wp-att-314124\"><img loading=\"lazy\" loading=\"lazy\" decoding=\"async\" class=\"alignnone size-full wp-image-314124\" src=\"https:\/\/www.ceara.gov.br\/wp-content\/uploads\/2026\/03\/2.jpg\" alt=\"\" width=\"1485\" height=\"1045\" srcset=\"https:\/\/www.ceara.gov.br\/wp-content\/uploads\/2026\/03\/2.jpg 1485w, https:\/\/www.ceara.gov.br\/wp-content\/uploads\/2026\/03\/2-600x422.jpg 600w, https:\/\/www.ceara.gov.br\/wp-content\/uploads\/2026\/03\/2-1200x844.jpg 1200w, https:\/\/www.ceara.gov.br\/wp-content\/uploads\/2026\/03\/2-768x540.jpg 768w\" sizes=\"auto, (max-width: 1485px) 100vw, 1485px\"><\/a><\/p>\n<p>\u201c\u00c9 uma alegria estar aqui. S\u00e3o homens e mulheres que fizeram um longo curso e que nesse momento se encerra um processo de forma\u00e7\u00e3o. Agora vem outro momento no qual ir\u00e3o mostrar tudo o que aprenderam na academia e eu tenho certeza que ser\u00e1 muito importante para a Pol\u00edcia Militar\u201d, destacou o governador Elmano de Freitas.<\/p>\n<p><a href=\"https:\/\/www.ceara.gov.br\/2026\/03\/10\/pmce-ganha-reforco-de-145-aspirantes-a-oficiais-para-atuacao-em-todo-estado\/_mg_6651\/\" rel=\"attachment wp-att-314107\"><img loading=\"lazy\" loading=\"lazy\" decoding=\"async\" class=\"alignnone size-full wp-image-314107\" src=\"https:\/\/www.ceara.gov.br\/wp-content\/uploads\/2026\/03\/MG_6651-scaled.jpg\" alt=\"\" width=\"2560\" height=\"1706\" srcset=\"https:\/\/www.ceara.gov.br\/wp-content\/uploads\/2026\/03\/MG_6651-scaled.jpg 2560w, https:\/\/www.ceara.gov.br\/wp-content\/uploads\/2026\/03\/MG_6651-600x400.jpg 600w, https:\/\/www.ceara.gov.br\/wp-content\/uploads\/2026\/03\/MG_6651-1200x800.jpg 1200w, https:\/\/www.ceara.gov.br\/wp-content\/uploads\/2026\/03\/MG_6651-768x512.jpg 768w, https:\/\/www.ceara.gov.br\/wp-content\/uploads\/2026\/03\/MG_6651-1536x1024.jpg 1536w, https:\/\/www.ceara.gov.br\/wp-content\/uploads\/2026\/03\/MG_6651-2048x1365.jpg 2048w\" sizes=\"auto, (max-width: 2560px) 100vw, 2560px\"><\/a><\/p>\n<p>Os policiais militares passar\u00e3o seis meses de aspirantado, divididos em duas fases de tr\u00eas meses cada, para ent\u00e3o serem promovidos a 2\u00ba tenente. Uma fase deve ser realizada na Capital ou na Regi\u00e3o Metropolitana de Fortaleza (RMF) e outra a ser cumprida no interior.<\/p>\n<p><a href=\"https:\/\/www.ceara.gov.br\/2026\/03\/10\/pmce-ganha-reforco-de-145-aspirantes-a-oficiais-para-atuacao-em-todo-estado\/_mg_7155-2\/\" rel=\"attachment wp-att-314099\"><img loading=\"lazy\" loading=\"lazy\" decoding=\"async\" class=\"alignnone size-full wp-image-314099\" src=\"https:\/\/www.ceara.gov.br\/wp-content\/uploads\/2026\/03\/MG_7155-scaled.jpg\" alt=\"\" width=\"2560\" height=\"1706\" srcset=\"https:\/\/www.ceara.gov.br\/wp-content\/uploads\/2026\/03\/MG_7155-scaled.jpg 2560w, https:\/\/www.ceara.gov.br\/wp-content\/uploads\/2026\/03\/MG_7155-600x400.jpg 600w, https:\/\/www.ceara.gov.br\/wp-content\/uploads\/2026\/03\/MG_7155-1200x800.jpg 1200w, https:\/\/www.ceara.gov.br\/wp-content\/uploads\/2026\/03\/MG_7155-768x512.jpg 768w, https:\/\/www.ceara.gov.br\/wp-content\/uploads\/2026\/03\/MG_7155-1536x1024.jpg 1536w, https:\/\/www.ceara.gov.br\/wp-content\/uploads\/2026\/03\/MG_7155-2048x1365.jpg 2048w\" sizes=\"auto, (max-width: 2560px) 100vw, 2560px\"><\/a><\/p>\n<p>Roberto S\u00e1 explicou a import\u00e2ncia da chegada dos novos aspirantes para a PMCE.\u201cEstamos falando de uma institui\u00e7\u00e3o bicenten\u00e1ria no nosso pa\u00eds, fundamental para o nosso exerc\u00edcio de ir e vir. Homens e mulheres que efetuam a preven\u00e7\u00e3o e, sempre que necess\u00e1rio, est\u00e3o sempre \u00e0 disposi\u00e7\u00e3o de outras demandas. Hoje recebemos o fruto de toda a lideran\u00e7a, os jovens aspirantes, link entre o estrat\u00e9gico, t\u00e1tico e operacional. \u00c9 extremamente importante para n\u00f3s\u201d, disse.<\/p>\n<p><a href=\"https:\/\/www.ceara.gov.br\/2026\/03\/10\/pmce-ganha-reforco-de-145-aspirantes-a-oficiais-para-atuacao-em-todo-estado\/_mg_6568\/\" rel=\"attachment wp-att-314108\"><img loading=\"lazy\" loading=\"lazy\" decoding=\"async\" class=\"alignnone size-full wp-image-314108\" src=\"https:\/\/www.ceara.gov.br\/wp-content\/uploads\/2026\/03\/MG_6568-scaled.jpg\" alt=\"\" width=\"2560\" height=\"1706\" srcset=\"https:\/\/www.ceara.gov.br\/wp-content\/uploads\/2026\/03\/MG_6568-scaled.jpg 2560w, https:\/\/www.ceara.gov.br\/wp-content\/uploads\/2026\/03\/MG_6568-600x400.jpg 600w, https:\/\/www.ceara.gov.br\/wp-content\/uploads\/2026\/03\/MG_6568-1200x800.jpg 1200w, https:\/\/www.ceara.gov.br\/wp-content\/uploads\/2026\/03\/MG_6568-768x512.jpg 768w, https:\/\/www.ceara.gov.br\/wp-content\/uploads\/2026\/03\/MG_6568-1536x1024.jpg 1536w, https:\/\/www.ceara.gov.br\/wp-content\/uploads\/2026\/03\/MG_6568-2048x1365.jpg 2048w\" sizes=\"auto, (max-width: 2560px) 100vw, 2560px\"><\/a><\/p>\n<p>Os profissionais da seguran\u00e7a p\u00fablica agraciados nesta ter\u00e7a, 124 homens e 21 mulheres, come\u00e7aram o Curso de Forma\u00e7\u00e3o de Oficiais (CFO) na Academia Estadual de Seguran\u00e7a P\u00fablica do Cear\u00e1 (Aesp-CE) em fevereiro de 2024, concluindo o per\u00edodo, com 4.742 horas aulas, em fevereiro deste ano.<\/p>\n<p><a href=\"https:\/\/www.ceara.gov.br\/2026\/03\/10\/pmce-ganha-reforco-de-145-aspirantes-a-oficiais-para-atuacao-em-todo-estado\/_mg_7139\/\" rel=\"attachment wp-att-314098\"><img loading=\"lazy\" loading=\"lazy\" decoding=\"async\" class=\"alignnone size-full wp-image-314098\" src=\"https:\/\/www.ceara.gov.br\/wp-content\/uploads\/2026\/03\/MG_7139-scaled.jpg\" alt=\"\" width=\"2560\" height=\"1706\" srcset=\"https:\/\/www.ceara.gov.br\/wp-content\/uploads\/2026\/03\/MG_7139-scaled.jpg 2560w, https:\/\/www.ceara.gov.br\/wp-content\/uploads\/2026\/03\/MG_7139-600x400.jpg 600w, https:\/\/www.ceara.gov.br\/wp-content\/uploads\/2026\/03\/MG_7139-1200x800.jpg 1200w, https:\/\/www.ceara.gov.br\/wp-content\/uploads\/2026\/03\/MG_7139-768x512.jpg 768w, https:\/\/www.ceara.gov.br\/wp-content\/uploads\/2026\/03\/MG_7139-1536x1024.jpg 1536w, https:\/\/www.ceara.gov.br\/wp-content\/uploads\/2026\/03\/MG_7139-2048x1365.jpg 2048w\" sizes=\"auto, (max-width: 2560px) 100vw, 2560px\"><\/a><\/p>\n<p>Coronel Sinval Sampaio, comandante-geral da corpora\u00e7\u00e3o, comemorou a chegada do refor\u00e7o para a PMCE, falando com propriedade sobre o papel dos oficiais na institui\u00e7\u00e3o. \u201cS\u00e3o dois anos para que todos se tornem l\u00edderes. Eles v\u00e3o comandar pessoas e compreender quais as necessidades do nosso policiamento. Ser\u00e3o os homens e as mulheres que ir\u00e3o arrastar outros homens e mulheres para o cumprimento da miss\u00e3o. Esse \u00e9 o papel principal do oficial, ser aquele que guia, que conduz suas tropas para que o trabalho seja feito\u201d, ressaltou.<\/p>\n<p><a href=\"https:\/\/www.ceara.gov.br\/2026\/03\/10\/pmce-ganha-reforco-de-145-aspirantes-a-oficiais-para-atuacao-em-todo-estado\/_mg_6877\/\" rel=\"attachment wp-att-314111\"><img loading=\"lazy\" loading=\"lazy\" decoding=\"async\" class=\"alignnone size-full wp-image-314111\" src=\"https:\/\/www.ceara.gov.br\/wp-content\/uploads\/2026\/03\/MG_6877-scaled.jpg\" alt=\"\" width=\"2560\" height=\"1706\" srcset=\"https:\/\/www.ceara.gov.br\/wp-content\/uploads\/2026\/03\/MG_6877-scaled.jpg 2560w, https:\/\/www.ceara.gov.br\/wp-content\/uploads\/2026\/03\/MG_6877-600x400.jpg 600w, https:\/\/www.ceara.gov.br\/wp-content\/uploads\/2026\/03\/MG_6877-1200x800.jpg 1200w, https:\/\/www.ceara.gov.br\/wp-content\/uploads\/2026\/03\/MG_6877-768x512.jpg 768w, https:\/\/www.ceara.gov.br\/wp-content\/uploads\/2026\/03\/MG_6877-1536x1024.jpg 1536w, https:\/\/www.ceara.gov.br\/wp-content\/uploads\/2026\/03\/MG_6877-2048x1365.jpg 2048w\" sizes=\"auto, (max-width: 2560px) 100vw, 2560px\"><\/a><\/p>\n<p><a href=\"https:\/\/www.ceara.gov.br\/2026\/03\/10\/pmce-ganha-reforco-de-145-aspirantes-a-oficiais-para-atuacao-em-todo-estado\/_mg_6847\/\" rel=\"attachment wp-att-314110\"><img loading=\"lazy\" loading=\"lazy\" decoding=\"async\" class=\"alignnone size-full wp-image-314110\" src=\"https:\/\/www.ceara.gov.br\/wp-content\/uploads\/2026\/03\/MG_6847-scaled.jpg\" alt=\"\" width=\"2560\" height=\"1706\" srcset=\"https:\/\/www.ceara.gov.br\/wp-content\/uploads\/2026\/03\/MG_6847-scaled.jpg 2560w, https:\/\/www.ceara.gov.br\/wp-content\/uploads\/2026\/03\/MG_6847-600x400.jpg 600w, https:\/\/www.ceara.gov.br\/wp-content\/uploads\/2026\/03\/MG_6847-1200x800.jpg 1200w, https:\/\/www.ceara.gov.br\/wp-content\/uploads\/2026\/03\/MG_6847-768x512.jpg 768w, https:\/\/www.ceara.gov.br\/wp-content\/uploads\/2026\/03\/MG_6847-1536x1024.jpg 1536w, https:\/\/www.ceara.gov.br\/wp-content\/uploads\/2026\/03\/MG_6847-2048x1365.jpg 2048w\" sizes=\"auto, (max-width: 2560px) 100vw, 2560px\"><\/a><\/p>\n<p>Os militares tiveram aulas de atendimento pr\u00e9-hospitalar, criminologia, direito, gest\u00e3o de pessoas, \u00e9tica e cidadania, media\u00e7\u00e3o e resolu\u00e7\u00e3o de conflitos, planejamento, defesa pessoal, armamento, intelig\u00eancia policial, tipos de policiamento, condu\u00e7\u00e3o de ve\u00edculo de emerg\u00eancia, psicologia aplicada ao policial militar, entre outros.<\/p>\n<p><a href=\"https:\/\/www.ceara.gov.br\/2026\/03\/10\/pmce-ganha-reforco-de-145-aspirantes-a-oficiais-para-atuacao-em-todo-estado\/_mg_6705\/\" rel=\"attachment wp-att-314106\"><img loading=\"lazy\" loading=\"lazy\" decoding=\"async\" class=\"alignnone size-full wp-image-314106\" src=\"https:\/\/www.ceara.gov.br\/wp-content\/uploads\/2026\/03\/MG_6705-scaled.jpg\" alt=\"\" width=\"2560\" height=\"1706\" srcset=\"https:\/\/www.ceara.gov.br\/wp-content\/uploads\/2026\/03\/MG_6705-scaled.jpg 2560w, https:\/\/www.ceara.gov.br\/wp-content\/uploads\/2026\/03\/MG_6705-600x400.jpg 600w, https:\/\/www.ceara.gov.br\/wp-content\/uploads\/2026\/03\/MG_6705-1200x800.jpg 1200w, https:\/\/www.ceara.gov.br\/wp-content\/uploads\/2026\/03\/MG_6705-768x512.jpg 768w, https:\/\/www.ceara.gov.br\/wp-content\/uploads\/2026\/03\/MG_6705-1536x1024.jpg 1536w, https:\/\/www.ceara.gov.br\/wp-content\/uploads\/2026\/03\/MG_6705-2048x1365.jpg 2048w\" sizes=\"auto, (max-width: 2560px) 100vw, 2560px\"><\/a><\/p>\n<p>Diretor-geral da Aesp, Leonardo Barreto exaltou o esfor\u00e7o dos novos profissionais e agradeceu o apoio do governador Elmano de Freitas. \u201cO dia de hoje \u00e9 um dia aben\u00e7oado para o Cear\u00e1 e para as nossas for\u00e7as de seguran\u00e7a. Desde o in\u00edcio de seu mandato, o nosso governador disse que daria melhores condi\u00e7\u00f5es para os nossos profissionais e isso vem sendo cumprido. Foram dois anos de forma\u00e7\u00e3o \u00e1rdua, com um interc\u00e2mbio de conhecimentos, para que voc\u00eas pudessem trocar de civil para militar. Hoje, todos est\u00e3o aqui coroando, fechando esse ciclo, para uma carreira de prote\u00e7\u00e3o para o nosso povo. Obrigado, governador\u201d, comentou.<\/p>\n<h3>Realiza\u00e7\u00e3o<\/h3>\n<p>Al\u00e9m do amor pela PMCE, Andrey Lisboa e Klysmani Alves dividem a paix\u00e3o de um pelo outro. Como um verdadeiro casal, a dupla serviu de apoio m\u00fatuo durante toda a trajet\u00f3ria do curso de forma\u00e7\u00e3o. \u201cA gente se conhece h\u00e1 oito anos e nos conhecemos estudando para um concurso da PM. Ele conseguiu (na \u00e9poca) a aprova\u00e7\u00e3o e eu segui na luta, mas sempre com seu apoio\u201d, destacou Klysmani, ao detalhar a perseveran\u00e7a do casal, que conseguiu ser aprovado no mesmo concurso anos depois.<\/p>\n<p><a href=\"https:\/\/www.ceara.gov.br\/2026\/03\/10\/pmce-ganha-reforco-de-145-aspirantes-a-oficiais-para-atuacao-em-todo-estado\/_mg_6031\/\" rel=\"attachment wp-att-314104\"><img loading=\"lazy\" loading=\"lazy\" decoding=\"async\" class=\"alignnone size-full wp-image-314104\" src=\"https:\/\/www.ceara.gov.br\/wp-content\/uploads\/2026\/03\/MG_6031-scaled.jpg\" alt=\"\" width=\"2560\" height=\"1706\" srcset=\"https:\/\/www.ceara.gov.br\/wp-content\/uploads\/2026\/03\/MG_6031-scaled.jpg 2560w, https:\/\/www.ceara.gov.br\/wp-content\/uploads\/2026\/03\/MG_6031-600x400.jpg 600w, https:\/\/www.ceara.gov.br\/wp-content\/uploads\/2026\/03\/MG_6031-1200x800.jpg 1200w, https:\/\/www.ceara.gov.br\/wp-content\/uploads\/2026\/03\/MG_6031-768x512.jpg 768w, https:\/\/www.ceara.gov.br\/wp-content\/uploads\/2026\/03\/MG_6031-1536x1024.jpg 1536w, https:\/\/www.ceara.gov.br\/wp-content\/uploads\/2026\/03\/MG_6031-2048x1365.jpg 2048w\" sizes=\"auto, (max-width: 2560px) 100vw, 2560px\"><\/a><\/p>\n<p>\u201cCom toda a rotina pesada de estudo, com o apoio dela ficou mais f\u00e1cil\u201d, disse Andrey. O policial militar afirmou que desde quando entrou na corpora\u00e7\u00e3o j\u00e1 pensava em alcan\u00e7ar postos maiores. \u201cTodo mundo sonha em ser oficial. Felizmente consegui. Estou bastante feliz em estar com ela, com minha fam\u00edlia vendo tudo isso\u201d, disse.<\/p>\n<p>\u201c\u00c9 uma realiza\u00e7\u00e3o tudo isso. Um sentimento de dever cumprido por conseguir concluir todo esse percurso, essa etapa, acordando cedo, se esfor\u00e7ando. Agora \u00e9 prestar o melhor servi\u00e7o para a nossa popula\u00e7\u00e3o\u201d, completou Klysmani.<\/p>\n<h3>Investimentos que d\u00e3o resultado<\/h3>\n<p>Desde 2023, mais de 3.200 agentes da seguran\u00e7a p\u00fablica foram nomeados ou entraram em per\u00edodo de forma\u00e7\u00e3o, outras 2.124 vagas est\u00e3o abertas por meio de concursos em andamento. Al\u00e9m disso, 1.172 viaturas (sendo 110 com blindagem) e 4.732 armas (com investimento superior a R$ 15 milh\u00f5es) foram entregues.<\/p>\n<p>Em fevereiro de 2026, o Cear\u00e1 teve o m\u00eas menos violento de sua hist\u00f3ria. O n\u00famero de Crimes Violentos Letais e Intencionais (CVLIs) apresentou redu\u00e7\u00e3o de 31.6% em todo territ\u00f3rio cearense, sendo mais de 70% em Fortaleza e superior a 50% na RMF. Maranguape e Maracana\u00fa n\u00e3o apresentaram homic\u00eddios no per\u00edodo.<\/p>\n<p>O primeiro bimestre deste ano, inclusive, tamb\u00e9m apresentou redu\u00e7\u00e3o nos n\u00fameros de Crimes Violentos contra o Patrim\u00f4nio (CVPs), com os roubos caindo 41,3% no Cear\u00e1 e 52,6% na RMF.<\/p>\n<p>O post <a href=\"https:\/\/www.ceara.gov.br\/2026\/03\/10\/pmce-ganha-reforco-de-145-aspirantes-a-oficiais-para-atuacao-em-todo-estado\/\">PMCE ganha refor\u00e7o de 145 aspirantes a oficiais para atua\u00e7\u00e3o em todo estado<\/a> apareceu primeiro em <a href=\"https:\/\/www.ceara.gov.br\/\">Governo do Estado do Cear\u00e1<\/a>.<\/p>\n<\/div>\n","protected":false},"excerpt":{"rendered":"<p>Ainda em fase de aspirantado, os profissionais ir\u00e3o desempenhar fun\u00e7\u00f5es de comando, fiscaliza\u00e7\u00e3o e gest\u00e3o administrativa Em cerim\u00f4nia comandada pelo governador Elmano de Freitas, nesta ter\u00e7a-feira (10), no Centro Integrado de Seguran\u00e7a P\u00fablica (Cisp), em Fortaleza, 145 cadetes da Pol\u00edcia Militar do Cear\u00e1 (PMCE) foram declarados aspirantes a oficiais. Eles ir\u00e3o desempenhar fun\u00e7\u00f5es de comando, [&hellip;]<\/p>\n","protected":false},"author":265,"featured_media":66593,"comment_status":"closed","ping_status":"closed","sticky":false,"template":"","format":"standard","meta":{"_themeisle_gutenberg_block_has_review":false,"_jetpack_memberships_contains_paid_content":false,"footnotes":""},"categories":[4],"tags":[127,130],"class_list":{"0":"post-66592","1":"post","2":"type-post","3":"status-publish","4":"format-standard","5":"has-post-thumbnail","7":"category-regiao","8":"tag-cariri","9":"tag-ceara"},"jetpack_featured_media_url":"https:\/\/crajubaremacao.com.br\/wp-content\/uploads\/2026\/03\/3.jpg","jetpack_sharing_enabled":true,"_links":{"self":[{"href":"https:\/\/crajubaremacao.com.br\/index.php?rest_route=\/wp\/v2\/posts\/66592","targetHints":{"allow":["GET"]}}],"collection":[{"href":"https:\/\/crajubaremacao.com.br\/index.php?rest_route=\/wp\/v2\/posts"}],"about":[{"href":"https:\/\/crajubaremacao.com.br\/index.php?rest_route=\/wp\/v2\/types\/post"}],"author":[{"embeddable":true,"href":"https:\/\/crajubaremacao.com.br\/index.php?rest_route=\/wp\/v2\/users\/265"}],"replies":[{"embeddable":true,"href":"https:\/\/crajubaremacao.com.br\/index.php?rest_route=%2Fwp%2Fv2%2Fcomments&post=66592"}],"version-history":[{"count":0,"href":"https:\/\/crajubaremacao.com.br\/index.php?rest_route=\/wp\/v2\/posts\/66592\/revisions"}],"wp:featuredmedia":[{"embeddable":true,"href":"https:\/\/crajubaremacao.com.br\/index.php?rest_route=\/wp\/v2\/media\/66593"}],"wp:attachment":[{"href":"https:\/\/crajubaremacao.com.br\/index.php?rest_route=%2Fwp%2Fv2%2Fmedia&parent=66592"}],"wp:term":[{"taxonomy":"category","embeddable":true,"href":"https:\/\/crajubaremacao.com.br\/index.php?rest_route=%2Fwp%2Fv2%2Fcategories&post=66592"},{"taxonomy":"post_tag","embeddable":true,"href":"https:\/\/crajubaremacao.com.br\/index.php?rest_route=%2Fwp%2Fv2%2Ftags&post=66592"}],"curies":[{"name":"wp","href":"https:\/\/api.w.org\/{rel}","templated":true}]}}