{"id":66596,"date":"2026-03-11T06:00:28","date_gmt":"2026-03-11T09:00:28","guid":{"rendered":"https:\/\/crajubaremacao.com.br\/?p=66596"},"modified":"2026-03-11T06:00:28","modified_gmt":"2026-03-11T09:00:28","slug":"foto-de-menino-acenando-para-a-mae-antes-de-morrer-em-ataque-a-escola-no-ira-viraliza","status":"publish","type":"post","link":"https:\/\/crajubaremacao.com.br\/?p=66596","title":{"rendered":"Foto de menino acenando para a m\u00e3e antes de morrer em ataque a escola no Ir\u00e3 viraliza"},"content":{"rendered":"<div><img decoding=\"async\" src=\"https:\/\/s2-g1.glbimg.com\/6TVsdc2FevkkqeS246H74s4B44k=\/i.s3.glbimg.com\/v1\/AUTH_59edd422c0c84a879bd37670ae4f538a\/internal_photos\/bs\/2026\/a\/o\/AMDmrcSMiBSIBVb6uZew\/hcp8l8jb0aay6c-.png\"><br \/>     V\u00eddeo mostra m\u00edssil dos EUA atingindo base ao lado de escola no Ir\u00e3<br \/>\nUma foto de um menino que morreu durante um ataque a uma escola no Ir\u00e3 viralizou nas redes sociais nos \u00faltimos dias. A imagem mostra Mikaeil Mirdoraghi acenando para a m\u00e3e antes de ir para a aula. Segundo a imprensa iraniana, ele morreu no dia 28 de fevereiro, no primeiro dia da guerra.<br \/>\n&#x2705; Siga o canal de not\u00edcias internacionais do g1 no WhatsApp<br \/>\nO ataque atingiu uma escola em Minab, no sul do Ir\u00e3, e matou 175 pessoas. A maioria das v\u00edtimas era de crian\u00e7as, segundo o jornal The New York Times. O governo do Ir\u00e3 atribui o bombardeio aos Estados Unidos e a Israel.<br \/>\nEm entrevista ao jornal Hamshahri, controlado pela prefeitura de Teer\u00e3, a m\u00e3e do menino afirmou que o filho pediu para ser fotografado antes de sair de casa para ir \u00e0 escola. O relato foi divulgado nesta ter\u00e7a-feira (10).<br \/>\nEla tamb\u00e9m contou como foram as \u00faltimas horas de vida do filho. \u201cNa noite anterior, ele disse: \u2018M\u00e3e, a comida que voc\u00ea fez tem gosto de para\u00edso\u2019\u201d, afirmou. Segundo ela, o filho tamb\u00e9m brincou de guerra com o irm\u00e3o antes de dormir.<br \/>\n\u201c\u00c0 meia-noite, ele veio, colocou os travesseiros ao redor dele, sentou com o irm\u00e3o e disse: \u2018Vem, eu sou o Ir\u00e3, irm\u00e3o, voc\u00ea \u00e9 os Estados Unidos.\u2019\u201d, relatou.<br \/>\nDurante a brincadeira, ainda segundo a m\u00e3e, o menino comemorou: \u201cO Ir\u00e3 venceu. Eu era o Ir\u00e3 e venci\u201d.<br \/>\nFoto de Mikaeil Mirdoraghi viralizou nas redes sociais<br \/>\nReprodu\u00e7\u00e3o<br \/>\nO nome de Mikaeil aparece em listas de v\u00edtimas divulgadas pela m\u00eddia iraniana, que trata as crian\u00e7as mortas como \u201cm\u00e1rtires\u201d. Autoridades do pa\u00eds classificam o epis\u00f3dio como crime de guerra.<br \/>\nA foto do menino se despedindo da m\u00e3e passou a circular como s\u00edmbolo do ataque, sendo compartilhada por perfis ligados ao governo iraniano e por usu\u00e1rios nas redes sociais.<br \/>\nO g1 submeteu a imagem a ferramentas de detec\u00e7\u00e3o de uso de intelig\u00eancia artificial, que indicaram alta probabilidade de a foto ser aut\u00eantica.<br \/>\nAutoria do ataque<br \/>\nPessoas carregam caix\u00f5es no funeral das v\u00edtimas ap\u00f3s um ataque a uma escola, em meio ao conflito EUA-Israel com o Ir\u00e3, em Minab, Ir\u00e3, 3 de mar\u00e7o de 2026<br \/>\nAmirhossein Khorgooei\/ISNA\/WANA<br \/>\nReportagem publicada pelo New York Times na segunda-feira (9) aponta que imagens divulgadas do ataque mostram um m\u00edssil dos Estados Unidos caindo pr\u00f3ximo \u00e0 escola de Minab.<br \/>\nO jornal informou ter reunido um conjunto de evid\u00eancias \u2014 como imagens de sat\u00e9lite, relatos e outros v\u00eddeos verificados \u2014 que indicam que o pr\u00e9dio da escola foi atingido em um ataque de precis\u00e3o.<br \/>\nSegundo o Times, o v\u00eddeo divulgado pela Mehr mostra um m\u00edssil americano atingindo o que seria uma cl\u00ednica m\u00e9dica dentro da base naval.<br \/>\nEm seguida, aparecem colunas de poeira e fuma\u00e7a se elevando na regi\u00e3o da escola prim\u00e1ria. Para o jornal, isso sugere que a escola foi atingida pouco antes da base naval.<br \/>\nImagens de sat\u00e9lite indicam que outros pontos da instala\u00e7\u00e3o militar tamb\u00e9m foram atingidos.<br \/>\nEntre as partes envolvidas no conflito, apenas os EUA possuem m\u00edsseis Tomahawk.<br \/>\nNa semana passada, a ag\u00eancia Reuters revelou que uma investiga\u00e7\u00e3o preliminar conduzida pelos militares americanos apontou que for\u00e7as dos EUA provavelmente foram respons\u00e1veis pelo ataque que atingiu a escola.<br \/>\nO presidente dos Estados Unidos, Donald Trump, afirmou que o caso est\u00e1 sendo investigado. Antes, ele chegou a dizer que o pr\u00f3prio Ir\u00e3 poderia ter sido respons\u00e1vel pelo ataque.<br \/>\nV\u00cdDEOS: mais assistidos do g1<\/div>\n","protected":false},"excerpt":{"rendered":"<p>V\u00eddeo mostra m\u00edssil dos EUA atingindo base ao lado de escola no Ir\u00e3 Uma foto de um menino que morreu durante um ataque a uma escola no Ir\u00e3 viralizou nas redes sociais nos \u00faltimos dias. A imagem mostra Mikaeil Mirdoraghi acenando para a m\u00e3e antes de ir para a aula. Segundo a imprensa iraniana, ele [&hellip;]<\/p>\n","protected":false},"author":261,"featured_media":66597,"comment_status":"closed","ping_status":"closed","sticky":false,"template":"","format":"standard","meta":{"_themeisle_gutenberg_block_has_review":false,"_jetpack_memberships_contains_paid_content":false,"footnotes":""},"categories":[5],"tags":[155],"class_list":{"0":"post-66596","1":"post","2":"type-post","3":"status-publish","4":"format-standard","5":"has-post-thumbnail","7":"category-internacionais","8":"tag-mundo"},"jetpack_featured_media_url":"https:\/\/crajubaremacao.com.br\/wp-content\/uploads\/2026\/03\/hcp8l8jb0aay6c-.png","jetpack_sharing_enabled":true,"_links":{"self":[{"href":"https:\/\/crajubaremacao.com.br\/index.php?rest_route=\/wp\/v2\/posts\/66596","targetHints":{"allow":["GET"]}}],"collection":[{"href":"https:\/\/crajubaremacao.com.br\/index.php?rest_route=\/wp\/v2\/posts"}],"about":[{"href":"https:\/\/crajubaremacao.com.br\/index.php?rest_route=\/wp\/v2\/types\/post"}],"author":[{"embeddable":true,"href":"https:\/\/crajubaremacao.com.br\/index.php?rest_route=\/wp\/v2\/users\/261"}],"replies":[{"embeddable":true,"href":"https:\/\/crajubaremacao.com.br\/index.php?rest_route=%2Fwp%2Fv2%2Fcomments&post=66596"}],"version-history":[{"count":0,"href":"https:\/\/crajubaremacao.com.br\/index.php?rest_route=\/wp\/v2\/posts\/66596\/revisions"}],"wp:featuredmedia":[{"embeddable":true,"href":"https:\/\/crajubaremacao.com.br\/index.php?rest_route=\/wp\/v2\/media\/66597"}],"wp:attachment":[{"href":"https:\/\/crajubaremacao.com.br\/index.php?rest_route=%2Fwp%2Fv2%2Fmedia&parent=66596"}],"wp:term":[{"taxonomy":"category","embeddable":true,"href":"https:\/\/crajubaremacao.com.br\/index.php?rest_route=%2Fwp%2Fv2%2Fcategories&post=66596"},{"taxonomy":"post_tag","embeddable":true,"href":"https:\/\/crajubaremacao.com.br\/index.php?rest_route=%2Fwp%2Fv2%2Ftags&post=66596"}],"curies":[{"name":"wp","href":"https:\/\/api.w.org\/{rel}","templated":true}]}}