{"id":66608,"date":"2026-03-11T12:25:33","date_gmt":"2026-03-11T15:25:33","guid":{"rendered":"https:\/\/crajubaremacao.com.br\/?p=66608"},"modified":"2026-03-11T12:25:33","modified_gmt":"2026-03-11T15:25:33","slug":"camara-aprova-aumento-de-pena-para-lesoes-corporais-graves-contra-mulheres","status":"publish","type":"post","link":"https:\/\/crajubaremacao.com.br\/?p=66608","title":{"rendered":"C\u00e2mara aprova aumento de pena para les\u00f5es corporais graves contra mulheres"},"content":{"rendered":"<div>\n<div style=\"margin-bottom: 15px;\"><img decoding=\"async\" class=\"type:primaryImage\" src=\"https:\/\/jpimg.com.br\/uploads\/2025\/04\/oft20250424003-750x500.jpg\"><\/div>\n<p><?xml encoding=\"UTF-8\"><\/p>\n<p>A C\u00e2mara dos Deputados aprovou, na ter\u00e7a-feira (10), um projeto de lei que <strong>estabelece penas mais duras<\/strong> para os crimes de <strong>les\u00e3o corporal grave<\/strong>, <strong>grav\u00edssima<\/strong> ou <strong>seguida de morte<\/strong> praticados contra mulheres, quando motivados pela condi\u00e7\u00e3o de g\u00eanero. A proposta agora ser\u00e1 enviada para a an\u00e1lise do Senado.<\/p>\n<p>O projeto foi originalmente <strong>apresentado pela deputada Nely Aquino<\/strong> (Pode-MG) e <strong>aprovado<\/strong> com base nas mudan\u00e7as feitas pela <strong>relatora, a deputada Franciane Bayer<\/strong> (Republicanos-RS). Segundo a relatora, a mudan\u00e7a na lei n\u00e3o \u00e9 um privil\u00e9gio, mas uma prote\u00e7\u00e3o necess\u00e1ria para um grupo que sofre altos n\u00edveis de viol\u00eancia, muitas vezes dentro de casa.<\/p>\n<p>\u201cCriar esse tipo penal espec\u00edfico \u00e9 dar uma resposta clara de que a viol\u00eancia contra a mulher n\u00e3o ser\u00e1 tolerada\u201d, afirmou a deputada. Pela legisla\u00e7\u00e3o brasileira, a agress\u00e3o \u00e9 considerada motivada pelo sexo feminino quando envolve <strong>viol\u00eancia dom\u00e9stica<\/strong> e <strong>familiar<\/strong>, <strong>menosprezo<\/strong> ou <strong>discrimina\u00e7\u00e3o \u00e0 mulher<\/strong>.<\/p>\n<div id=\"attachment_2113267\" style=\"width: 760px\" class=\"wp-caption alignnone\"><img loading=\"lazy\" loading=\"lazy\" decoding=\"async\" aria-describedby=\"caption-attachment-2113267\" class=\"size-medium wp-image-2113267\" src=\"https:\/\/jpimg.com.br\/uploads\/2026\/03\/foto-jp-1-6-750x450.png\" alt=\"Deputada federal Franciane Bayer (Republicanos-RS)\" width=\"750\" height=\"450\" srcset=\"\/\/jpimg.com.br\/uploads\/2026\/03\/foto-jp-1-6-750x450.png 750w, \/\/jpimg.com.br\/uploads\/2026\/03\/foto-jp-1-6-768x461.png 768w, \/\/jpimg.com.br\/uploads\/2026\/03\/foto-jp-1-6-345x207.png 345w, \/\/jpimg.com.br\/uploads\/2026\/03\/foto-jp-1-6-720x432.png 720w, \/\/jpimg.com.br\/uploads\/2026\/03\/foto-jp-1-6-960x576.png 960w, \/\/jpimg.com.br\/uploads\/2026\/03\/foto-jp-1-6-562x337.png 562w, \/\/jpimg.com.br\/uploads\/2026\/03\/foto-jp-1-6-600x360.png 600w, \/\/jpimg.com.br\/uploads\/2026\/03\/foto-jp-1-6.png 1000w\" sizes=\"auto, (max-width: 750px) 100vw, 750px\"><\/p>\n<p id=\"caption-attachment-2113267\" class=\"wp-caption-text\">Deputada federal Franciane Bayer (Republicanos-RS)<\/p>\n<\/div>\n<p>Atualmente, a <strong>les\u00e3o corporal contra a mulher<\/strong> j\u00e1 \u00e9 <strong>considerada um agravante<\/strong>, com pena de <strong>2 a 5 anos de pris\u00e3o<\/strong>. Com o novo projeto, essa <strong>puni\u00e7\u00e3o<\/strong> <strong>se mant\u00e9m para les\u00f5es leves<\/strong>, mas o <strong>tempo de pris\u00e3o aumenta para casos mais violentos<\/strong>:<\/p>\n<p><strong>Les\u00e3o grave<\/strong> (ex: perigo de vida, incapacidade por mais de 30 dias ou acelera\u00e7\u00e3o do parto)<strong>:<\/strong> a pena de pris\u00e3o sobe da atual faixa de 1 a 5 anos para 3 a 8 anos;<\/p>\n<p><strong>Les\u00e3o grav\u00edssima<\/strong> (ex: deformidade permanente, perda de membro ou aborto)<strong>:<\/strong> a pena sobe de 2 a 8 anos para 4 a 10 anos;<\/p>\n<p><strong>Les\u00e3o seguida de morte:<\/strong> a puni\u00e7\u00e3o passa de 4 a 12 anos para 5 a 14 anos de pris\u00e3o.<\/p>\n<h2>Aumento de pena<\/h2>\n<p>O texto aprovado tamb\u00e9m cria situa\u00e7\u00f5es em que a pena final do agressor poder\u00e1 ser <strong>aumentada de um a dois ter\u00e7os<\/strong>. Isso ocorrer\u00e1 se o crime for cometido:<\/p>\n<ul>\n<li>Com o uso de armas (brancas ou de fogo), veneno, fogo, explosivos ou tortura;<\/li>\n<li>Na frente (f\u00edsica ou virtual) de filhos ou pais da v\u00edtima;<\/li>\n<li>Em descumprimento de medida protetiva de urg\u00eancia;<\/li>\n<li>Contra gestantes, lactantes, pessoas com defici\u00eancia, menores de 14 anos ou maiores de 60 anos;<\/li>\n<li>Por mil\u00edcias ou grupos de exterm\u00ednio.<\/li>\n<\/ul>\n<h2>Crimes hediondos<\/h2>\n<p>O projeto estabelece <strong>regras ainda mais r\u00edgidas<\/strong> para ataques contra <strong>mulheres que trabalham na \u00e1rea da seguran\u00e7a p\u00fablica ou justi\u00e7a<\/strong> (policiais, oficiais de Justi\u00e7a, membros do Minist\u00e9rio P\u00fablico, entre outros), bem como contra as <strong>esposas e familiares<\/strong> (at\u00e9 o terceiro grau) desses profissionais. A puni\u00e7\u00e3o tamb\u00e9m vale para agress\u00f5es cometidas em <strong>institui\u00e7\u00f5es de ensino<\/strong>.<\/p>\n<p>Nestas situa\u00e7\u00f5es espec\u00edficas, se a les\u00e3o for grav\u00edssima ou resultar em morte, o ato passar\u00e1 a ser classificado como <strong>crime hediondo<\/strong> \u2014 categoria que n\u00e3o permite pagamento de fian\u00e7a e exige cumprimento inicial da pena em regime fechado.<\/p>\n<p><em>*Com informa\u00e7\u00f5es da Ag\u00eancia C\u00e2mara<\/em><\/p>\n<div class=\"list-related-posts\">\n<h3>Leia tamb\u00e9m<\/h3>\n<div class=\"related-posts-container\">\n<div class=\"related-post-item-container\">\n<div class=\"related-post\">\n<div class=\"img-related-box\">\n                                            <strong><a href=\"https:\/\/jovempan.com.br\/noticias\/brasil\/no-brasil-assessores-de-marco-rubio-conversaram-com-lincoln-gakiya-sobre-pcc.html\" title=\"No Brasil, assessores de Marco Rubio conversaram com Lincoln Gakiya sobre PCC\"><img decoding=\"async\" src=\"https:\/\/jpimg.com.br\/uploads\/2025\/10\/98516cb05b07fda2652632256ea619800bf8569e.jpg\"><\/a><\/strong>\n                                        <\/div>\n<p>                                        <span class=\"box-the-title\"><br \/>\n                                            <strong><a href=\"https:\/\/jovempan.com.br\/noticias\/brasil\/no-brasil-assessores-de-marco-rubio-conversaram-com-lincoln-gakiya-sobre-pcc.html\" title=\"No Brasil, assessores de Marco Rubio conversaram com Lincoln Gakiya sobre PCC\">No Brasil, assessores de Marco Rubio conversaram com Lincoln Gakiya sobre PCC<\/a><\/strong><br \/>\n                                        <\/span>\n                                    <\/div>\n<div class=\"related-post\">\n<div class=\"img-related-box\">\n                                            <strong><a href=\"https:\/\/jovempan.com.br\/noticias\/politica\/pesquisa-meio-ideia-lula-tem-474-no-segundo-turno-e-flavio-bolsonaro-453.html\" title=\"Pesquisa Meio\/Ideia: Lula tem 47,4% no segundo turno e Fl\u00e1vio Bolsonaro, 45,3%\"><img decoding=\"async\" src=\"https:\/\/jpimg.com.br\/uploads\/2025\/12\/imagem-jvp-2025-12-06t134101.817.png\"><\/a><\/strong>\n                                        <\/div>\n<p>                                        <span class=\"box-the-title\"><br \/>\n                                            <strong><a href=\"https:\/\/jovempan.com.br\/noticias\/politica\/pesquisa-meio-ideia-lula-tem-474-no-segundo-turno-e-flavio-bolsonaro-453.html\" title=\"Pesquisa Meio\/Ideia: Lula tem 47,4% no segundo turno e Fl\u00e1vio Bolsonaro, 45,3%\">Pesquisa Meio\/Ideia: Lula tem 47,4% no segundo turno e Fl\u00e1vio Bolsonaro, 45,3%<\/a><\/strong><br \/>\n                                        <\/span>\n                                    <\/div>\n<\/p><\/div>\n<\/p><\/div>\n<\/p><\/div>\n<\/div>\n","protected":false},"excerpt":{"rendered":"<p>A C\u00e2mara dos Deputados aprovou, na ter\u00e7a-feira (10), um projeto de lei que estabelece penas mais duras para os crimes de les\u00e3o corporal grave, grav\u00edssima ou seguida de morte praticados contra mulheres, quando motivados pela condi\u00e7\u00e3o de g\u00eanero. A proposta agora ser\u00e1 enviada para a an\u00e1lise do Senado. O projeto foi originalmente apresentado pela deputada [&hellip;]<\/p>\n","protected":false},"author":117,"featured_media":66609,"comment_status":"closed","ping_status":"closed","sticky":false,"template":"","format":"standard","meta":{"_themeisle_gutenberg_block_has_review":false,"_jetpack_memberships_contains_paid_content":false,"footnotes":""},"categories":[9],"tags":[129],"class_list":{"0":"post-66608","1":"post","2":"type-post","3":"status-publish","4":"format-standard","5":"has-post-thumbnail","7":"category-politica","8":"tag-politica"},"jetpack_featured_media_url":"https:\/\/crajubaremacao.com.br\/wp-content\/uploads\/2026\/03\/oft20250424003-750x500-1.jpg","jetpack_sharing_enabled":true,"_links":{"self":[{"href":"https:\/\/crajubaremacao.com.br\/index.php?rest_route=\/wp\/v2\/posts\/66608","targetHints":{"allow":["GET"]}}],"collection":[{"href":"https:\/\/crajubaremacao.com.br\/index.php?rest_route=\/wp\/v2\/posts"}],"about":[{"href":"https:\/\/crajubaremacao.com.br\/index.php?rest_route=\/wp\/v2\/types\/post"}],"author":[{"embeddable":true,"href":"https:\/\/crajubaremacao.com.br\/index.php?rest_route=\/wp\/v2\/users\/117"}],"replies":[{"embeddable":true,"href":"https:\/\/crajubaremacao.com.br\/index.php?rest_route=%2Fwp%2Fv2%2Fcomments&post=66608"}],"version-history":[{"count":0,"href":"https:\/\/crajubaremacao.com.br\/index.php?rest_route=\/wp\/v2\/posts\/66608\/revisions"}],"wp:featuredmedia":[{"embeddable":true,"href":"https:\/\/crajubaremacao.com.br\/index.php?rest_route=\/wp\/v2\/media\/66609"}],"wp:attachment":[{"href":"https:\/\/crajubaremacao.com.br\/index.php?rest_route=%2Fwp%2Fv2%2Fmedia&parent=66608"}],"wp:term":[{"taxonomy":"category","embeddable":true,"href":"https:\/\/crajubaremacao.com.br\/index.php?rest_route=%2Fwp%2Fv2%2Fcategories&post=66608"},{"taxonomy":"post_tag","embeddable":true,"href":"https:\/\/crajubaremacao.com.br\/index.php?rest_route=%2Fwp%2Fv2%2Ftags&post=66608"}],"curies":[{"name":"wp","href":"https:\/\/api.w.org\/{rel}","templated":true}]}}