{"id":66650,"date":"2026-03-12T06:37:10","date_gmt":"2026-03-12T09:37:10","guid":{"rendered":"https:\/\/crajubaremacao.com.br\/?p=66650"},"modified":"2026-03-12T06:37:10","modified_gmt":"2026-03-12T09:37:10","slug":"alzheimer-na-america-latina-56-dos-casos-poderiam-ser-evitados","status":"publish","type":"post","link":"https:\/\/crajubaremacao.com.br\/?p=66650","title":{"rendered":"Alzheimer na Am\u00e9rica Latina: 56% dos casos poderiam ser evitados"},"content":{"rendered":"<div><img decoding=\"async\" src=\"https:\/\/s2-g1.glbimg.com\/8012bAumfH770JXKUcz4tqP2Txo=\/i.s3.glbimg.com\/v1\/AUTH_59edd422c0c84a879bd37670ae4f538a\/internal_photos\/bs\/2026\/Q\/d\/GFL9BKTrAS60aTtTP6pw\/alzheimerluciacrivelli1.jpg\"><br \/>     Diagn\u00f3stico de Alzheimer: avalia\u00e7\u00e3o precoce influencia no tratamento<br \/>\nNo final de fevereiro, a Associa\u00e7\u00e3o Internacional de Alzheimer (AAIC na sigla em ingl\u00eas) promoveu, ao longo de quatro dias, eventos em diferentes lugares \u2013 Austr\u00e1lia, Reino Unido, Nig\u00e9ria, Kosovo, Costa Rica e Uruguai \u2013 para debater o cen\u00e1rio da doen\u00e7a com abordagens locais. Decidi acompanhar o painel realizado no Uruguai, j\u00e1 que os dados se referiam \u00e0 Am\u00e9rica Latina. Coube \u00e0 pesquisadora argentina Luc\u00eda Crivelli, da Funda\u00e7\u00e3o para a Luta contra as Enfermidades Neurol\u00f3gicas da Inf\u00e2ncia (FLENI), institui\u00e7\u00e3o especializada em neurologia, neurocirurgia e reabilita\u00e7\u00e3o de crian\u00e7as e adultos, fazer a principal apresenta\u00e7\u00e3o, com um alerta importante.<br \/>\nEnquanto, no resto do mundo, 45% dos casos de Alzheimer poderiam ser evitados, o percentual chega a 56% na Am\u00e9rica Latina.<br \/>\nLuc\u00eda Crivelli: chega a 56% o percentual dos casos de Alzheimer que poderiam ser evitados na Am\u00e9rica Latina<br \/>\nDivulga\u00e7\u00e3o<br \/>\nE por que isso acontece? Como explicou a pesquisadora, o foco em preven\u00e7\u00e3o ainda \u00e9 insuficiente. Nosso estilo de vida desempenha um papel crucial nesse tabuleiro de xadrez. Vamos ao meu mantra preferido: praticar atividade f\u00edsica, n\u00e3o fumar, controlar o peso, o colesterol, o n\u00edvel de a\u00e7\u00facar no sangue e o consumo de \u00e1lcool s\u00e3o iniciativas que deveriam constar de todos os programas de sa\u00fade p\u00fablica. Crivelli enumerou outros fatores de prote\u00e7\u00e3o: escolaridade, redu\u00e7\u00e3o da polui\u00e7\u00e3o, preven\u00e7\u00e3o da depress\u00e3o, de traumatismos cranianos e da perda de audi\u00e7\u00e3o e vis\u00e3o \u2013 tendo, como pano de fundo, o est\u00edmulo a conex\u00f5es sociais que sirvam de apoio \u00e0s pessoas.<br \/>\nEmbora tenha insistido na ressalva de que a Am\u00e9rica Latina n\u00e3o pode ser vista como um bloco homog\u00eaneo, ela apresentou uma consolida\u00e7\u00e3o de dados mostrando o impacto de a\u00e7\u00f5es protetoras contra a dem\u00eancia. Na inf\u00e2ncia, juventude e in\u00edcio da vida adulta, investir em escolaridade (n\u00famero anos na escola) diminuiria o risco em 11%. A partir da meia-idade, o controle da hipertens\u00e3o reduziria esse risco em 9%, enquanto o da obesidade responderia por 8%. Evitar a perda de audi\u00e7\u00e3o diminuiria o risco em 8%; tratar a depress\u00e3o, 7%; deixar de fumar, 6%; combater o sedentarismo, 5%; e controlar o diabetes, 3%.<br \/>\nH\u00e1 varia\u00e7\u00f5es entre pa\u00edses: no M\u00e9xico, por exemplo, Crivelli apontou que o foco deveria ser em hipertens\u00e3o e obesidade, al\u00e9m de depress\u00e3o e isolamento. No Brasil, em escolaridade, hipertens\u00e3o, perda auditiva e obesidade. A estimativa \u00e9 de que, no pa\u00eds, tenhamos perto de 2 milh\u00f5es de pessoas com algum tipo de dem\u00eancia, enquanto, na Am\u00e9rica Latina, o total chegue a 10 milh\u00f5es \u2013 os n\u00fameros v\u00e3o triplicar at\u00e9 2050.<br \/>\nA prova de que h\u00e1 uma sa\u00edda para cen\u00e1rio t\u00e3o desolador \u00e9 o FINGER (Finnish Geriatric Intervention Study to Prevent Cognitive Impairment and Disability). Publicado originalmente em 2015 pela m\u00e9dica Miia Kivipelto, professora de geriatria cl\u00ednica do Instituto Karolinska, na Su\u00e9cia, foi o primeiro grande estudo cl\u00ednico a provar que uma interven\u00e7\u00e3o multidom\u00ednio, ou seja, atuar em v\u00e1rias frentes ao mesmo tempo, pode prevenir ou retardar o decl\u00ednio cognitivo em idosos com risco de dem\u00eancia.<br \/>\nPara monitorar e melhorar a sa\u00fade dos participantes, o estudo foca em cinco \u00e1reas simult\u00e2neas:<br \/>\nNutri\u00e7\u00e3o: dieta baseada no padr\u00e3o mediterr\u00e2neo\/n\u00f3rdico (rica em vegetais, frutas, gr\u00e3os integrais, peixes e uso de \u00f3leo de canola\/oliva). S\u00e3o feitas adapta\u00e7\u00f5es de acordo com a realidade de cada pa\u00eds: no M\u00e9xico, onde o azeite \u00e9 muito caro, a alternativa foi substitu\u00ed-lo por abacate; na Bol\u00edvia, a dieta n\u00e3o inclui peixe, item raro no card\u00e1pio.<br \/>\nExerc\u00edcio f\u00edsico: um programa combinando treinamento de for\u00e7a (muscula\u00e7\u00e3o), exerc\u00edcios aer\u00f3bicos e treinos de equil\u00edbrio.<br \/>\nTreinamento cognitivo: exerc\u00edcios para estimular a mem\u00f3ria, velocidade de processamento das informa\u00e7\u00f5es e fun\u00e7\u00f5es executivas.<br \/>\nMonitoramento metab\u00f3lico e vascular: controle rigoroso da press\u00e3o arterial, n\u00edveis de glicose (diabetes), colesterol e \u00edndice de massa corporal (IMC).<br \/>\nAtividade social: por \u00faltimo, mas n\u00e3o menos importante, o combate ao isolamento.<br \/>\nNa Finl\u00e2ndia, os participantes do grupo de interven\u00e7\u00e3o tiveram uma melhora de 25% na pontua\u00e7\u00e3o cognitiva global. Devido ao seu sucesso, o modelo foi expandido globalmente e hoje existe a rede World-Wide FINGERS, que adapta essa metodologia para diferentes culturas e pa\u00edses. Argentina, Bol\u00edvia, Brasil, Chile, Col\u00f4mbia, Costa Rica, Rep\u00fablica Dominicana, Equador, M\u00e9xico, Peru e Uruguai integram o projeto LatAm-FINGERS.<\/div>\n","protected":false},"excerpt":{"rendered":"<p>Diagn\u00f3stico de Alzheimer: avalia\u00e7\u00e3o precoce influencia no tratamento No final de fevereiro, a Associa\u00e7\u00e3o Internacional de Alzheimer (AAIC na sigla em ingl\u00eas) promoveu, ao longo de quatro dias, eventos em diferentes lugares \u2013 Austr\u00e1lia, Reino Unido, Nig\u00e9ria, Kosovo, Costa Rica e Uruguai \u2013 para debater o cen\u00e1rio da doen\u00e7a com abordagens locais. Decidi acompanhar o [&hellip;]<\/p>\n","protected":false},"author":261,"featured_media":66651,"comment_status":"closed","ping_status":"closed","sticky":false,"template":"","format":"standard","meta":{"_themeisle_gutenberg_block_has_review":false,"_jetpack_memberships_contains_paid_content":false,"footnotes":""},"categories":[10],"tags":[156],"class_list":{"0":"post-66650","1":"post","2":"type-post","3":"status-publish","4":"format-standard","5":"has-post-thumbnail","7":"category-saude","8":"tag-saude"},"jetpack_featured_media_url":"https:\/\/crajubaremacao.com.br\/wp-content\/uploads\/2026\/03\/alzheimerluciacrivelli1.jpg","jetpack_sharing_enabled":true,"_links":{"self":[{"href":"https:\/\/crajubaremacao.com.br\/index.php?rest_route=\/wp\/v2\/posts\/66650","targetHints":{"allow":["GET"]}}],"collection":[{"href":"https:\/\/crajubaremacao.com.br\/index.php?rest_route=\/wp\/v2\/posts"}],"about":[{"href":"https:\/\/crajubaremacao.com.br\/index.php?rest_route=\/wp\/v2\/types\/post"}],"author":[{"embeddable":true,"href":"https:\/\/crajubaremacao.com.br\/index.php?rest_route=\/wp\/v2\/users\/261"}],"replies":[{"embeddable":true,"href":"https:\/\/crajubaremacao.com.br\/index.php?rest_route=%2Fwp%2Fv2%2Fcomments&post=66650"}],"version-history":[{"count":0,"href":"https:\/\/crajubaremacao.com.br\/index.php?rest_route=\/wp\/v2\/posts\/66650\/revisions"}],"wp:featuredmedia":[{"embeddable":true,"href":"https:\/\/crajubaremacao.com.br\/index.php?rest_route=\/wp\/v2\/media\/66651"}],"wp:attachment":[{"href":"https:\/\/crajubaremacao.com.br\/index.php?rest_route=%2Fwp%2Fv2%2Fmedia&parent=66650"}],"wp:term":[{"taxonomy":"category","embeddable":true,"href":"https:\/\/crajubaremacao.com.br\/index.php?rest_route=%2Fwp%2Fv2%2Fcategories&post=66650"},{"taxonomy":"post_tag","embeddable":true,"href":"https:\/\/crajubaremacao.com.br\/index.php?rest_route=%2Fwp%2Fv2%2Ftags&post=66650"}],"curies":[{"name":"wp","href":"https:\/\/api.w.org\/{rel}","templated":true}]}}