{"id":66659,"date":"2026-03-12T12:10:13","date_gmt":"2026-03-12T15:10:13","guid":{"rendered":"https:\/\/crajubaremacao.com.br\/?p=66659"},"modified":"2026-03-12T12:10:13","modified_gmt":"2026-03-12T15:10:13","slug":"cidade-de-sp-entra-em-alerta-vermelho-para-fortes-chuvas-e-alagamentos","status":"publish","type":"post","link":"https:\/\/crajubaremacao.com.br\/?p=66659","title":{"rendered":"Cidade de SP entra em alerta vermelho para fortes chuvas e alagamentos"},"content":{"rendered":"<div>\n<div style=\"margin-bottom: 15px;\"><img decoding=\"async\" class=\"type:primaryImage\" src=\"https:\/\/crajubaremacao.com.br\/wp-content\/uploads\/2026\/03\/design-sem-nome-51-750x450-1.png\"><\/div>\n<p><?xml encoding=\"UTF-8\"><\/p>\n<p>O Instituto Nacional de Meteorologia (Inmet) colocou a cidade de S\u00e3o Paulo sob <strong>alerta vermelho<\/strong>, de <strong>grande perigo<\/strong>, para acumulado de chuva, entre \u00e0 0h e \u00e0s 23h59 desta quinta-feira (12).<\/p>\n<p>De acordo com o \u00f3rg\u00e3o, h\u00e1 <strong>risco de chuva superior a 60 mil\u00edmetros por hora<\/strong> ou <strong>acima de 100 mil\u00edmetros por dia<\/strong>, al\u00e9m de <strong>potencial para grandes alagamentos<\/strong>, <strong>transbordamentos de rios<\/strong> e <strong>deslizamentos de encostas<\/strong>.<\/p>\n<p>Al\u00e9m da capital, o alerta tamb\u00e9m \u00e9 v\u00e1lido para toda a <strong>regi\u00e3o metropolitana de S\u00e3o Paulo<\/strong>, <strong>Campinas<\/strong>, <strong>Piracicaba<\/strong>, <strong>Vale do Para\u00edba<\/strong> e <strong>litoral sul<\/strong>.<\/p>\n<p>A quinta-feira j\u00e1 <strong>amanheceu com chuva e frio<\/strong> em S\u00e3o Paulo. Segundo o Centro de Gerenciamento de Emerg\u00eancias Clim\u00e1ticas da Prefeitura de S\u00e3o Paulo (CGE), a maior parte das \u00e1reas de instabilidade que causaram chuva durante toda a madrugada j\u00e1 se encontra na regi\u00e3o do Vale do Para\u00edba, no litoral norte e na divisa com Minas Gerais, mas a chuva deve persistir.<\/p>\n<p>Durante a manh\u00e3, a precipita\u00e7\u00e3o foi fraca, mas pode ganhar intensidade moderada a forte ao longo do dia. \u201cH\u00e1 potencial para forma\u00e7\u00e3o de alagamentos e aten\u00e7\u00e3o com o solo encharcado dos \u00faltimos dias, o que eleva o risco de deslizamentos de terra nas \u00e1reas de risco\u201d, informou o \u00f3rg\u00e3o. A <strong>temperatura deve ficar entre 18\u00baC e 22\u00baC<\/strong>.<\/p>\n<p>Na sexta-feira (13), os term\u00f4metros devem ficar <strong>um pouco mais elevados<\/strong>, com <strong>m\u00ednima de 19\u00baC<\/strong> e <strong>m\u00e1xima de 25\u00baC<\/strong>. No entanto, a chuva volta a marcar presen\u00e7a a partir das primeiras horas da tarde, com previs\u00e3o de <strong>pancadas isoladas de at\u00e9 forte intensidade<\/strong> e <strong>potencial para a forma\u00e7\u00e3o de alagamentos<\/strong>.<\/p>\n<p><em>*Com informa\u00e7\u00f5es do Estad\u00e3o Conte\u00fado<\/em><\/p>\n<div class=\"list-related-posts\">\n<h3>Leia tamb\u00e9m<\/h3>\n<div class=\"related-posts-container\">\n<div class=\"related-post-item-container\">\n<div class=\"related-post\">\n<div class=\"img-related-box\">\n                                            <strong><a href=\"https:\/\/jovempan.com.br\/noticias\/brasil\/defesa-de-marcola-cita-decisao-de-mendonca-e-pede-que-visitas-nao-sejam-gravadas.html\" title=\"Defesa de Marcola cita decis\u00e3o de Mendon\u00e7a e pede que visitas n\u00e3o sejam gravadas\"><img decoding=\"async\" src=\"https:\/\/crajubaremacao.com.br\/wp-content\/uploads\/2026\/03\/marcola66143001.jpg\"><\/a><\/strong>\n                                        <\/div>\n<p>                                        <span class=\"box-the-title\"><br \/>\n                                            <strong><a href=\"https:\/\/jovempan.com.br\/noticias\/brasil\/defesa-de-marcola-cita-decisao-de-mendonca-e-pede-que-visitas-nao-sejam-gravadas.html\" title=\"Defesa de Marcola cita decis\u00e3o de Mendon\u00e7a e pede que visitas n\u00e3o sejam gravadas\">Defesa de Marcola cita decis\u00e3o de Mendon\u00e7a e pede que visitas n\u00e3o sejam gravadas<\/a><\/strong><br \/>\n                                        <\/span>\n                                    <\/div>\n<div class=\"related-post\">\n<div class=\"img-related-box\">\n                                            <strong><a href=\"https:\/\/jovempan.com.br\/noticias\/economia\/ipca-registra-alta-de-070-em-fevereiro-impulsionado-por-educacao.html\" title=\"IPCA registra alta de 0,70% em fevereiro, impulsionado por educa\u00e7\u00e3o\"><img decoding=\"async\" src=\"https:\/\/crajubaremacao.com.br\/wp-content\/uploads\/2026\/03\/whatsapp-image-2025-09-15-at-154248.jpeg\"><\/a><\/strong>\n                                        <\/div>\n<p>                                        <span class=\"box-the-title\"><br \/>\n                                            <strong><a href=\"https:\/\/jovempan.com.br\/noticias\/economia\/ipca-registra-alta-de-070-em-fevereiro-impulsionado-por-educacao.html\" title=\"IPCA registra alta de 0,70% em fevereiro, impulsionado por educa\u00e7\u00e3o\">IPCA registra alta de 0,70% em fevereiro, impulsionado por educa\u00e7\u00e3o<\/a><\/strong><br \/>\n                                        <\/span>\n                                    <\/div>\n<\/p><\/div>\n<\/p><\/div>\n<\/p><\/div>\n<\/div>\n","protected":false},"excerpt":{"rendered":"<p>O Instituto Nacional de Meteorologia (Inmet) colocou a cidade de S\u00e3o Paulo sob alerta vermelho, de grande perigo, para acumulado de chuva, entre \u00e0 0h e \u00e0s 23h59 desta quinta-feira (12). De acordo com o \u00f3rg\u00e3o, h\u00e1 risco de chuva superior a 60 mil\u00edmetros por hora ou acima de 100 mil\u00edmetros por dia, al\u00e9m de [&hellip;]<\/p>\n","protected":false},"author":117,"featured_media":66660,"comment_status":"closed","ping_status":"closed","sticky":false,"template":"","format":"standard","meta":{"_themeisle_gutenberg_block_has_review":false,"_jetpack_memberships_contains_paid_content":false,"footnotes":""},"categories":[2],"tags":[150],"class_list":{"0":"post-66659","1":"post","2":"type-post","3":"status-publish","4":"format-standard","5":"has-post-thumbnail","7":"category-brasil","8":"tag-brasil"},"jetpack_featured_media_url":"https:\/\/crajubaremacao.com.br\/wp-content\/uploads\/2026\/03\/design-sem-nome-51-750x450-1.png","jetpack_sharing_enabled":true,"_links":{"self":[{"href":"https:\/\/crajubaremacao.com.br\/index.php?rest_route=\/wp\/v2\/posts\/66659","targetHints":{"allow":["GET"]}}],"collection":[{"href":"https:\/\/crajubaremacao.com.br\/index.php?rest_route=\/wp\/v2\/posts"}],"about":[{"href":"https:\/\/crajubaremacao.com.br\/index.php?rest_route=\/wp\/v2\/types\/post"}],"author":[{"embeddable":true,"href":"https:\/\/crajubaremacao.com.br\/index.php?rest_route=\/wp\/v2\/users\/117"}],"replies":[{"embeddable":true,"href":"https:\/\/crajubaremacao.com.br\/index.php?rest_route=%2Fwp%2Fv2%2Fcomments&post=66659"}],"version-history":[{"count":0,"href":"https:\/\/crajubaremacao.com.br\/index.php?rest_route=\/wp\/v2\/posts\/66659\/revisions"}],"wp:featuredmedia":[{"embeddable":true,"href":"https:\/\/crajubaremacao.com.br\/index.php?rest_route=\/wp\/v2\/media\/66660"}],"wp:attachment":[{"href":"https:\/\/crajubaremacao.com.br\/index.php?rest_route=%2Fwp%2Fv2%2Fmedia&parent=66659"}],"wp:term":[{"taxonomy":"category","embeddable":true,"href":"https:\/\/crajubaremacao.com.br\/index.php?rest_route=%2Fwp%2Fv2%2Fcategories&post=66659"},{"taxonomy":"post_tag","embeddable":true,"href":"https:\/\/crajubaremacao.com.br\/index.php?rest_route=%2Fwp%2Fv2%2Ftags&post=66659"}],"curies":[{"name":"wp","href":"https:\/\/api.w.org\/{rel}","templated":true}]}}