{"id":66661,"date":"2026-03-12T12:10:22","date_gmt":"2026-03-12T15:10:22","guid":{"rendered":"https:\/\/crajubaremacao.com.br\/?p=66661"},"modified":"2026-03-12T12:10:22","modified_gmt":"2026-03-12T15:10:22","slug":"no-chile-corina-machado-encontra-com-flavio-e-fala-em-justica-para-nossos-paises","status":"publish","type":"post","link":"https:\/\/crajubaremacao.com.br\/?p=66661","title":{"rendered":"No Chile, Corina Machado encontra com Fl\u00e1vio e fala em \u2018justi\u00e7a para nossos pa\u00edses\u2019"},"content":{"rendered":"<div>\n<div style=\"margin-bottom: 15px;\"><img decoding=\"async\" class=\"type:primaryImage\" src=\"https:\/\/jpimg.com.br\/uploads\/2026\/03\/imagem-jvp-2026-03-12t120103.689-750x450.png\"><\/div>\n<p><?xml encoding=\"UTF-8\"><\/p>\n<p>A l\u00edder opositora venezuelana Mar\u00eda Corina Machado, vencedora do Pr\u00eamio Nobel da Paz de 2025, afirmou esperar coopera\u00e7\u00e3o <strong>\u201cpela justi\u00e7a e democracia nos nossos pa\u00edses\u201d<\/strong> ap\u00f3s encontro com o senador Fl\u00e1vio Bolsonaro (PL), pr\u00e9-candidato \u00e0 Presid\u00eancia do Brasil. A declara\u00e7\u00e3o foi feita durante a cerim\u00f4nia de posse do novo presidente do Chile, Jos\u00e9 Antonio Kast, realizada nesta quarta-feira (11).<\/p>\n<p><strong>O senador brasileiro se encontrou com a pol\u00edtica venezuelana nos bastidores do evento<\/strong>, que reuniu lideran\u00e7as internacionais no Congresso chileno, em Valpara\u00edso.<\/p>\n<p>Corina recebeu o Nobel da Paz por sua atua\u00e7\u00e3o em defesa da democracia na Venezuela. Em janeiro deste ano, ela <strong>entregou a medalha do pr\u00eamio ao presidente dos Estados Unidos, Donald Trump,<\/strong> como gesto de reconhecimento ap\u00f3s a opera\u00e7\u00e3o de for\u00e7as americanas que resultou na <strong>pris\u00e3o do l\u00edder venezuelano Nicol\u00e1s Maduro em Caracas.<\/strong><\/p>\n<p>Durante a conversa, Fl\u00e1vio parabenizou a opositora pela premia\u00e7\u00e3o e elogiou sua atua\u00e7\u00e3o como uma das principais vozes contra o governo de Nicol\u00e1s Maduro.<\/p>\n<p>Em publica\u00e7\u00e3o nas redes sociais ap\u00f3s o encontro, Machado afirmou que espera manter contato com o senador brasileiro. \u201cEspero poder manter contato e nos ajudarmos. Pela justi\u00e7a e democracia nos nossos pa\u00edses\u201d, escreveu.<\/p>\n<p><strong>Fl\u00e1vio ainda elogiou a l\u00edder opositora venezuelana<\/strong>. \u201cA ganhadora do Pr\u00eamio Nobel \u00e9 sempre uma inspira\u00e7\u00e3o para n\u00f3s que lutamos contra os retrocessos e o autoritarismo das esquerdas. Viva a liberdade!\u201d, escreveu o senador nas redes sociais.<\/p>\n<blockquote class=\"instagram-media\" style=\"background: #FFF; border: 0; border-radius: 3px; box-shadow: 0 0 1px 0 rgba(0,0,0,0.5),0 1px 10px 0 rgba(0,0,0,0.15); margin: 1px; max-width: 540px; min-width: 326px; padding: 0; width: calc(100% - 2px);\" data-instgrm-captioned=\"\" data-instgrm-permalink=\"https:\/\/www.instagram.com\/reel\/DVwLEAGDD2V\/?utm_source=ig_embed&amp;utm_campaign=loading\" data-instgrm-version=\"14\">\n<div style=\"padding: 16px;\">\n\u00a0<\/p>\n<div style=\"display: flex; flex-direction: row; align-items: center;\">\n<div style=\"background-color: #f4f4f4; border-radius: 50%; flex-grow: 0; height: 40px; margin-right: 14px; width: 40px;\"><\/div>\n<div style=\"display: flex; flex-direction: column; flex-grow: 1; justify-content: center;\">\n<div style=\"background-color: #f4f4f4; border-radius: 4px; flex-grow: 0; height: 14px; margin-bottom: 6px; width: 100px;\"><\/div>\n<div style=\"background-color: #f4f4f4; border-radius: 4px; flex-grow: 0; height: 14px; width: 60px;\"><\/div>\n<\/div>\n<\/div>\n<div style=\"padding: 19% 0;\"><\/div>\n<div style=\"display: block; height: 50px; margin: 0 auto 12px; width: 50px;\"><\/div>\n<div style=\"padding-top: 8px;\">\n<div style=\"color: #3897f0; font-family: Arial,sans-serif; font-size: 14px; font-style: normal; font-weight: 550; line-height: 18px;\">Ver essa foto no Instagram<\/div>\n<\/div>\n<div style=\"padding: 12.5% 0;\"><\/div>\n<div style=\"display: flex; flex-direction: row; margin-bottom: 14px; align-items: center;\">\n<div>\n<div style=\"background-color: #f4f4f4; border-radius: 50%; height: 12.5px; width: 12.5px; transform: translateX(0px) translateY(7px);\"><\/div>\n<div style=\"background-color: #f4f4f4; height: 12.5px; transform: rotate(-45deg) translateX(3px) translateY(1px); width: 12.5px; flex-grow: 0; margin-right: 14px; margin-left: 2px;\"><\/div>\n<div style=\"background-color: #f4f4f4; border-radius: 50%; height: 12.5px; width: 12.5px; transform: translateX(9px) translateY(-18px);\"><\/div>\n<\/div>\n<div style=\"margin-left: 8px;\">\n<div style=\"background-color: #f4f4f4; border-radius: 50%; flex-grow: 0; height: 20px; width: 20px;\"><\/div>\n<div style=\"width: 0; height: 0; border-top: 2px solid transparent; border-left: 6px solid #f4f4f4; border-bottom: 2px solid transparent; transform: translateX(16px) translateY(-4px) rotate(30deg);\"><\/div>\n<\/div>\n<div style=\"margin-left: auto;\">\n<div style=\"width: 0px; border-top: 8px solid #F4F4F4; border-right: 8px solid transparent; transform: translateY(16px);\"><\/div>\n<div style=\"background-color: #f4f4f4; flex-grow: 0; height: 12px; width: 16px; transform: translateY(-4px);\"><\/div>\n<div style=\"width: 0; height: 0; border-top: 8px solid #F4F4F4; border-left: 8px solid transparent; transform: translateY(-4px) translateX(8px);\"><\/div>\n<\/div>\n<\/div>\n<div style=\"display: flex; flex-direction: column; flex-grow: 1; justify-content: center; margin-bottom: 24px;\">\n<div style=\"background-color: #f4f4f4; border-radius: 4px; flex-grow: 0; height: 14px; margin-bottom: 6px; width: 224px;\"><\/div>\n<div style=\"background-color: #f4f4f4; border-radius: 4px; flex-grow: 0; height: 14px; width: 144px;\"><\/div>\n<\/div>\n<p>\u00a0<br \/>\nUm post compartilhado por Fla\u0301vio Bolsonaro (@flaviobolsonaro)\n<\/p><\/div>\n<\/blockquote>\n<p><script async src=\"\/\/www.instagram.com\/embed.js\"><\/script><\/p>\n<p>A reuni\u00e3o ocorreu durante a posse de Kast, que marca uma mudan\u00e7a pol\u00edtica no Chile.<strong> O advogado de extrema direita Jos\u00e9 Antonio Kast assumiu a Presid\u00eancia do Chile<\/strong> e se tornou o mandat\u00e1rio conservador mais radical no pa\u00eds desde a ditadura de Augusto Pinochet.<\/p>\n<p>Em encontro com o presidente empossado Jos\u00e9 Antonio Kast, o senador afirmou nas redes sociais ter certeza de que o<strong> Chile \u201cest\u00e1 em boas m\u00e3os\u201d<\/strong> com o novo governo. \u201cBrasil e Chile s\u00e3o na\u00e7\u00f5es irm\u00e3s e podem construir um futuro grandioso com a coopera\u00e7\u00e3o e as parcerias certas\u201d, escreveu.<\/p>\n<p><a href=\"https:\/\/jovempan.com.br\/noticias\/mundo\/lula-desiste-de-ir-a-posse-de-kast-no-chile-que-tera-as-presencas-de-flavio-e-eduardo.html\"><strong>O presidente Luiz In\u00e1cio Lula da Silva (PT) desistiu, na v\u00e9spera, de comparecer \u00e0 posse de Jos\u00e9 Antonio Kast<\/strong><\/a>. O petista havia sido convidado pelo novo presidente chileno, assim como o senador Fl\u00e1vio Bolsonaro.<\/p>\n<p>Em resposta \u00e0 decis\u00e3o, Fl\u00e1vio reagiu e afirmou que <strong>Lula foi \u201cpequeno\u201d ao cancelar a viagem<\/strong>. \u201cLula foi muito pequeno com essa postura, porque ele n\u00e3o consegue conviver com pessoas que pensam diferente dele\u201d, disse ao programa 24 Horas, da Televisi\u00f3n Nacional de Chile (TVN).<\/p>\n<p>Oficialmente, o Brasil foi representado na cerim\u00f4nia pelo ministro das Rela\u00e7\u00f5es Exteriores, Mauro Vieira, que entregou uma carta de Lula com um convite oficial para que Kast visite o Brasil.<\/p>\n<div class=\"list-related-posts\">\n<h3>Leia tamb\u00e9m<\/h3>\n<div class=\"related-posts-container\">\n<div class=\"related-post-item-container\">\n<div class=\"related-post\">\n<div class=\"img-related-box\">\n                                            <strong><a href=\"https:\/\/jovempan.com.br\/noticias\/politica\/pesquisa-meio-ideia-lula-tem-474-no-segundo-turno-e-flavio-bolsonaro-453.html\" title=\"Pesquisa Meio\/Ideia: Lula tem 47,4% no segundo turno e Fl\u00e1vio Bolsonaro, 45,3%\"><img decoding=\"async\" src=\"https:\/\/jpimg.com.br\/uploads\/2025\/12\/imagem-jvp-2025-12-06t134101.817.png\"><\/a><\/strong>\n                                        <\/div>\n<p>                                        <span class=\"box-the-title\"><br \/>\n                                            <strong><a href=\"https:\/\/jovempan.com.br\/noticias\/politica\/pesquisa-meio-ideia-lula-tem-474-no-segundo-turno-e-flavio-bolsonaro-453.html\" title=\"Pesquisa Meio\/Ideia: Lula tem 47,4% no segundo turno e Fl\u00e1vio Bolsonaro, 45,3%\">Pesquisa Meio\/Ideia: Lula tem 47,4% no segundo turno e Fl\u00e1vio Bolsonaro, 45,3%<\/a><\/strong><br \/>\n                                        <\/span>\n                                    <\/div>\n<\/p><\/div>\n<\/p><\/div>\n<\/p><\/div>\n<p>\u00a0<\/p>\n<\/div>\n","protected":false},"excerpt":{"rendered":"<p>A l\u00edder opositora venezuelana Mar\u00eda Corina Machado, vencedora do Pr\u00eamio Nobel da Paz de 2025, afirmou esperar coopera\u00e7\u00e3o \u201cpela justi\u00e7a e democracia nos nossos pa\u00edses\u201d ap\u00f3s encontro com o senador Fl\u00e1vio Bolsonaro (PL), pr\u00e9-candidato \u00e0 Presid\u00eancia do Brasil. A declara\u00e7\u00e3o foi feita durante a cerim\u00f4nia de posse do novo presidente do Chile, Jos\u00e9 Antonio Kast, [&hellip;]<\/p>\n","protected":false},"author":117,"featured_media":66662,"comment_status":"closed","ping_status":"closed","sticky":false,"template":"","format":"standard","meta":{"_themeisle_gutenberg_block_has_review":false,"_jetpack_memberships_contains_paid_content":false,"footnotes":""},"categories":[9],"tags":[129],"class_list":{"0":"post-66661","1":"post","2":"type-post","3":"status-publish","4":"format-standard","5":"has-post-thumbnail","7":"category-politica","8":"tag-politica"},"jetpack_featured_media_url":"https:\/\/crajubaremacao.com.br\/wp-content\/uploads\/2026\/03\/imagem-jvp-2026-03-12t120103689-750x450-1.png","jetpack_sharing_enabled":true,"_links":{"self":[{"href":"https:\/\/crajubaremacao.com.br\/index.php?rest_route=\/wp\/v2\/posts\/66661","targetHints":{"allow":["GET"]}}],"collection":[{"href":"https:\/\/crajubaremacao.com.br\/index.php?rest_route=\/wp\/v2\/posts"}],"about":[{"href":"https:\/\/crajubaremacao.com.br\/index.php?rest_route=\/wp\/v2\/types\/post"}],"author":[{"embeddable":true,"href":"https:\/\/crajubaremacao.com.br\/index.php?rest_route=\/wp\/v2\/users\/117"}],"replies":[{"embeddable":true,"href":"https:\/\/crajubaremacao.com.br\/index.php?rest_route=%2Fwp%2Fv2%2Fcomments&post=66661"}],"version-history":[{"count":0,"href":"https:\/\/crajubaremacao.com.br\/index.php?rest_route=\/wp\/v2\/posts\/66661\/revisions"}],"wp:featuredmedia":[{"embeddable":true,"href":"https:\/\/crajubaremacao.com.br\/index.php?rest_route=\/wp\/v2\/media\/66662"}],"wp:attachment":[{"href":"https:\/\/crajubaremacao.com.br\/index.php?rest_route=%2Fwp%2Fv2%2Fmedia&parent=66661"}],"wp:term":[{"taxonomy":"category","embeddable":true,"href":"https:\/\/crajubaremacao.com.br\/index.php?rest_route=%2Fwp%2Fv2%2Fcategories&post=66661"},{"taxonomy":"post_tag","embeddable":true,"href":"https:\/\/crajubaremacao.com.br\/index.php?rest_route=%2Fwp%2Fv2%2Ftags&post=66661"}],"curies":[{"name":"wp","href":"https:\/\/api.w.org\/{rel}","templated":true}]}}