{"id":66669,"date":"2026-03-12T15:00:07","date_gmt":"2026-03-12T18:00:07","guid":{"rendered":"https:\/\/crajubaremacao.com.br\/?p=66669"},"modified":"2026-03-12T15:00:07","modified_gmt":"2026-03-12T18:00:07","slug":"trump-diz-que-selecao-do-ira-e-bem-vinda-na-copa-mas-pondera-nao-e-apropriado","status":"publish","type":"post","link":"https:\/\/crajubaremacao.com.br\/?p=66669","title":{"rendered":"Trump diz que sele\u00e7\u00e3o do Ir\u00e3 \u00e9 bem-vinda na Copa, mas pondera: \u2018N\u00e3o \u00e9 apropriado\u2019"},"content":{"rendered":"<div>\n<div style=\"margin-bottom: 15px;\"><img decoding=\"async\" class=\"type:primaryImage\" src=\"https:\/\/jpimg.com.br\/uploads\/2026\/03\/donald-trump-1-750x450.jpg\"><\/div>\n<p><?xml encoding=\"UTF-8\"><\/p>\n<p><strong>Donald Trump<\/strong> se manifestou nesta quinta-feira (12) sobre a desist\u00eancia do Ir\u00e3 de participar da Copa do Mundo. O presidente dos Estados Unidos, um dos tr\u00eas pa\u00edses a sediar o torneio, junto de M\u00e9xico e Canad\u00e1, <strong>disse que a sele\u00e7\u00e3o \u00e9 bem-vinda<\/strong> em solo americano, mas <strong>aconselhou os iranianos a n\u00e3o participarem do torneio da Fifa<\/strong>.<\/p>\n<p>O <strong>Ir\u00e3 vive contexto de guerra no Oriente M\u00e9dio<\/strong> ap\u00f3s ataques coordenados de Estados Unidos e Israel. A ofensiva, iniciada no in\u00edcio deste m\u00eas, <strong>matou o aiatol\u00e1 Ali Khamenei<\/strong>, l\u00edder supremo que governava o pa\u00eds h\u00e1 mais de 30 anos.<\/p>\n<p>\u201cA sele\u00e7\u00e3o iraniana de futebol \u00e9 bem-vinda \u00e0 Copa do Mundo, mas, sinceramente, n\u00e3o acho apropriado que eles estejam l\u00e1, considerando a seguran\u00e7a e as pr\u00f3prias vidas dos participantes. Agrade\u00e7o a aten\u00e7\u00e3o dispensada a este assunto!\u201d, escreveu Trump, em publica\u00e7\u00e3o na rede social Truth Social.<\/p>\n<p>Nesta quarta-feira, <strong>o ministro dos Esportes do Ir\u00e3<\/strong>, Ahmad Doyanmali, afirmou que a sele\u00e7\u00e3o iraniana na Copa do Mundo <strong>estava impossibilitada de participar da Copa do Mundo<\/strong> por causa da guerra no Oriente M\u00e9dio. \u201cDado que este governo corrupto (os EUA) assassinou nosso l\u00edder, n\u00e3o h\u00e1 condi\u00e7\u00f5es para que participemos da Copa do Mundo\u201d, disse, em entrevista \u00e0 TV estatal iraniana.<\/p>\n<p>\u201cDuas guerras nos foram impostas em oito ou nove meses, e milhares de nossos cidad\u00e3os foram mortos. Portanto, n\u00e3o temos possibilidade de participar desta forma.\u201d<\/p>\n<p>O<strong> Ir\u00e3 tem jogos marcados em Inglewood, na Calif\u00f3rnia<\/strong>, contra a Nova Zel\u00e2ndia e B\u00e9lgica, em 15 e 21 de junho, e na cidade de Seattle, em Washington, contra o Egito, no dia 26 de junho.<\/p>\n<p>O<strong> regulamento da Fifa prev\u00ea uma multa m\u00ednima de 250 mil francos su\u00ed\u00e7os<\/strong> (R$ 1,6 milh\u00e3o) para a equipe que abandonar o torneio. Com a confirma\u00e7\u00e3o da desist\u00eancia do Ir\u00e3, a entidade pode manter o grupo originalmente ocupado pelo Ir\u00e3 com apenas tr\u00eas sele\u00e7\u00f5es ou convidar outro pa\u00eds para preencher a vaga.<\/p>\n<p>Emirados \u00c1rabes Unidos e Iraque, que chegaram \u00e0s fases finais das Eliminat\u00f3rias Asi\u00e1ticas, s\u00e3o os pa\u00edses com mais chances de herdar a vaga dos iranianos caso a Fifa escolha pela inclus\u00e3o de uma sele\u00e7\u00e3o substituta.<\/p>\n<h2>Guerra no Oriente M\u00e9dio<\/h2>\n<p>A<strong> guerra entre os Estados Unidos e o Ir\u00e3 come\u00e7ou no fim de fevereiro de 2026<\/strong>, quando for\u00e7as americanas e israelenses lan\u00e7aram uma s\u00e9rie de ataques contra instala\u00e7\u00f5es militares e estrat\u00e9gicas iranianas.<strong> O aiatol\u00e1 Ali Khamenei, que governava o pa\u00eds desde 1989, foi morto no primeiro dia de conflito<\/strong>. O seu filho, Mojtaba Khamenei, foi o escolhido para ser o sucessor.<\/p>\n<p>EUA e Ir\u00e3 mant\u00eam uma longa rivalidade pol\u00edtica. Para cr\u00edticos do regime iraniano, o pa\u00eds apoia organiza\u00e7\u00f5es armadas e mant\u00e9m um programa nuclear considerado uma amea\u00e7a \u00e0 seguran\u00e7a internacional. O<strong> ataque foi planejado pelo primeiro-ministro de Israel, Binyamin Netanyahu<\/strong>, e o presidente americano, Donald Trump, em meados de fevereiro.<\/p>\n<p>Ap\u00f3s os primeiros ataques, o Ir\u00e3 revidou e atacou bases dos EUA e aliados na regi\u00e3o do Golfo. O c<strong>onfronto tamb\u00e9m atingiu rotas estrat\u00e9gicas de energia, como o Estreito de Ormuz<\/strong>, por onde percorre uma parcela significativa do petr\u00f3leo mundial, <a href=\"https:\/\/jovempan.com.br\/noticias\/mundo\/ira-ameaca-cortar-petroleo-de-aliados-dos-eua-e-de-israel-enquanto-a-guerra-continuar.html\"><strong>aumentando o risco de impactos econ\u00f4micos em escala global<\/strong><\/a>.<\/p>\n<p>At\u00e9 agora, a <strong>guerra j\u00e1 provocou milhares de mortes, feridos e destrui\u00e7\u00e3o no Ir\u00e3 e da regi\u00e3o<\/strong>. N\u00e3o h\u00e1 a expectativa de cessar-fogo e h\u00e1 temor de que o conflito se prolongue ou envolva outras na\u00e7\u00f5es do Oriente M\u00e9dio.<\/p>\n<p><em>*Com Estad\u00e3o Conte\u00fado<\/em><\/p>\n<div class=\"list-related-posts\">\n<h3>Leia tamb\u00e9m<\/h3>\n<div class=\"related-posts-container\">\n<div class=\"related-post-item-container\">\n<div class=\"related-post\">\n<div class=\"img-related-box\">\n                                            <strong><a href=\"https:\/\/jovempan.com.br\/noticias\/economia\/lula-zera-impostos-sobre-o-diesel.html\" title=\"Lula zera impostos sobre o diesel e taxar\u00e1 exporta\u00e7\u00e3o de petr\u00f3leo\"><img decoding=\"async\" src=\"https:\/\/jpimg.com.br\/uploads\/2026\/03\/presidente-lula.jpg\"><\/a><\/strong>\n                                        <\/div>\n<p>                                        <span class=\"box-the-title\"><br \/>\n                                            <strong><a href=\"https:\/\/jovempan.com.br\/noticias\/economia\/lula-zera-impostos-sobre-o-diesel.html\" title=\"Lula zera impostos sobre o diesel e taxar\u00e1 exporta\u00e7\u00e3o de petr\u00f3leo\">Lula zera impostos sobre o diesel e taxar\u00e1 exporta\u00e7\u00e3o de petr\u00f3leo<\/a><\/strong><br \/>\n                                        <\/span>\n                                    <\/div>\n<\/p><\/div>\n<\/p><\/div>\n<\/p><\/div>\n<\/div>\n","protected":false},"excerpt":{"rendered":"<p>Donald Trump se manifestou nesta quinta-feira (12) sobre a desist\u00eancia do Ir\u00e3 de participar da Copa do Mundo. O presidente dos Estados Unidos, um dos tr\u00eas pa\u00edses a sediar o torneio, junto de M\u00e9xico e Canad\u00e1, disse que a sele\u00e7\u00e3o \u00e9 bem-vinda em solo americano, mas aconselhou os iranianos a n\u00e3o participarem do torneio da [&hellip;]<\/p>\n","protected":false},"author":260,"featured_media":66670,"comment_status":"closed","ping_status":"closed","sticky":false,"template":"","format":"standard","meta":{"_themeisle_gutenberg_block_has_review":false,"_jetpack_memberships_contains_paid_content":false,"footnotes":""},"categories":[12],"tags":[153],"class_list":{"0":"post-66669","1":"post","2":"type-post","3":"status-publish","4":"format-standard","5":"has-post-thumbnail","7":"category-esportes","8":"tag-esportes"},"jetpack_featured_media_url":"https:\/\/crajubaremacao.com.br\/wp-content\/uploads\/2026\/03\/donald-trump-1-750x450-1.jpg","jetpack_sharing_enabled":true,"_links":{"self":[{"href":"https:\/\/crajubaremacao.com.br\/index.php?rest_route=\/wp\/v2\/posts\/66669","targetHints":{"allow":["GET"]}}],"collection":[{"href":"https:\/\/crajubaremacao.com.br\/index.php?rest_route=\/wp\/v2\/posts"}],"about":[{"href":"https:\/\/crajubaremacao.com.br\/index.php?rest_route=\/wp\/v2\/types\/post"}],"author":[{"embeddable":true,"href":"https:\/\/crajubaremacao.com.br\/index.php?rest_route=\/wp\/v2\/users\/260"}],"replies":[{"embeddable":true,"href":"https:\/\/crajubaremacao.com.br\/index.php?rest_route=%2Fwp%2Fv2%2Fcomments&post=66669"}],"version-history":[{"count":0,"href":"https:\/\/crajubaremacao.com.br\/index.php?rest_route=\/wp\/v2\/posts\/66669\/revisions"}],"wp:featuredmedia":[{"embeddable":true,"href":"https:\/\/crajubaremacao.com.br\/index.php?rest_route=\/wp\/v2\/media\/66670"}],"wp:attachment":[{"href":"https:\/\/crajubaremacao.com.br\/index.php?rest_route=%2Fwp%2Fv2%2Fmedia&parent=66669"}],"wp:term":[{"taxonomy":"category","embeddable":true,"href":"https:\/\/crajubaremacao.com.br\/index.php?rest_route=%2Fwp%2Fv2%2Fcategories&post=66669"},{"taxonomy":"post_tag","embeddable":true,"href":"https:\/\/crajubaremacao.com.br\/index.php?rest_route=%2Fwp%2Fv2%2Ftags&post=66669"}],"curies":[{"name":"wp","href":"https:\/\/api.w.org\/{rel}","templated":true}]}}