{"id":66675,"date":"2026-03-12T18:02:33","date_gmt":"2026-03-12T21:02:33","guid":{"rendered":"https:\/\/crajubaremacao.com.br\/?p=66675"},"modified":"2026-03-12T18:02:33","modified_gmt":"2026-03-12T21:02:33","slug":"itamaraty-diz-que-visita-do-assessor-de-trump-a-bolsonaro-configura-indevida-ingerencia","status":"publish","type":"post","link":"https:\/\/crajubaremacao.com.br\/?p=66675","title":{"rendered":"Itamaraty diz que visita do assessor de Trump a Bolsonaro configura \u2018indevida inger\u00eancia\u2019"},"content":{"rendered":"<div>\n<div style=\"margin-bottom: 15px;\"><img decoding=\"async\" class=\"type:primaryImage\" src=\"https:\/\/jpimg.com.br\/uploads\/2025\/08\/imagem-jvp-2025-08-16t073504.886-750x450.png\"><\/div>\n<p><?xml encoding=\"UTF-8\"><\/p>\n<p>O Itamaraty comunicou nesta quinta-feira (12), em resposta ao Supremo Tribunal Federal (STF), que uma visita do assessor de Donald Trump Darren Beattie com o ex-presidente Jair Bolsonaro \u201cpode configurar indevida inger\u00eancia nos assuntos internos do Estado brasileiro\u201d.<\/p>\n<p>O retorno do Minist\u00e9rio das Rela\u00e7\u00f5es Exteriores (MRE) vem ap\u00f3s pedido do ministro Alexandre de Moraes por mais detalhes sobre a finalidade da agenda do assessor de Trump Darren Beattie no Brasil na pr\u00f3xima semana.<\/p>\n<p>Em comunica\u00e7\u00e3o oficial dada no dia 6 de mar\u00e7o, o governo dos Estados Unidos informou ao Itamaraty que Beattie viajaria ao Brasil \u201cpara uma confer\u00eancia sobre minerais cr\u00edticos e para reuni\u00f5es oficiais com representantes do Governo brasileiro\u201d e, por este motivo, o visto ao Consulado\u2011Geral foi concedido ao assessor. \u201cO processamento e a concess\u00e3o do visto ocorreram exclusivamente com base na justificativa ent\u00e3o apresentada pelo Departamento de Estado\u201d, informou o minist\u00e9rio.<\/p>\n<p>Trata-se, portanto, de solicita\u00e7\u00e3o realizada em momento posterior ao encaminhamento do pedido de visto ao Consulado\u2011Geral e<br \/>\nque, ressalte\u2011se, n\u00e3o guarda rela\u00e7\u00e3o com os prop\u00f3sitos da viagem originalmente informados pelo governo norte-americano.<\/p>\n<p>O princ\u00edpio da n\u00e3o-interven\u00e7\u00e3o, como norma convencional vincula o Brasil e os Estados Unidos da Am\u00e9rica e est\u00e1 expresso na Constitui\u00e7\u00e3o Federal Brasileira, e rege as rela\u00e7\u00f5es internacionais do Brasil.<\/p>\n<p>O MRE informou que:<\/p>\n<ul>\n<li>N\u00e3o havia, at\u00e9 11 de mar\u00e7o, qualquer agenda diplom\u00e1tica previamente registrada no \u00e2mbito do Minist\u00e9rio das Rela\u00e7\u00f5es Exteriores envolvendo o Sr. Darren Beattie;<\/li>\n<li>O pedido de visita ao ex\u2011Presidente n\u00e3o se enquadra nos objetivos oficialmente comunicados pelo Departamento de Estado;<\/li>\n<li>O visto de entrada foi concedido com base em pedido que indicava a participa\u00e7\u00e3o do funcion\u00e1rio do Departamento de Estado em evento para promover as rela\u00e7\u00f5es bilaterais e em reuni\u00f5es oficiais;<\/li>\n<\/ul>\n<h2>Pedido de Moraes<\/h2>\n<p>Alexandre de Moraes solicitou nesta quarta-feira (11), que o Itamaraty envie informa\u00e7\u00f5es sobre a agenda de Darren Beattie no Brasil. O objetivo era esclarecer se o assessor de Donald Trump possui compromissos no pa\u00eds e se pediu para visitar o ex-presidente Jair Bolsonaro (PL) na Papudinha, em Bras\u00edlia.<\/p>\n<p>O STF j\u00e1 havia autorizado que Darren Beattie se encontrasse com Bolsonaro na pr\u00f3xima quarta-feira (18). Os advogados de Bolsonaro, no entanto, protocolaram um pedido para remarcar a visita para segunda-feira (16) ou ter\u00e7a-feira (17), afirmando que o assessor j\u00e1 possui agendas no Brasil que n\u00e3o podem ser remarcadas, o que inviabilizaria o encontro nessa data.<\/p>\n<p>Para os advogados de Bolsonaro, a data escolhida pelo ministro \u201cacaba por inviabilizar materialmente a pr\u00f3pria realiza\u00e7\u00e3o da visita autorizada\u201d. Por se tratar de funcion\u00e1rio \u201cde alto escal\u00e3o do Departamento de Estado dos Estados Unidos\u201d, n\u00e3o h\u00e1 possibilidade concreta de estender a agenda de Beattie.<\/p>\n<p>*Em atualiza\u00e7\u00e3o<\/p>\n<\/div>\n","protected":false},"excerpt":{"rendered":"<p>O Itamaraty comunicou nesta quinta-feira (12), em resposta ao Supremo Tribunal Federal (STF), que uma visita do assessor de Donald Trump Darren Beattie com o ex-presidente Jair Bolsonaro \u201cpode configurar indevida inger\u00eancia nos assuntos internos do Estado brasileiro\u201d. O retorno do Minist\u00e9rio das Rela\u00e7\u00f5es Exteriores (MRE) vem ap\u00f3s pedido do ministro Alexandre de Moraes por [&hellip;]<\/p>\n","protected":false},"author":117,"featured_media":66676,"comment_status":"closed","ping_status":"closed","sticky":false,"template":"","format":"standard","meta":{"_themeisle_gutenberg_block_has_review":false,"_jetpack_memberships_contains_paid_content":false,"footnotes":""},"categories":[9],"tags":[129],"class_list":{"0":"post-66675","1":"post","2":"type-post","3":"status-publish","4":"format-standard","5":"has-post-thumbnail","7":"category-politica","8":"tag-politica"},"jetpack_featured_media_url":"https:\/\/crajubaremacao.com.br\/wp-content\/uploads\/2026\/03\/imagem-jvp-2025-08-16t073504886-750x450-1.png","jetpack_sharing_enabled":true,"_links":{"self":[{"href":"https:\/\/crajubaremacao.com.br\/index.php?rest_route=\/wp\/v2\/posts\/66675","targetHints":{"allow":["GET"]}}],"collection":[{"href":"https:\/\/crajubaremacao.com.br\/index.php?rest_route=\/wp\/v2\/posts"}],"about":[{"href":"https:\/\/crajubaremacao.com.br\/index.php?rest_route=\/wp\/v2\/types\/post"}],"author":[{"embeddable":true,"href":"https:\/\/crajubaremacao.com.br\/index.php?rest_route=\/wp\/v2\/users\/117"}],"replies":[{"embeddable":true,"href":"https:\/\/crajubaremacao.com.br\/index.php?rest_route=%2Fwp%2Fv2%2Fcomments&post=66675"}],"version-history":[{"count":0,"href":"https:\/\/crajubaremacao.com.br\/index.php?rest_route=\/wp\/v2\/posts\/66675\/revisions"}],"wp:featuredmedia":[{"embeddable":true,"href":"https:\/\/crajubaremacao.com.br\/index.php?rest_route=\/wp\/v2\/media\/66676"}],"wp:attachment":[{"href":"https:\/\/crajubaremacao.com.br\/index.php?rest_route=%2Fwp%2Fv2%2Fmedia&parent=66675"}],"wp:term":[{"taxonomy":"category","embeddable":true,"href":"https:\/\/crajubaremacao.com.br\/index.php?rest_route=%2Fwp%2Fv2%2Fcategories&post=66675"},{"taxonomy":"post_tag","embeddable":true,"href":"https:\/\/crajubaremacao.com.br\/index.php?rest_route=%2Fwp%2Fv2%2Ftags&post=66675"}],"curies":[{"name":"wp","href":"https:\/\/api.w.org\/{rel}","templated":true}]}}