{"id":66685,"date":"2026-03-13T00:03:11","date_gmt":"2026-03-13T03:03:11","guid":{"rendered":"https:\/\/crajubaremacao.com.br\/?p=66685"},"modified":"2026-03-13T00:03:11","modified_gmt":"2026-03-13T03:03:11","slug":"moraes-retrocede-e-nega-que-bolsonaro-receba-assessor-de-trump-na-prisao","status":"publish","type":"post","link":"https:\/\/crajubaremacao.com.br\/?p=66685","title":{"rendered":"Moraes retrocede e nega que Bolsonaro receba assessor de Trump na pris\u00e3o"},"content":{"rendered":"<div>\n<div style=\"margin-bottom: 15px;\"><img decoding=\"async\" class=\"type:primaryImage\" src=\"https:\/\/crajubaremacao.com.br\/wp-content\/uploads\/2026\/03\/54616287259_e15bd3ee72_k-750x500-1.jpg\"><\/div>\n<p><?xml encoding=\"UTF-8\"><\/p>\n<p>O ministro Alexandre de Moraes, do Supremo Tribunal Federal (STF),\u00a0<strong>negou\u00a0<\/strong>nesta quinta-feira (12) que o ex-presidente<strong> Jair Bolsonaro<\/strong> <strong>receba o enviado especial dos Estados Unidos Darren Beattie<\/strong> no 19\u00ba Batalh\u00e3o da Pol\u00edcia Militar do Distrito Federal (PMDF), conhecido como <strong>\u201cPapudinha\u201d<\/strong>. Em decis\u00e3o anterior, o <strong>magistrado havia permitido <\/strong>que o assessor do presidente norte-americano, <strong>Donald Trump<\/strong>, visitasse o capit\u00e3o da reserva.<\/p>\n<p>A<strong> reavalia\u00e7\u00e3o<\/strong> da decis\u00e3o <a href=\"https:\/\/jovempan.com.br\/noticias\/politica\/itamaraty-diz-que-visita-do-assessor-de-trump-a-bolsonaro-configura-indevida-ingerencia.html\"><strong>se deu depois de o Itamaraty enviar of\u00edcio ao STF sobre a finalidade da viagem de Beattie<\/strong><\/a>. Segundo o Minist\u00e9rio das Rela\u00e7\u00f5es Exteriores, o Departamento de Estado dos Estados Unidos comunicou, em 6 de mar\u00e7o, que o <strong>enviado especial viajaria ao Brasil para participar de uma confer\u00eancia sobre minerais cr\u00edticos, em S\u00e3o Paulo, e para reuni\u00f5es com representantes oficiais do governo brasileiro<\/strong>.<\/p>\n<p>\u201cO funcion\u00e1rio chegar\u00e1 a Bras\u00edlia em 16 de mar\u00e7o, \u00e0s 14h05. Partir\u00e1 para S\u00e3o Paulo em 17 de mar\u00e7o, \u00e0s 19h30. Chegar\u00e1 \u00e0 capital paulista no mesmo dia, \u00e0s 21h25, e dela partir\u00e1 em 18 de mar\u00e7o, \u00e0s 21h30, com destino a Washington, D.C.\u201d, relatou o Itamaraty.<\/p>\n<p>Em decis\u00e3o, Moraes destacou que a <strong>visita de Beattie a Bolsonaro \u201cn\u00e3o est\u00e1 inserida no contexto que autorizou a concess\u00e3o de visto\u201d<\/strong>. O ministro tamb\u00e9m informou que <strong>as autoridades diplom\u00e1ticas n\u00e3o foram \u201ccomunicadas previamente\u201d sobre a ida do assessor norte-americano at\u00e9 a \u201cPapudinha\u201d<\/strong> para se encontrar com o ex-presidente.<\/p>\n<p>Algo que, segundo o magistrado,<strong> \u201cpoderia ensejar a rean\u00e1lise\u201d da permiss\u00e3o para ingresso em territ\u00f3rio brasileiro em raz\u00e3o do argumento apresentado pelo Itamaraty ao STF<\/strong>. Para o Minist\u00e9rio das Rela\u00e7\u00f5es Exteriores, <strong>por ser um ano eleitoral no Brasil<\/strong>, a reuni\u00e3o entre Bolsonaro e Beattie <strong>\u201cpode configurar indevida inger\u00eancia nos assuntos internos do Estado brasileiro\u201d<\/strong>.<\/p>\n<h2><strong>Visita a Bolsonaro<\/strong><\/h2>\n<p>Em pedido encaminhado a Moraes, <strong><a href=\"https:\/\/jovempan.com.br\/noticias\/politica\/bolsonaro-pede-autorizacao-ao-stf-para-receber-assessor-de-trump-na-prisao.html\">a defesa de Bolsonaro solicitou o encontro com o assessor de Trump na segunda-feira (16) ou na ter\u00e7a-feira (17)<\/a><\/strong>, fora dos dias permitidos de visita\u00e7\u00e3o ao ex-presidente na \u201cPapudinha\u201d. O ministro autorizou que a visita fosse feita na quarta-feira (18), das 8h \u00e0s 10h.<\/p>\n<p>Na decis\u00e3o, <strong><a href=\"https:\/\/jovempan.com.br\/noticias\/politica\/moraes-autoriza-visita-do-assessor-de-trump-a-bolsonaro.html\">o magistrado destacou que Bolsonaro s\u00f3 pode receber visitas nas quartas-feiras e aos s\u00e1bados<\/a><\/strong>. \u201c<strong>N\u00e3o h\u00e1 previs\u00e3o legal ou excepcionalidade para realizar altera\u00e7\u00e3o<\/strong> espec\u00edfica de dia de visita\u00e7\u00e3o, para segunda (16) ou ter\u00e7a (17), conforme solicitado pela Defesa, uma vez que <strong>os visitantes devem se adequar ao regime legal do estabelecimento prisional e n\u00e3o o contr\u00e1rio<\/strong>\u201d, escreveu Moraes.<\/p>\n<p><strong>Condenado a 27 anos e tr\u00eas meses de pris\u00e3o por envolvimento na<\/strong> <strong>trama golpista<\/strong>, Bolsonaro cumpre pena em uma Sala de Estado-Maior. <strong><a href=\"https:\/\/jovempan.com.br\/noticias\/politica\/moraes-auoriza-transferencia-de-bolsonaro-para-papudinha.html\">Ele foi transferido para a \u201cPapudinha\u201d em 15 de janeiro<\/a><\/strong>.<\/p>\n<div class=\"list-related-posts\">\n<h3>Leia tamb\u00e9m<\/h3>\n<div class=\"related-posts-container\">\n<div class=\"related-post-item-container\">\n<div class=\"related-post\">\n<div class=\"img-related-box\">\n                                            <strong><a href=\"https:\/\/jovempan.com.br\/noticias\/politica\/assessor-de-trump-pede-reuniao-com-o-itamaraty-apos-cobranca-do-stf.html\" title=\"Assessor de Trump pede reuni\u00e3o com o Itamaraty ap\u00f3s cobran\u00e7a do STF\"><img decoding=\"async\" src=\"https:\/\/crajubaremacao.com.br\/wp-content\/uploads\/2026\/03\/darren-beattie.jpg\"><\/a><\/strong>\n                                        <\/div>\n<p>                                        <span class=\"box-the-title\"><br \/>\n                                            <strong><a href=\"https:\/\/jovempan.com.br\/noticias\/politica\/assessor-de-trump-pede-reuniao-com-o-itamaraty-apos-cobranca-do-stf.html\" title=\"Assessor de Trump pede reuni\u00e3o com o Itamaraty ap\u00f3s cobran\u00e7a do STF\">Assessor de Trump pede reuni\u00e3o com o Itamaraty ap\u00f3s cobran\u00e7a do STF<\/a><\/strong><br \/>\n                                        <\/span>\n                                    <\/div>\n<div class=\"related-post\">\n<div class=\"img-related-box\">\n                                            <strong><a href=\"https:\/\/jovempan.com.br\/noticias\/mundo\/assessor-dos-eua-que-visitara-bolsonaro-veio-ao-brasil-discutir-pcc-e-cv.html\" title=\"Assessor dos EUA que visitar\u00e1 Bolsonaro veio ao Brasil discutir PCC e CV\"><img decoding=\"async\" src=\"https:\/\/crajubaremacao.com.br\/wp-content\/uploads\/2026\/03\/jair-bolsonaro-e-assessor-do-governo-de-trump-darren-beattie.jpg\"><\/a><\/strong>\n                                        <\/div>\n<p>                                        <span class=\"box-the-title\"><br \/>\n                                            <strong><a href=\"https:\/\/jovempan.com.br\/noticias\/mundo\/assessor-dos-eua-que-visitara-bolsonaro-veio-ao-brasil-discutir-pcc-e-cv.html\" title=\"Assessor dos EUA que visitar\u00e1 Bolsonaro veio ao Brasil discutir PCC e CV\">Assessor dos EUA que visitar\u00e1 Bolsonaro veio ao Brasil discutir PCC e CV<\/a><\/strong><br \/>\n                                        <\/span>\n                                    <\/div>\n<div class=\"related-post\">\n<div class=\"img-related-box\">\n                                            <strong><a href=\"https:\/\/jovempan.com.br\/noticias\/brasil\/no-brasil-assessores-de-marco-rubio-conversaram-com-lincoln-gakiya-sobre-pcc.html\" title=\"No Brasil, assessores de Marco Rubio conversaram com Lincoln Gakiya sobre PCC\"><img decoding=\"async\" src=\"https:\/\/crajubaremacao.com.br\/wp-content\/uploads\/2026\/03\/98516cb05b07fda2652632256ea619800bf8569e.jpg\"><\/a><\/strong>\n                                        <\/div>\n<p>                                        <span class=\"box-the-title\"><br \/>\n                                            <strong><a href=\"https:\/\/jovempan.com.br\/noticias\/brasil\/no-brasil-assessores-de-marco-rubio-conversaram-com-lincoln-gakiya-sobre-pcc.html\" title=\"No Brasil, assessores de Marco Rubio conversaram com Lincoln Gakiya sobre PCC\">No Brasil, assessores de Marco Rubio conversaram com Lincoln Gakiya sobre PCC<\/a><\/strong><br \/>\n                                        <\/span>\n                                    <\/div>\n<\/p><\/div>\n<\/p><\/div>\n<\/p><\/div>\n<\/div>\n","protected":false},"excerpt":{"rendered":"<p>O ministro Alexandre de Moraes, do Supremo Tribunal Federal (STF),\u00a0negou\u00a0nesta quinta-feira (12) que o ex-presidente Jair Bolsonaro receba o enviado especial dos Estados Unidos Darren Beattie no 19\u00ba Batalh\u00e3o da Pol\u00edcia Militar do Distrito Federal (PMDF), conhecido como \u201cPapudinha\u201d. Em decis\u00e3o anterior, o magistrado havia permitido que o assessor do presidente norte-americano, Donald Trump, visitasse [&hellip;]<\/p>\n","protected":false},"author":117,"featured_media":66686,"comment_status":"closed","ping_status":"closed","sticky":false,"template":"","format":"standard","meta":{"_themeisle_gutenberg_block_has_review":false,"_jetpack_memberships_contains_paid_content":false,"footnotes":""},"categories":[2],"tags":[150],"class_list":{"0":"post-66685","1":"post","2":"type-post","3":"status-publish","4":"format-standard","5":"has-post-thumbnail","7":"category-brasil","8":"tag-brasil"},"jetpack_featured_media_url":"https:\/\/crajubaremacao.com.br\/wp-content\/uploads\/2026\/03\/54616287259_e15bd3ee72_k-750x500-1.jpg","jetpack_sharing_enabled":true,"_links":{"self":[{"href":"https:\/\/crajubaremacao.com.br\/index.php?rest_route=\/wp\/v2\/posts\/66685","targetHints":{"allow":["GET"]}}],"collection":[{"href":"https:\/\/crajubaremacao.com.br\/index.php?rest_route=\/wp\/v2\/posts"}],"about":[{"href":"https:\/\/crajubaremacao.com.br\/index.php?rest_route=\/wp\/v2\/types\/post"}],"author":[{"embeddable":true,"href":"https:\/\/crajubaremacao.com.br\/index.php?rest_route=\/wp\/v2\/users\/117"}],"replies":[{"embeddable":true,"href":"https:\/\/crajubaremacao.com.br\/index.php?rest_route=%2Fwp%2Fv2%2Fcomments&post=66685"}],"version-history":[{"count":0,"href":"https:\/\/crajubaremacao.com.br\/index.php?rest_route=\/wp\/v2\/posts\/66685\/revisions"}],"wp:featuredmedia":[{"embeddable":true,"href":"https:\/\/crajubaremacao.com.br\/index.php?rest_route=\/wp\/v2\/media\/66686"}],"wp:attachment":[{"href":"https:\/\/crajubaremacao.com.br\/index.php?rest_route=%2Fwp%2Fv2%2Fmedia&parent=66685"}],"wp:term":[{"taxonomy":"category","embeddable":true,"href":"https:\/\/crajubaremacao.com.br\/index.php?rest_route=%2Fwp%2Fv2%2Fcategories&post=66685"},{"taxonomy":"post_tag","embeddable":true,"href":"https:\/\/crajubaremacao.com.br\/index.php?rest_route=%2Fwp%2Fv2%2Ftags&post=66685"}],"curies":[{"name":"wp","href":"https:\/\/api.w.org\/{rel}","templated":true}]}}