{"id":66687,"date":"2026-03-13T00:03:21","date_gmt":"2026-03-13T03:03:21","guid":{"rendered":"https:\/\/crajubaremacao.com.br\/?p=66687"},"modified":"2026-03-13T00:03:21","modified_gmt":"2026-03-13T03:03:21","slug":"nao-da-para-buscar-solucoes-externas-diz-leite-pcc-e-cv","status":"publish","type":"post","link":"https:\/\/crajubaremacao.com.br\/?p=66687","title":{"rendered":"\u2018N\u00e3o d\u00e1 para buscar solu\u00e7\u00f5es externas\u2019, diz Leite PCC e CV"},"content":{"rendered":"<div>\n<div style=\"margin-bottom: 15px;\"><img decoding=\"async\" class=\"type:primaryImage\" src=\"https:\/\/jpimg.com.br\/uploads\/2025\/08\/fta20250819204-750x476.jpg\"><\/div>\n<p><?xml encoding=\"UTF-8\"><\/p>\n<p>O governador do Rio Grande do Sul (RS) e pr\u00e9-candidato \u00e0 Presid\u00eancia da Rep\u00fablica afirmou nesta quinta-feira (12), em evento em S\u00e3o Paulo, que o Brasil n\u00e3o deve buscar solu\u00e7\u00f5es de pa\u00edses estrangeiros para resolver problemas internos. \u201cAcho que o Brasil precisa ser muito duro no enfrentamento desses grupos criminosos, mas \u00e9 problema do nosso pa\u00eds e n\u00f3s temos que resolver. N\u00e3o d\u00e1 para buscar solu\u00e7\u00f5es de estrangeiros\u201d, disse.<\/p>\n<p>Leite alfinetou o governo do presidente Luis In\u00e1cio Lula da Silva (PT) sobre a quest\u00e3o da seguran\u00e7a p\u00fablica. Segundo o governador do Rio Grande do Sul, o tema nunca esteve na agenda central do Partido dos Trabalhadores, \u201cmenos ainda o enfrentamento qualificado ao crime organizado\u201d, declarou.<\/p>\n<p>A declara\u00e7\u00e3o de Leite vem em uma semana em que os Estados Unidos informaram que <strong><a href=\"https:\/\/jovempan.com.br\/programas\/jornal-da-manha\/estados-unidos-devem-classificar-pcc-e-cv-como-organizacoes-terroristas.html\" target=\"_blank\" rel=\"noopener noreferrer\">devem classificar\u00a0as fac\u00e7\u00f5es criminosas\u00a0brasileiras<\/a>\u00a0<\/strong>Primeiro Comando da Capital (PCC) e Comando Vermelho (CV) como\u00a0<strong>organiza\u00e7\u00f5es terroristas transnacionais<\/strong>.<\/p>\n<p>Questionada pela\u00a0<strong>Jovem Pan,\u00a0<\/strong>a porta-voz do Departamento de Estado americano e assistente de Marco Rubio, Amanda Robertson, confirmou a informa\u00e7\u00e3o. O an\u00fancio aconteceu durante a c\u00fapula \u201cEscudo das Am\u00e9ricas\u201d \u2013 evento liderado por Donald Trump que reuniu l\u00edderes latino-americanos alinhados ao seu governo\u00a0 -, realizada na cidade de Doral, no sul da Fl\u00f3rida.<\/p>\n<h3><strong>Leite defende reforma no STF<\/strong><\/h3>\n<p>O governador do Rio Grande do Sul tamb\u00e9m comentou sobre a crise do Banco Master, que tem sido um tema central no pa\u00eds. Segundo ele, casos como esse fazem o pa\u00eds ficar \u201cimobilizado\u201d e pioram a vida das pessoas. \u201cA gente j\u00e1 teve elei\u00e7\u00e3o sob mensal\u00e3o, elei\u00e7\u00e3o sobre Petrol\u00e3o, Lava Jato, e agora elei\u00e7\u00e3o sobre o caso do Banco Master<strong> \u00e9 muito ruim para o pa\u00eds que a gente viva recorrentemente situa\u00e7\u00f5es como essas\u201d, <\/strong>disse<strong>.<\/strong><\/p>\n<p>Para Leite, \u00e9 preciso haver uma responsabiliza\u00e7\u00e3o al\u00e9m de investiga\u00e7\u00f5es para punir os respons\u00e1veis nesse processo. Para ele, uma das solu\u00e7\u00f5es seria uma reforma do ponto de vista pol\u00edtico-institucional para melhorar as institui\u00e7\u00f5es, como o Supremo Tribunal Federal (STF).\u00a0 \u201cNo caso do STF, inclusive, elevando a idade m\u00ednima para 60 anos, impondo mandato de 15 anos, portanto, aos 75 e fazendo com que o mandato de ministro do Supremo seja para coroar uma carreira jur\u00eddica brilhante\u201d.<\/p>\n<div class=\"list-related-posts\">\n<h3>Leia tamb\u00e9m<\/h3>\n<div class=\"related-posts-container\">\n<div class=\"related-post-item-container\">\n<div class=\"related-post\">\n<div class=\"img-related-box\">\n                                            <strong><a href=\"https:\/\/jovempan.com.br\/noticias\/mundo\/quem-sao-os-assessores-dos-eua-que-vieram-discutir-pcc-e-cv-no-brasil.html\" title=\"Quem s\u00e3o os assessores dos EUA que vieram discutir PCC e CV no Brasil\"><img decoding=\"async\" src=\"https:\/\/jpimg.com.br\/uploads\/2026\/03\/beattie.jpg\"><\/a><\/strong>\n                                        <\/div>\n<p>                                        <span class=\"box-the-title\"><br \/>\n                                            <strong><a href=\"https:\/\/jovempan.com.br\/noticias\/mundo\/quem-sao-os-assessores-dos-eua-que-vieram-discutir-pcc-e-cv-no-brasil.html\" title=\"Quem s\u00e3o os assessores dos EUA que vieram discutir PCC e CV no Brasil\">Quem s\u00e3o os assessores dos EUA que vieram discutir PCC e CV no Brasil<\/a><\/strong><br \/>\n                                        <\/span>\n                                    <\/div>\n<div class=\"related-post\">\n<div class=\"img-related-box\">\n                                            <strong><a href=\"https:\/\/jovempan.com.br\/noticias\/brasil\/no-brasil-assessores-de-marco-rubio-conversaram-com-lincoln-gakiya-sobre-pcc.html\" title=\"No Brasil, assessores de Marco Rubio conversaram com Lincoln Gakiya sobre PCC\"><img decoding=\"async\" src=\"https:\/\/jpimg.com.br\/uploads\/2025\/10\/98516cb05b07fda2652632256ea619800bf8569e.jpg\"><\/a><\/strong>\n                                        <\/div>\n<p>                                        <span class=\"box-the-title\"><br \/>\n                                            <strong><a href=\"https:\/\/jovempan.com.br\/noticias\/brasil\/no-brasil-assessores-de-marco-rubio-conversaram-com-lincoln-gakiya-sobre-pcc.html\" title=\"No Brasil, assessores de Marco Rubio conversaram com Lincoln Gakiya sobre PCC\">No Brasil, assessores de Marco Rubio conversaram com Lincoln Gakiya sobre PCC<\/a><\/strong><br \/>\n                                        <\/span>\n                                    <\/div>\n<\/p><\/div>\n<\/p><\/div>\n<\/p><\/div>\n<\/div>\n","protected":false},"excerpt":{"rendered":"<p>O governador do Rio Grande do Sul (RS) e pr\u00e9-candidato \u00e0 Presid\u00eancia da Rep\u00fablica afirmou nesta quinta-feira (12), em evento em S\u00e3o Paulo, que o Brasil n\u00e3o deve buscar solu\u00e7\u00f5es de pa\u00edses estrangeiros para resolver problemas internos. \u201cAcho que o Brasil precisa ser muito duro no enfrentamento desses grupos criminosos, mas \u00e9 problema do nosso [&hellip;]<\/p>\n","protected":false},"author":117,"featured_media":66688,"comment_status":"closed","ping_status":"closed","sticky":false,"template":"","format":"standard","meta":{"_themeisle_gutenberg_block_has_review":false,"_jetpack_memberships_contains_paid_content":false,"footnotes":""},"categories":[9],"tags":[129],"class_list":{"0":"post-66687","1":"post","2":"type-post","3":"status-publish","4":"format-standard","5":"has-post-thumbnail","7":"category-politica","8":"tag-politica"},"jetpack_featured_media_url":"https:\/\/crajubaremacao.com.br\/wp-content\/uploads\/2026\/03\/fta20250819204-750x476-1.jpg","jetpack_sharing_enabled":true,"_links":{"self":[{"href":"https:\/\/crajubaremacao.com.br\/index.php?rest_route=\/wp\/v2\/posts\/66687","targetHints":{"allow":["GET"]}}],"collection":[{"href":"https:\/\/crajubaremacao.com.br\/index.php?rest_route=\/wp\/v2\/posts"}],"about":[{"href":"https:\/\/crajubaremacao.com.br\/index.php?rest_route=\/wp\/v2\/types\/post"}],"author":[{"embeddable":true,"href":"https:\/\/crajubaremacao.com.br\/index.php?rest_route=\/wp\/v2\/users\/117"}],"replies":[{"embeddable":true,"href":"https:\/\/crajubaremacao.com.br\/index.php?rest_route=%2Fwp%2Fv2%2Fcomments&post=66687"}],"version-history":[{"count":0,"href":"https:\/\/crajubaremacao.com.br\/index.php?rest_route=\/wp\/v2\/posts\/66687\/revisions"}],"wp:featuredmedia":[{"embeddable":true,"href":"https:\/\/crajubaremacao.com.br\/index.php?rest_route=\/wp\/v2\/media\/66688"}],"wp:attachment":[{"href":"https:\/\/crajubaremacao.com.br\/index.php?rest_route=%2Fwp%2Fv2%2Fmedia&parent=66687"}],"wp:term":[{"taxonomy":"category","embeddable":true,"href":"https:\/\/crajubaremacao.com.br\/index.php?rest_route=%2Fwp%2Fv2%2Fcategories&post=66687"},{"taxonomy":"post_tag","embeddable":true,"href":"https:\/\/crajubaremacao.com.br\/index.php?rest_route=%2Fwp%2Fv2%2Ftags&post=66687"}],"curies":[{"name":"wp","href":"https:\/\/api.w.org\/{rel}","templated":true}]}}