{"id":66693,"date":"2026-03-13T03:13:24","date_gmt":"2026-03-13T06:13:24","guid":{"rendered":"https:\/\/crajubaremacao.com.br\/?p=66693"},"modified":"2026-03-13T03:13:24","modified_gmt":"2026-03-13T06:13:24","slug":"todo-o-vilarejo-esta-mobilizado-diz-tio-de-brasileira-desaparecida-na-inglaterra","status":"publish","type":"post","link":"https:\/\/crajubaremacao.com.br\/?p=66693","title":{"rendered":"&#8216;Todo o vilarejo est\u00e1 mobilizado&#8217;, diz tio de brasileira desaparecida na Inglaterra"},"content":{"rendered":"<div><img decoding=\"async\" src=\"https:\/\/s2-g1.glbimg.com\/Y8eFFPyZh24WIYNDQXM3IbiS7kU=\/i.s3.glbimg.com\/v1\/AUTH_59edd422c0c84a879bd37670ae4f538a\/internal_photos\/bs\/2026\/X\/v\/oOVRxRRhATrR4DCDJgPQ\/vitoria-psicologa-desaparecida-inglaterra-3.jpg\"><br \/>     Imagens divulgadas pela pol\u00edcia mostram Vit\u00f3ria Barreto em \u00f4nibus e na rua em Brightlingsea, na Inglaterra<br \/>\nA participa\u00e7\u00e3o em um congresso internacional e em dois cursos no Marrocos, ainda no m\u00eas de janeiro, marcaram o in\u00edcio da viagem feita pela psic\u00f3loga Vit\u00f3ria Figueiredo Barreto, que desapareceu na Inglaterra h\u00e1 mais de uma semana. Nestes primeiros eventos, ela esteve acompanhada do psiquiatra Adalberto Barreto, tio com quem ela divide atividades sobre terapia comunit\u00e1ria.<br \/>\nAtualmente no Brasil, Adalberto recebe not\u00edcias di\u00e1rias dos familiares e amigos que est\u00e3o na Inglaterra acompanhando as buscas pela brasileira.<br \/>\n&#x2705; Clique e siga o canal do g1 Cear\u00e1 no WhatsApp<br \/>\nAt\u00e9 a manh\u00e3 desta quinta-feira (12), os relatos mais recentes eram sobre a poss\u00edvel liga\u00e7\u00e3o entre o desaparecimento de Vit\u00f3ria e o sumi\u00e7o de um barco no porto de Brightlingsea, a cerca de 90 quil\u00f4metros de Londres. Durante a tarde, a pol\u00edcia divulgou que um colete salva-vidas da embarca\u00e7\u00e3o n\u00e3o foi encontrado.<br \/>\nImagens de c\u00e2meras de seguran\u00e7a mostram uma pessoa, que pode ser Vit\u00f3ria, pr\u00f3xima ao estaleiro de onde o barco foi levado. O local tamb\u00e9m \u00e9 pr\u00f3ximo ao ponto onde a bolsa de Vit\u00f3ria foi encontrada.<br \/>\n\u201cEles [policiais] acham que \u00e9 ela, mas ainda estavam analisando, que estaria pegando um dos barcos que estavam ali e passou para a outra margem, para o outro lado. Tem uma imagem de uma mulher sozinha remando, e viram que essa barca estava amarrada [do outro lado]. Ent\u00e3o quem atravessou, atravessou e amarrou. Ent\u00e3o, eles est\u00e3o nessa busca atualmente. Ainda n\u00e3o liberaram as imagens, mas avisaram a fam\u00edlia\u201d, disse Adalberto ao g1.<br \/>\nDe acordo com o familiar, estas informa\u00e7\u00f5es dialogam com um dos primeiros ind\u00edcios do caso: o sinal do celular dela indicando uma posi\u00e7\u00e3o no mar.<br \/>\n\u201cAinda o mist\u00e9rio \u00e9 como que esse celular foi parar l\u00e1, se ele est\u00e1 [no mar] sozinho ou se estaria com ela\u201d, comentou.<br \/>\nPsic\u00f3loga cearense est\u00e1 desaparecida na Inglaterra desde o dia 3 de mar\u00e7o<br \/>\nArquivo pessoal<br \/>\nAdalberto tem uma conviv\u00eancia pr\u00f3xima com Vit\u00f3ria. Fundador do Projeto 4 Varas: Terapia Comunit\u00e1ria Integrativa, ele costuma ser acompanhado por Vit\u00f3ria em palestras e forma\u00e7\u00f5es no Brasil e em outros pa\u00edses.<br \/>\nEntre os dias 15 e 17 de janeiro, eles estiveram no Congresso Internacional de Psiquiatria Social, na cidade de Marraquexe, no Marrocos.<br \/>\nDe l\u00e1, seguiram para a cidade de Casablanca, tamb\u00e9m no Marrocos, onde ministraram juntos os cursos \u201cO Que as Minhas Dores Querem me Dizer\u201d e \u201cRenascimento e a Heran\u00e7a Familiar\u201d.<br \/>\nEle explicou ao g1 que, ao seguir para a Inglaterra buscando um caminho para o doutorado, a psic\u00f3loga pretendia implantar um polo de forma\u00e7\u00e3o em Terapia Comunit\u00e1ria no pa\u00eds.<br \/>\nMomentos de incerteza<br \/>\nA espera durante as buscas por Vit\u00f3ria marca um tempo de muita dor e incerteza para familiares e amigos, comenta Adalberto. Para ele, o per\u00edodo \u00e9 de uma busca material, para que a psic\u00f3loga seja encontrada, mas tamb\u00e9m de uma busca mental por explica\u00e7\u00f5es.<br \/>\n\u201cEnquanto a pessoa est\u00e1 desaparecida, a nossa mente fica procurando raz\u00f5es. Por isso que eu digo que \u00e9 importante, nesses momentos, que a fam\u00edlia procure se apoiar, evitar julgamentos. Quando h\u00e1 situa\u00e7\u00f5es assim, \u00e9 uma tend\u00eancia natural procurar um culpado, dizer que \u00e9 castigo, isso ou aquilo. Mas que esse seja um momento de reflex\u00e3o, de ter esperan\u00e7a que a gente vai ter um final feliz\u201d, partilhou o psiquiatra.<br \/>\nAinda segundo o tio de Vit\u00f3ria, uma das hip\u00f3teses \u00e9 que a cearense possa ter vivenciado algum tipo de sofrimento ps\u00edquico antes de desaparecer. Ele comenta que a sobrinha sempre foi bastante decidida, equilibrada e independente, sem apresentar sinais de fragilidade ps\u00edquica.<br \/>\nLEIA TAMB\u00c9M:<br \/>\nColete salva-vidas n\u00e3o foi encontrado em barco que pode ter sido usado por brasileira desaparecida na Inglaterra<br \/>\nBolsa e imagem de c\u00e2mera de seguran\u00e7a s\u00e3o novas pistas nas buscas por Vit\u00f3ria<br \/>\nQuem \u00e9 a psic\u00f3loga cearense desaparecida na Inglaterra ap\u00f3s viajar para congresso<br \/>\nNo entanto, ele ressalta que momentos de dor e sofrimento fazem parte da condi\u00e7\u00e3o humana. E que elementos externos, como estar quase dois meses fora de casa e longe da fam\u00edlia, podem contribuir para mudan\u00e7as de comportamento.<br \/>\n\u201cSe, de fato, houve um burnout, alguma exaust\u00e3o ou algo que desencadeou esse momento de ficar \u2018fora do ar\u2019 em todos os sentidos, \u00e9 um momento para n\u00f3s refletirmos. Para a gente cuidar tamb\u00e9m da gente. N\u00e3o \u00e9 porque eu sou m\u00e9dico ou psiquiatra, psic\u00f3logo, que eu estaria imune ao sofrimento ps\u00edquico\u201d, pontua.<br \/>\nDesta forma, Adalberto enfatiza que \u00e9 importante olhar para o cuidado de quem se dedica a cuidar dos outros, principalmente por serem pessoas que s\u00e3o confrontadas diretamente com a dor e o desespero das pessoas.<br \/>\nMesmo sem saber o que pode ter acontecido com a sobrinha, o psiquiatra enfatiza a rede de solidariedade que se formou desde que ela desapareceu. Como explica, pessoas do Brasil e que tiveram contato com o trabalho dela tamb\u00e9m em outros pa\u00edses t\u00eam enviado mensagens positivas.<br \/>\n\u201cNo vilarejo l\u00e1 onde ela se perdeu, est\u00e1 todo mundo mobilizado. Cartazes por tudo quanto \u00e9 de canto, as pessoas caminhando e procurando pistas. Ent\u00e3o, \u00e9 uma mobiliza\u00e7\u00e3o muito grande. \u00c9 isso que \u00e9 importante, a gente v\u00ea que uma pessoa conta. Num mundo cada vez mais individualizado e ego\u00edsta, a gente v\u00ea esses gestos de solidariedade\u201d, conclui.<br \/>\nAinda segundo o familiar, o desaparecimento f\u00edsico de Vit\u00f3ria faz com que a import\u00e2ncia dela seja colocada em evid\u00eancia por meio do carinho que as pessoas manifestam.<br \/>\nRelembre o caso<br \/>\nVit\u00f3ria Figueiredo Barreto.<br \/>\nPol\u00edcia de Essex<br \/>\nVit\u00f3ria estava na Inglaterra hospedada na casa de uma amiga brasileira, Liliane. As duas trabalhavam em um projeto de pesquisa na Universidade de Essex, em Colchester, a cerca de 90 km a nordeste de Londres.<br \/>\nNo dia de seu desaparecimento, Vit\u00f3ria almo\u00e7ou com a amiga em um local pr\u00f3ximo \u00e0 universidade. As duas deveriam se reencontrar no fim da tarde, mas a cearense n\u00e3o apareceu.<br \/>\nA psic\u00f3loga cearense tem um vasto curr\u00edculo na \u00e1rea e atua\u00e7\u00e3o internacional. A viagem para a Inglaterra tamb\u00e9m tinha como objetivo buscar oportunidades de estudo e palestras, com a possibilidade de iniciar um doutorado.<br \/>\nLiliane afirma que Vit\u00f3ria, que &#8220;sonhava em talvez um dia se tornar aluna&#8221; da Universidade de Essex, n\u00e3o estava bem antes do seu desaparecimento.<br \/>\nA Pol\u00edcia de Essex foi comunicada no dia 4 de mar\u00e7o sobre o caso. A m\u00e3e e o namorado de Vit\u00f3ria foram at\u00e9 a Inglaterra e acompanham os desdobramentos das investiga\u00e7\u00f5es.<br \/>\nTrajet\u00f3ria profissional de destaque<br \/>\nVit\u00f3ria trabalhou como psic\u00f3loga cl\u00ednica no Brasil e dava treinamentos para outros profissionais internacionalmente.<br \/>\nArquivo pessoal<br \/>\nFormada em Psicologia Integrativa pela Universidade de Fortaleza (Unifor), Vit\u00f3ria \u00e9 poliglota e possui diversas especializa\u00e7\u00f5es, como Terapia Familiar Sist\u00eamica e Constela\u00e7\u00e3o pelo Instituto Milit\u00e3o, al\u00e9m de atuar como Capel\u00e3 pela CETEB.<br \/>\nAs informa\u00e7\u00f5es constam em seu perfil profissional nas redes sociais, onde a psic\u00f3loga tem mais de 2 mil seguidores.<br \/>\nNas redes, ela tamb\u00e9m costuma compartilhar sua rotina profissional, viagens e momentos de lazer. Sua carreira \u00e9 fortemente marcada pelas pr\u00e1ticas voltadas \u00e0 comunidade.<br \/>\nComo terapeuta sist\u00eamica integrativa, ela \u00e9 instrutora certificada e professora de Terapia Comunit\u00e1ria Integrativa (TCI) e T\u00e9cnicas de Resgate da Autoestima (TRA) pelo MISMEC 4 Varas, conduzindo capacita\u00e7\u00f5es que s\u00e3o reconhecidas no Brasil, Am\u00e9rica Latina, Estados Unidos e Europa.<br \/>\nEla tamb\u00e9m atua como consultora da Organiza\u00e7\u00e3o Mundial da Sa\u00fade (OMS), colaborando na sistematiza\u00e7\u00e3o da TCI junto a um centro em Lima, no Peru.<br \/>\nItamaraty acompanha o caso<br \/>\nEm nota emitida em 5 de mar\u00e7o, o Minist\u00e9rio das Rela\u00e7\u00f5es Exteriores (Itamaraty) informou que acompanha o caso por meio do Consulado-Geral do Brasil em Londres. Conforme o \u00f3rg\u00e3o, o Consulado mant\u00e9m contato com autoridades locais e com a fam\u00edlia da brasileira, prestando assist\u00eancia consular.<br \/>\nO Itamaraty informou ainda que a atua\u00e7\u00e3o consular segue a legisla\u00e7\u00e3o brasileira e internacional. Por quest\u00f5es de privacidade, o minist\u00e9rio n\u00e3o divulga detalhes sobre casos individuais de assist\u00eancia a brasileiros.<br \/>\nAssista aos v\u00eddeos mais vistos do Cear\u00e1:<\/div>\n","protected":false},"excerpt":{"rendered":"<p>Imagens divulgadas pela pol\u00edcia mostram Vit\u00f3ria Barreto em \u00f4nibus e na rua em Brightlingsea, na Inglaterra A participa\u00e7\u00e3o em um congresso internacional e em dois cursos no Marrocos, ainda no m\u00eas de janeiro, marcaram o in\u00edcio da viagem feita pela psic\u00f3loga Vit\u00f3ria Figueiredo Barreto, que desapareceu na Inglaterra h\u00e1 mais de uma semana. Nestes primeiros [&hellip;]<\/p>\n","protected":false},"author":264,"featured_media":66694,"comment_status":"closed","ping_status":"closed","sticky":false,"template":"","format":"standard","meta":{"_themeisle_gutenberg_block_has_review":false,"_jetpack_memberships_contains_paid_content":false,"footnotes":""},"categories":[4],"tags":[127,130],"class_list":{"0":"post-66693","1":"post","2":"type-post","3":"status-publish","4":"format-standard","5":"has-post-thumbnail","7":"category-regiao","8":"tag-cariri","9":"tag-ceara"},"jetpack_featured_media_url":"https:\/\/crajubaremacao.com.br\/wp-content\/uploads\/2026\/03\/vitoria-psicologa-desaparecida-inglaterra-3.jpg","jetpack_sharing_enabled":true,"_links":{"self":[{"href":"https:\/\/crajubaremacao.com.br\/index.php?rest_route=\/wp\/v2\/posts\/66693","targetHints":{"allow":["GET"]}}],"collection":[{"href":"https:\/\/crajubaremacao.com.br\/index.php?rest_route=\/wp\/v2\/posts"}],"about":[{"href":"https:\/\/crajubaremacao.com.br\/index.php?rest_route=\/wp\/v2\/types\/post"}],"author":[{"embeddable":true,"href":"https:\/\/crajubaremacao.com.br\/index.php?rest_route=\/wp\/v2\/users\/264"}],"replies":[{"embeddable":true,"href":"https:\/\/crajubaremacao.com.br\/index.php?rest_route=%2Fwp%2Fv2%2Fcomments&post=66693"}],"version-history":[{"count":0,"href":"https:\/\/crajubaremacao.com.br\/index.php?rest_route=\/wp\/v2\/posts\/66693\/revisions"}],"wp:featuredmedia":[{"embeddable":true,"href":"https:\/\/crajubaremacao.com.br\/index.php?rest_route=\/wp\/v2\/media\/66694"}],"wp:attachment":[{"href":"https:\/\/crajubaremacao.com.br\/index.php?rest_route=%2Fwp%2Fv2%2Fmedia&parent=66693"}],"wp:term":[{"taxonomy":"category","embeddable":true,"href":"https:\/\/crajubaremacao.com.br\/index.php?rest_route=%2Fwp%2Fv2%2Fcategories&post=66693"},{"taxonomy":"post_tag","embeddable":true,"href":"https:\/\/crajubaremacao.com.br\/index.php?rest_route=%2Fwp%2Fv2%2Ftags&post=66693"}],"curies":[{"name":"wp","href":"https:\/\/api.w.org\/{rel}","templated":true}]}}