{"id":66705,"date":"2026-03-13T12:21:10","date_gmt":"2026-03-13T15:21:10","guid":{"rendered":"https:\/\/crajubaremacao.com.br\/?p=66705"},"modified":"2026-03-13T12:21:10","modified_gmt":"2026-03-13T15:21:10","slug":"paciente-tenta-fugir-pela-ventilacao-de-hospital-e-cai-do-teto-veja-video","status":"publish","type":"post","link":"https:\/\/crajubaremacao.com.br\/?p=66705","title":{"rendered":"Paciente tenta fugir pela ventila\u00e7\u00e3o de hospital e cai do teto; veja v\u00eddeo"},"content":{"rendered":"<div>\n<div style=\"margin-bottom: 15px;\"><img decoding=\"async\" class=\"type:primaryImage\" src=\"https:\/\/crajubaremacao.com.br\/wp-content\/uploads\/2026\/03\/sem-titulo-2-750x440-1.jpg\"><\/div>\n<p><?xml encoding=\"UTF-8\"><\/p>\n<p><strong>Um homem caiu do teto<\/strong> do Hospital Municipalizado Ad\u00e3o Pereira Nunes (HMAPN) durante a noite da \u00faltima quarta-feira (11). Segundo a prefeitura de Duque de Caxias, o<strong> paciente era usu\u00e1rio de drogas<\/strong> e apresentou um epis\u00f3dio de surto.<\/p>\n<p><strong>Ele teria tentado fugir pela tubula\u00e7\u00e3o de ventila\u00e7\u00e3o<\/strong>, mas acabou caindo. No v\u00eddeo, \u00e9 poss\u00edvel ver dois buracos no teto, j\u00e1 mostrando sinais de que o forro estaria cedendo ao peso do homem. Depois, um novo ponto se abre no teto e o adicto finalmente cai no ch\u00e3o.<\/p>\n<blockquote class=\"instagram-media\" style=\"background: #FFF; border: 0; border-radius: 3px; box-shadow: 0 0 1px 0 rgba(0,0,0,0.5),0 1px 10px 0 rgba(0,0,0,0.15); margin: 1px; max-width: 540px; min-width: 326px; padding: 0; width: calc(100% - 2px);\" data-instgrm-captioned=\"\" data-instgrm-permalink=\"https:\/\/www.instagram.com\/reel\/DV07x_0jT2C\/?utm_source=ig_embed&amp;utm_campaign=loading\" data-instgrm-version=\"14\">\n<div style=\"padding: 16px;\">\n\u00a0<\/p>\n<div style=\"display: flex; flex-direction: row; align-items: center;\">\n<div style=\"background-color: #f4f4f4; border-radius: 50%; flex-grow: 0; height: 40px; margin-right: 14px; width: 40px;\"><\/div>\n<div style=\"display: flex; flex-direction: column; flex-grow: 1; justify-content: center;\">\n<div style=\"background-color: #f4f4f4; border-radius: 4px; flex-grow: 0; height: 14px; margin-bottom: 6px; width: 100px;\"><\/div>\n<div style=\"background-color: #f4f4f4; border-radius: 4px; flex-grow: 0; height: 14px; width: 60px;\"><\/div>\n<\/div>\n<\/div>\n<div style=\"padding: 19% 0;\"><\/div>\n<div style=\"display: block; height: 50px; margin: 0 auto 12px; width: 50px;\"><\/div>\n<div style=\"padding-top: 8px;\">\n<div style=\"color: #3897f0; font-family: Arial,sans-serif; font-size: 14px; font-style: normal; font-weight: 550; line-height: 18px;\">Ver essa foto no Instagram<\/div>\n<\/div>\n<div style=\"padding: 12.5% 0;\"><\/div>\n<div style=\"display: flex; flex-direction: row; margin-bottom: 14px; align-items: center;\">\n<div>\n<div style=\"background-color: #f4f4f4; border-radius: 50%; height: 12.5px; width: 12.5px; transform: translateX(0px) translateY(7px);\"><\/div>\n<div style=\"background-color: #f4f4f4; height: 12.5px; transform: rotate(-45deg) translateX(3px) translateY(1px); width: 12.5px; flex-grow: 0; margin-right: 14px; margin-left: 2px;\"><\/div>\n<div style=\"background-color: #f4f4f4; border-radius: 50%; height: 12.5px; width: 12.5px; transform: translateX(9px) translateY(-18px);\"><\/div>\n<\/div>\n<div style=\"margin-left: 8px;\">\n<div style=\"background-color: #f4f4f4; border-radius: 50%; flex-grow: 0; height: 20px; width: 20px;\"><\/div>\n<div style=\"width: 0; height: 0; border-top: 2px solid transparent; border-left: 6px solid #f4f4f4; border-bottom: 2px solid transparent; transform: translateX(16px) translateY(-4px) rotate(30deg);\"><\/div>\n<\/div>\n<div style=\"margin-left: auto;\">\n<div style=\"width: 0px; border-top: 8px solid #F4F4F4; border-right: 8px solid transparent; transform: translateY(16px);\"><\/div>\n<div style=\"background-color: #f4f4f4; flex-grow: 0; height: 12px; width: 16px; transform: translateY(-4px);\"><\/div>\n<div style=\"width: 0; height: 0; border-top: 8px solid #F4F4F4; border-left: 8px solid transparent; transform: translateY(-4px) translateX(8px);\"><\/div>\n<\/div>\n<\/div>\n<div style=\"display: flex; flex-direction: column; flex-grow: 1; justify-content: center; margin-bottom: 24px;\">\n<div style=\"background-color: #f4f4f4; border-radius: 4px; flex-grow: 0; height: 14px; margin-bottom: 6px; width: 224px;\"><\/div>\n<div style=\"background-color: #f4f4f4; border-radius: 4px; flex-grow: 0; height: 14px; width: 144px;\"><\/div>\n<\/div>\n<p>\u00a0<br \/>\nUm post compartilhado por Jovem Pan NEWS (@jovempannews)\n<\/p><\/div>\n<\/blockquote>\n<p><script async src=\"\/\/www.instagram.com\/embed.js\"><\/script><\/p>\n<p><strong>Ele \u00e9 contido por dois funcion\u00e1rios da unidade<\/strong>. Segundo o hospital, <strong>ele n\u00e3o se feriu e foi reconduzido ao seu setor<\/strong>. O homem segue internado em bom estado geral. Nenhum outro paciente ficou ferido.<\/p>\n<div class=\"list-related-posts\">\n<h3>Leia tamb\u00e9m<\/h3>\n<div class=\"related-posts-container\">\n<div class=\"related-post-item-container\">\n<div class=\"related-post\">\n<div class=\"img-related-box\">\n                                            <strong><a href=\"https:\/\/jovempan.com.br\/opiniao-jovem-pan\/comentaristas\/beatriz-manfredini\/tarcisio-prepara-aumento-e-plano-de-carreira-para-pm-e-tenta-sinalizacao-a-policia-civil.html\" title=\"Tarc\u00edsio prepara aumento e plano de carreira para PM e tenta sinaliza\u00e7\u00e3o \u00e0 Pol\u00edcia Civil\"><img decoding=\"async\" src=\"https:\/\/crajubaremacao.com.br\/wp-content\/uploads\/2026\/03\/52665103945_f09259a836_k.jpg\"><\/a><\/strong>\n                                        <\/div>\n<p>                                        <span class=\"box-the-title\"><br \/>\n                                            <strong><a href=\"https:\/\/jovempan.com.br\/opiniao-jovem-pan\/comentaristas\/beatriz-manfredini\/tarcisio-prepara-aumento-e-plano-de-carreira-para-pm-e-tenta-sinalizacao-a-policia-civil.html\" title=\"Tarc\u00edsio prepara aumento e plano de carreira para PM e tenta sinaliza\u00e7\u00e3o \u00e0 Pol\u00edcia Civil\">Tarc\u00edsio prepara aumento e plano de carreira para PM e tenta sinaliza\u00e7\u00e3o \u00e0 Pol\u00edcia Civil<\/a><\/strong><br \/>\n                                        <\/span>\n                                    <\/div>\n<div class=\"related-post\">\n<div class=\"img-related-box\">\n                                            <strong><a href=\"https:\/\/jovempan.com.br\/programas\/jornal-da-manha\/chuva-da-tregua-em-sp-nesta-sexta-mas-sudeste-segue-em-alerta.html\" title=\"Chuva d\u00e1 tr\u00e9gua em SP nesta sexta, mas Sudeste segue em alerta\"><img decoding=\"async\" src=\"https:\/\/crajubaremacao.com.br\/wp-content\/uploads\/2026\/03\/design-sem-nome-51.png\"><\/a><\/strong>\n                                        <\/div>\n<p>                                        <span class=\"box-the-title\"><br \/>\n                                            <strong><a href=\"https:\/\/jovempan.com.br\/programas\/jornal-da-manha\/chuva-da-tregua-em-sp-nesta-sexta-mas-sudeste-segue-em-alerta.html\" title=\"Chuva d\u00e1 tr\u00e9gua em SP nesta sexta, mas Sudeste segue em alerta\">Chuva d\u00e1 tr\u00e9gua em SP nesta sexta, mas Sudeste segue em alerta<\/a><\/strong><br \/>\n                                        <\/span>\n                                    <\/div>\n<\/p><\/div>\n<\/p><\/div>\n<\/p><\/div>\n<p>\u00a0<\/p>\n<\/div>\n","protected":false},"excerpt":{"rendered":"<p>Um homem caiu do teto do Hospital Municipalizado Ad\u00e3o Pereira Nunes (HMAPN) durante a noite da \u00faltima quarta-feira (11). Segundo a prefeitura de Duque de Caxias, o paciente era usu\u00e1rio de drogas e apresentou um epis\u00f3dio de surto. Ele teria tentado fugir pela tubula\u00e7\u00e3o de ventila\u00e7\u00e3o, mas acabou caindo. No v\u00eddeo, \u00e9 poss\u00edvel ver dois [&hellip;]<\/p>\n","protected":false},"author":117,"featured_media":66706,"comment_status":"closed","ping_status":"closed","sticky":false,"template":"","format":"standard","meta":{"_themeisle_gutenberg_block_has_review":false,"_jetpack_memberships_contains_paid_content":false,"footnotes":""},"categories":[2],"tags":[150],"class_list":{"0":"post-66705","1":"post","2":"type-post","3":"status-publish","4":"format-standard","5":"has-post-thumbnail","7":"category-brasil","8":"tag-brasil"},"jetpack_featured_media_url":"https:\/\/crajubaremacao.com.br\/wp-content\/uploads\/2026\/03\/sem-titulo-2-750x440-1.jpg","jetpack_sharing_enabled":true,"_links":{"self":[{"href":"https:\/\/crajubaremacao.com.br\/index.php?rest_route=\/wp\/v2\/posts\/66705","targetHints":{"allow":["GET"]}}],"collection":[{"href":"https:\/\/crajubaremacao.com.br\/index.php?rest_route=\/wp\/v2\/posts"}],"about":[{"href":"https:\/\/crajubaremacao.com.br\/index.php?rest_route=\/wp\/v2\/types\/post"}],"author":[{"embeddable":true,"href":"https:\/\/crajubaremacao.com.br\/index.php?rest_route=\/wp\/v2\/users\/117"}],"replies":[{"embeddable":true,"href":"https:\/\/crajubaremacao.com.br\/index.php?rest_route=%2Fwp%2Fv2%2Fcomments&post=66705"}],"version-history":[{"count":0,"href":"https:\/\/crajubaremacao.com.br\/index.php?rest_route=\/wp\/v2\/posts\/66705\/revisions"}],"wp:featuredmedia":[{"embeddable":true,"href":"https:\/\/crajubaremacao.com.br\/index.php?rest_route=\/wp\/v2\/media\/66706"}],"wp:attachment":[{"href":"https:\/\/crajubaremacao.com.br\/index.php?rest_route=%2Fwp%2Fv2%2Fmedia&parent=66705"}],"wp:term":[{"taxonomy":"category","embeddable":true,"href":"https:\/\/crajubaremacao.com.br\/index.php?rest_route=%2Fwp%2Fv2%2Fcategories&post=66705"},{"taxonomy":"post_tag","embeddable":true,"href":"https:\/\/crajubaremacao.com.br\/index.php?rest_route=%2Fwp%2Fv2%2Ftags&post=66705"}],"curies":[{"name":"wp","href":"https:\/\/api.w.org\/{rel}","templated":true}]}}