{"id":66707,"date":"2026-03-13T12:21:21","date_gmt":"2026-03-13T15:21:21","guid":{"rendered":"https:\/\/crajubaremacao.com.br\/?p=66707"},"modified":"2026-03-13T12:21:21","modified_gmt":"2026-03-13T15:21:21","slug":"estao-brincando-com-a-vida-do-meu-pai-diz-flavio-apos-bolsonaro-ser-internado","status":"publish","type":"post","link":"https:\/\/crajubaremacao.com.br\/?p=66707","title":{"rendered":"\u2018Est\u00e3o brincando com a vida do meu pai\u2019, diz Fl\u00e1vio ap\u00f3s Bolsonaro ser internado"},"content":{"rendered":"<div>\n<div style=\"margin-bottom: 15px;\"><img decoding=\"async\" class=\"type:primaryImage\" src=\"https:\/\/jpimg.com.br\/uploads\/2025\/12\/design-sem-nome-2025-12-25t094130.052-750x450.png\"><\/div>\n<p><?xml encoding=\"UTF-8\"><\/p>\n<p>O senador Fl\u00e1vio Bolsonaro (PL-RJ) afirmou, nesta sexta-feira (13), que \u201cest\u00e3o brincando com a sa\u00fade do meu pai\u201d. A declara\u00e7\u00e3o ocorreu em frente ao Hospital DF Star, em Bras\u00edlia, onde o ex-presidente <a href=\"https:\/\/jovempan.com.br\/noticias\/politica\/bolsonaro-passa-mal-e-e-levado-ao-hospital-diz-flavio.html\"><strong>Jair Bolsonaro est\u00e1 internado<\/strong><\/a>, ap\u00f3s passar mal e apresentar calafrios na Papudinha.<\/p>\n<p>Segundo o senador, Bolsonaro apresentou febre, calafrios e epis\u00f3dios de v\u00f4mito durante a madrugada. Embora o ex-presidente estivesse consciente e l\u00facido quando Fl\u00e1vio o visitou, ele apresentava \u201cvoz fraca e a cara abatida\u201d.<\/p>\n<p>\u201cMais um dia triste que a gente acorda com a not\u00edcia do meu pai ter passado mal druante a madrigrada. Teve febre, calafrio e vomitou bastante. Quando cheguei, ele estava consciente, l\u00facido, mas com a voz fraca e a cara abatida\u201d, disse o senador.<\/p>\n<p><em>*Mat\u00e9ria em atualiza\u00e7\u00e3o<\/em><\/p>\n<div class=\"list-related-posts\">\n<h3>Leia tamb\u00e9m<\/h3>\n<div class=\"related-posts-container\">\n<div class=\"related-post-item-container\">\n<div class=\"related-post\">\n<div class=\"img-related-box\">\n                                            <strong><a href=\"https:\/\/jovempan.com.br\/noticias\/politica\/ministros-votam-para-manter-prisao-de-vorcaro.html\" title=\"Segunda Turma do STF forma maioria para manter pris\u00e3o de Vorcaro\"><img decoding=\"async\" src=\"https:\/\/jpimg.com.br\/uploads\/2025\/11\/vorcaro-master.jpg\"><\/a><\/strong>\n                                        <\/div>\n<p>                                        <span class=\"box-the-title\"><br \/>\n                                            <strong><a href=\"https:\/\/jovempan.com.br\/noticias\/politica\/ministros-votam-para-manter-prisao-de-vorcaro.html\" title=\"Segunda Turma do STF forma maioria para manter pris\u00e3o de Vorcaro\">Segunda Turma do STF forma maioria para manter pris\u00e3o de Vorcaro<\/a><\/strong><br \/>\n                                        <\/span>\n                                    <\/div>\n<div class=\"related-post\">\n<div class=\"img-related-box\">\n                                            <strong><a href=\"https:\/\/jovempan.com.br\/noticias\/politica\/bolsonaro-passa-mal-e-e-levado-ao-hospital-diz-flavio.html\" title=\"Ap\u00f3s passar mal, Bolsonaro \u00e9 diagnosticado com broncopneumonia\"><img decoding=\"async\" src=\"https:\/\/jpimg.com.br\/uploads\/2025\/09\/afp__20250914__74gd338__v2__highres__brazilpoliticsjusticetrialcoup.jpg\"><\/a><\/strong>\n                                        <\/div>\n<p>                                        <span class=\"box-the-title\"><br \/>\n                                            <strong><a href=\"https:\/\/jovempan.com.br\/noticias\/politica\/bolsonaro-passa-mal-e-e-levado-ao-hospital-diz-flavio.html\" title=\"Ap\u00f3s passar mal, Bolsonaro \u00e9 diagnosticado com broncopneumonia\">Ap\u00f3s passar mal, Bolsonaro \u00e9 diagnosticado com broncopneumonia<\/a><\/strong><br \/>\n                                        <\/span>\n                                    <\/div>\n<\/p><\/div>\n<\/p><\/div>\n<\/p><\/div>\n<\/div>\n","protected":false},"excerpt":{"rendered":"<p>O senador Fl\u00e1vio Bolsonaro (PL-RJ) afirmou, nesta sexta-feira (13), que \u201cest\u00e3o brincando com a sa\u00fade do meu pai\u201d. A declara\u00e7\u00e3o ocorreu em frente ao Hospital DF Star, em Bras\u00edlia, onde o ex-presidente Jair Bolsonaro est\u00e1 internado, ap\u00f3s passar mal e apresentar calafrios na Papudinha. Segundo o senador, Bolsonaro apresentou febre, calafrios e epis\u00f3dios de v\u00f4mito [&hellip;]<\/p>\n","protected":false},"author":117,"featured_media":66708,"comment_status":"closed","ping_status":"closed","sticky":false,"template":"","format":"standard","meta":{"_themeisle_gutenberg_block_has_review":false,"_jetpack_memberships_contains_paid_content":false,"footnotes":""},"categories":[9],"tags":[129],"class_list":{"0":"post-66707","1":"post","2":"type-post","3":"status-publish","4":"format-standard","5":"has-post-thumbnail","7":"category-politica","8":"tag-politica"},"jetpack_featured_media_url":"https:\/\/crajubaremacao.com.br\/wp-content\/uploads\/2026\/03\/design-sem-nome-2025-12-25t094130052-750x450-1.png","jetpack_sharing_enabled":true,"_links":{"self":[{"href":"https:\/\/crajubaremacao.com.br\/index.php?rest_route=\/wp\/v2\/posts\/66707","targetHints":{"allow":["GET"]}}],"collection":[{"href":"https:\/\/crajubaremacao.com.br\/index.php?rest_route=\/wp\/v2\/posts"}],"about":[{"href":"https:\/\/crajubaremacao.com.br\/index.php?rest_route=\/wp\/v2\/types\/post"}],"author":[{"embeddable":true,"href":"https:\/\/crajubaremacao.com.br\/index.php?rest_route=\/wp\/v2\/users\/117"}],"replies":[{"embeddable":true,"href":"https:\/\/crajubaremacao.com.br\/index.php?rest_route=%2Fwp%2Fv2%2Fcomments&post=66707"}],"version-history":[{"count":0,"href":"https:\/\/crajubaremacao.com.br\/index.php?rest_route=\/wp\/v2\/posts\/66707\/revisions"}],"wp:featuredmedia":[{"embeddable":true,"href":"https:\/\/crajubaremacao.com.br\/index.php?rest_route=\/wp\/v2\/media\/66708"}],"wp:attachment":[{"href":"https:\/\/crajubaremacao.com.br\/index.php?rest_route=%2Fwp%2Fv2%2Fmedia&parent=66707"}],"wp:term":[{"taxonomy":"category","embeddable":true,"href":"https:\/\/crajubaremacao.com.br\/index.php?rest_route=%2Fwp%2Fv2%2Fcategories&post=66707"},{"taxonomy":"post_tag","embeddable":true,"href":"https:\/\/crajubaremacao.com.br\/index.php?rest_route=%2Fwp%2Fv2%2Ftags&post=66707"}],"curies":[{"name":"wp","href":"https:\/\/api.w.org\/{rel}","templated":true}]}}