{"id":66716,"date":"2026-03-13T18:06:02","date_gmt":"2026-03-13T21:06:02","guid":{"rendered":"https:\/\/crajubaremacao.com.br\/?p=66716"},"modified":"2026-03-13T18:06:02","modified_gmt":"2026-03-13T21:06:02","slug":"ex-ginasta-lais-souza-aparece-de-pe-em-foto-e-viraliza-nas-redes","status":"publish","type":"post","link":"https:\/\/crajubaremacao.com.br\/?p=66716","title":{"rendered":"Ex-ginasta Lais Souza aparece de p\u00e9 em foto e viraliza nas redes"},"content":{"rendered":"<div>\n<div style=\"margin-bottom: 15px;\"><img decoding=\"async\" class=\"type:primaryImage\" src=\"https:\/\/jpimg.com.br\/uploads\/2026\/03\/snapinsta.to_650145303_18571660993040253_4312977349352798109_n-750x452.jpg\"><\/div>\n<p><?xml encoding=\"UTF-8\"><\/p>\n<p>A<strong> ex-ginasta Lais Souza publicou<\/strong> uma foto nas redes sociais<strong> de p\u00e9<\/strong>, na \u00faltima quarta-feira (11). Na legenda, <strong>ela informa que est\u00e1 voltando \u00e0 fisioterapia<\/strong>.<\/p>\n<p>Em outro post, desta quarta (13), <strong>ela mostra um exerc\u00edcio da recupera\u00e7\u00e3o e que ficou dois meses sem fazer fisioterapia<\/strong>. Lais tamb\u00e9m disse que o <strong>movimento faz muita diferen\u00e7a<\/strong> e que fica de p\u00e9 cerca de 30 minutos, duas vezes por semana. Ela aparece no registro com o suporte de um equipamento que sustenta o seu corpo.<\/p>\n<p><strong>Lais ficou tetrapl\u00e9gica em 2014<\/strong>, ap\u00f3s sofrer um acidente durante um treino de esqui. Algumas personalidades, como Jaquelis, bicampe\u00e3 ol\u00edmpica de v\u00f4lei, o produtor Boninho e o ator Lucio Mauro Filho, comentaram na foto, comemorando a a\u00e7\u00e3o.<\/p>\n<blockquote class=\"instagram-media\" style=\"background: #FFF; border: 0; border-radius: 3px; box-shadow: 0 0 1px 0 rgba(0,0,0,0.5),0 1px 10px 0 rgba(0,0,0,0.15); margin: 1px; max-width: 540px; min-width: 326px; padding: 0; width: calc(100% - 2px);\" data-instgrm-captioned=\"\" data-instgrm-permalink=\"https:\/\/www.instagram.com\/p\/DVwAzEMjRJq\/?utm_source=ig_embed&amp;utm_campaign=loading\" data-instgrm-version=\"14\">\n<div style=\"padding: 16px;\">\n\u00a0<\/p>\n<div style=\"display: flex; flex-direction: row; align-items: center;\">\n<div style=\"background-color: #f4f4f4; border-radius: 50%; flex-grow: 0; height: 40px; margin-right: 14px; width: 40px;\"><\/div>\n<div style=\"display: flex; flex-direction: column; flex-grow: 1; justify-content: center;\">\n<div style=\"background-color: #f4f4f4; border-radius: 4px; flex-grow: 0; height: 14px; margin-bottom: 6px; width: 100px;\"><\/div>\n<div style=\"background-color: #f4f4f4; border-radius: 4px; flex-grow: 0; height: 14px; width: 60px;\"><\/div>\n<\/div>\n<\/div>\n<div style=\"padding: 19% 0;\"><\/div>\n<div style=\"display: block; height: 50px; margin: 0 auto 12px; width: 50px;\"><\/div>\n<div style=\"padding-top: 8px;\">\n<div style=\"color: #3897f0; font-family: Arial,sans-serif; font-size: 14px; font-style: normal; font-weight: 550; line-height: 18px;\">Ver essa foto no Instagram<\/div>\n<\/div>\n<div style=\"padding: 12.5% 0;\"><\/div>\n<div style=\"display: flex; flex-direction: row; margin-bottom: 14px; align-items: center;\">\n<div>\n<div style=\"background-color: #f4f4f4; border-radius: 50%; height: 12.5px; width: 12.5px; transform: translateX(0px) translateY(7px);\"><\/div>\n<div style=\"background-color: #f4f4f4; height: 12.5px; transform: rotate(-45deg) translateX(3px) translateY(1px); width: 12.5px; flex-grow: 0; margin-right: 14px; margin-left: 2px;\"><\/div>\n<div style=\"background-color: #f4f4f4; border-radius: 50%; height: 12.5px; width: 12.5px; transform: translateX(9px) translateY(-18px);\"><\/div>\n<\/div>\n<div style=\"margin-left: 8px;\">\n<div style=\"background-color: #f4f4f4; border-radius: 50%; flex-grow: 0; height: 20px; width: 20px;\"><\/div>\n<div style=\"width: 0; height: 0; border-top: 2px solid transparent; border-left: 6px solid #f4f4f4; border-bottom: 2px solid transparent; transform: translateX(16px) translateY(-4px) rotate(30deg);\"><\/div>\n<\/div>\n<div style=\"margin-left: auto;\">\n<div style=\"width: 0px; border-top: 8px solid #F4F4F4; border-right: 8px solid transparent; transform: translateY(16px);\"><\/div>\n<div style=\"background-color: #f4f4f4; flex-grow: 0; height: 12px; width: 16px; transform: translateY(-4px);\"><\/div>\n<div style=\"width: 0; height: 0; border-top: 8px solid #F4F4F4; border-left: 8px solid transparent; transform: translateY(-4px) translateX(8px);\"><\/div>\n<\/div>\n<\/div>\n<div style=\"display: flex; flex-direction: column; flex-grow: 1; justify-content: center; margin-bottom: 24px;\">\n<div style=\"background-color: #f4f4f4; border-radius: 4px; flex-grow: 0; height: 14px; margin-bottom: 6px; width: 224px;\"><\/div>\n<div style=\"background-color: #f4f4f4; border-radius: 4px; flex-grow: 0; height: 14px; width: 144px;\"><\/div>\n<\/div>\n<p>\u00a0<br \/>\nUm post compartilhado por Lais Souza | Palestrante (@lalikasouza)\n<\/p><\/div>\n<\/blockquote>\n<p><script async src=\"\/\/www.instagram.com\/embed.js\"><\/script><\/p>\n<p><strong>Lais foi ginasta e participou das Olimp\u00edadas de 2004<\/strong>, na Gr\u00e9cia. Depois ela <strong>mudou de esporte e foi para o esqui<\/strong>. Estava classificada para disputar as Olimp\u00edadas de Inverno, mas sofreu o grave acidente enquanto treinava.<\/p>\n<p>Desde ent\u00e3o, ela passou os \u00faltimos anos fazendo tratamentos modernos e mant\u00e9m o sonho de voltar a andar.<\/p>\n<div class=\"list-related-posts\">\n<h3>Leia tamb\u00e9m<\/h3>\n<div class=\"related-posts-container\">\n<div class=\"related-post-item-container\">\n<div class=\"related-post\">\n<div class=\"img-related-box\">\n                                            <strong><a href=\"https:\/\/jovempan.com.br\/entretenimento\/tv-e-cinema\/parasita-sinopse-elenco-e-o-sucesso-do-filme-estrangeiro-mais-premiado.html\" title=\"Parasita: Sinopse, elenco e o sucesso do filme estrangeiro mais premiado\"><img decoding=\"async\" src=\"https:\/\/jpimg.com.br\/uploads\/2019\/03\/parasita-filme.jpg\"><\/a><\/strong>\n                                        <\/div>\n<p>                                        <span class=\"box-the-title\"><br \/>\n                                            <strong><a href=\"https:\/\/jovempan.com.br\/entretenimento\/tv-e-cinema\/parasita-sinopse-elenco-e-o-sucesso-do-filme-estrangeiro-mais-premiado.html\" title=\"Parasita: Sinopse, elenco e o sucesso do filme estrangeiro mais premiado\">Parasita: Sinopse, elenco e o sucesso do filme estrangeiro mais premiado<\/a><\/strong><br \/>\n                                        <\/span>\n                                    <\/div>\n<div class=\"related-post\">\n<div class=\"img-related-box\">\n                                            <strong><a href=\"https:\/\/jovempan.com.br\/entretenimento\/tv-e-cinema\/filmes-com-mais-indicacoes-ao-oscar-na-historia-o-novo-recorde-e-os-classicos.html\" title=\"Filmes com mais indica\u00e7\u00f5es ao Oscar na hist\u00f3ria: o novo recorde e os cl\u00e1ssicos\"><img decoding=\"async\" src=\"https:\/\/jpimg.com.br\/uploads\/2025\/03\/ato20250225072.jpg\"><\/a><\/strong>\n                                        <\/div>\n<p>                                        <span class=\"box-the-title\"><br \/>\n                                            <strong><a href=\"https:\/\/jovempan.com.br\/entretenimento\/tv-e-cinema\/filmes-com-mais-indicacoes-ao-oscar-na-historia-o-novo-recorde-e-os-classicos.html\" title=\"Filmes com mais indica\u00e7\u00f5es ao Oscar na hist\u00f3ria: o novo recorde e os cl\u00e1ssicos\">Filmes com mais indica\u00e7\u00f5es ao Oscar na hist\u00f3ria: o novo recorde e os cl\u00e1ssicos<\/a><\/strong><br \/>\n                                        <\/span>\n                                    <\/div>\n<div class=\"related-post\">\n<div class=\"img-related-box\">\n                                            <strong><a href=\"https:\/\/jovempan.com.br\/entretenimento\/tv-e-cinema\/quem-foi-o-ator-mais-jovem-a-ganhar-o-oscar-de-melhor-ator.html\" title=\"Quem foi o ator mais jovem a ganhar o Oscar de melhor ator?\"><img decoding=\"async\" src=\"https:\/\/jpimg.com.br\/uploads\/2026\/01\/imagem-jvp-2026-01-22t081824.514.png\"><\/a><\/strong>\n                                        <\/div>\n<p>                                        <span class=\"box-the-title\"><br \/>\n                                            <strong><a href=\"https:\/\/jovempan.com.br\/entretenimento\/tv-e-cinema\/quem-foi-o-ator-mais-jovem-a-ganhar-o-oscar-de-melhor-ator.html\" title=\"Quem foi o ator mais jovem a ganhar o Oscar de melhor ator?\">Quem foi o ator mais jovem a ganhar o Oscar de melhor ator?<\/a><\/strong><br \/>\n                                        <\/span>\n                                    <\/div>\n<\/p><\/div>\n<\/p><\/div>\n<\/p><\/div>\n<\/div>\n","protected":false},"excerpt":{"rendered":"<p>A ex-ginasta Lais Souza publicou uma foto nas redes sociais de p\u00e9, na \u00faltima quarta-feira (11). Na legenda, ela informa que est\u00e1 voltando \u00e0 fisioterapia. Em outro post, desta quarta (13), ela mostra um exerc\u00edcio da recupera\u00e7\u00e3o e que ficou dois meses sem fazer fisioterapia. Lais tamb\u00e9m disse que o movimento faz muita diferen\u00e7a e [&hellip;]<\/p>\n","protected":false},"author":260,"featured_media":66717,"comment_status":"closed","ping_status":"closed","sticky":false,"template":"","format":"standard","meta":{"_themeisle_gutenberg_block_has_review":false,"_jetpack_memberships_contains_paid_content":false,"footnotes":""},"categories":[12],"tags":[153],"class_list":{"0":"post-66716","1":"post","2":"type-post","3":"status-publish","4":"format-standard","5":"has-post-thumbnail","7":"category-esportes","8":"tag-esportes"},"jetpack_featured_media_url":"https:\/\/crajubaremacao.com.br\/wp-content\/uploads\/2026\/03\/snapinstato_650145303_18571660993040253_4312977349352798109_n-750x452-1.jpg","jetpack_sharing_enabled":true,"_links":{"self":[{"href":"https:\/\/crajubaremacao.com.br\/index.php?rest_route=\/wp\/v2\/posts\/66716","targetHints":{"allow":["GET"]}}],"collection":[{"href":"https:\/\/crajubaremacao.com.br\/index.php?rest_route=\/wp\/v2\/posts"}],"about":[{"href":"https:\/\/crajubaremacao.com.br\/index.php?rest_route=\/wp\/v2\/types\/post"}],"author":[{"embeddable":true,"href":"https:\/\/crajubaremacao.com.br\/index.php?rest_route=\/wp\/v2\/users\/260"}],"replies":[{"embeddable":true,"href":"https:\/\/crajubaremacao.com.br\/index.php?rest_route=%2Fwp%2Fv2%2Fcomments&post=66716"}],"version-history":[{"count":0,"href":"https:\/\/crajubaremacao.com.br\/index.php?rest_route=\/wp\/v2\/posts\/66716\/revisions"}],"wp:featuredmedia":[{"embeddable":true,"href":"https:\/\/crajubaremacao.com.br\/index.php?rest_route=\/wp\/v2\/media\/66717"}],"wp:attachment":[{"href":"https:\/\/crajubaremacao.com.br\/index.php?rest_route=%2Fwp%2Fv2%2Fmedia&parent=66716"}],"wp:term":[{"taxonomy":"category","embeddable":true,"href":"https:\/\/crajubaremacao.com.br\/index.php?rest_route=%2Fwp%2Fv2%2Fcategories&post=66716"},{"taxonomy":"post_tag","embeddable":true,"href":"https:\/\/crajubaremacao.com.br\/index.php?rest_route=%2Fwp%2Fv2%2Ftags&post=66716"}],"curies":[{"name":"wp","href":"https:\/\/api.w.org\/{rel}","templated":true}]}}