{"id":66718,"date":"2026-03-13T18:06:21","date_gmt":"2026-03-13T21:06:21","guid":{"rendered":"https:\/\/crajubaremacao.com.br\/?p=66718"},"modified":"2026-03-13T18:06:21","modified_gmt":"2026-03-13T21:06:21","slug":"com-a-confirmacao-proxima-de-ratinho-jr-a-presidencia-veja-os-planos-do-psd-para-os-pre-candidatos","status":"publish","type":"post","link":"https:\/\/crajubaremacao.com.br\/?p=66718","title":{"rendered":"Com a confirma\u00e7\u00e3o pr\u00f3xima de Ratinho Jr. \u00e0 presid\u00eancia, veja os planos do PSD para os pr\u00e9-candidatos"},"content":{"rendered":"<div>\n<div style=\"margin-bottom: 15px;\"><img decoding=\"async\" class=\"type:primaryImage\" src=\"https:\/\/jpimg.com.br\/uploads\/2025\/08\/fta20250819199-750x436.jpg\"><\/div>\n<p><?xml encoding=\"UTF-8\"><\/p>\n<p>O presidente do PSD, Gilberto Kassab, afirmou que o partido vai definir at\u00e9 o dia <strong>15 de abril o nome do pr\u00e9-candidato<\/strong> que representar\u00e1 a legenda na disputa presidencial de 2026. A escolha ser\u00e1 feita entre os governadores Ronaldo Caiado (Goi\u00e1s), Eduardo Leite (Rio Grande do Sul) e Ratinho J\u00fanior (Paran\u00e1). Segundo interlocutores, <strong>Kassab est\u00e1 estudando poss\u00edveis cen\u00e1rios eleitorais<\/strong> e j\u00e1 teria desenhado o futuro de cada um dos pol\u00edticos.<\/p>\n<p>Nos bastidores ganha, cada vez mais for\u00e7a, a possibibilidade de <strong>Ratinho Jr, governador do Paran\u00e1, ser o escolhido por Kassab<\/strong>. Um dos motivos \u00e9 o desempenho dele nas pesquisas eleitorais. Hoje, o governador paranaense enviou uma nota dizendo que \u201cespera com tranquilidade e muito respeito aos demais concorrentes, Ronaldo Caiado e Eduardo Leite, que o partido oficialize no momento oportuno o candidato a presid\u00eancia da legenda.<\/p>\n<p>Com a vaga praticamente definida, <strong>Kassab tem planos tra\u00e7ados para que Caiado concorra ao Senado Federal<\/strong> e deseja negociar futuramente um <strong>minist\u00e9rio para abrigar Eduardo Leite<\/strong>, onde ganharia visibilidade nacional. Os minist\u00e9rios ventilados seriam o das Cidades ou Desenvolvimento Regional.<\/p>\n<p>A expectativa da c\u00fapula nacional do PSD \u00e9 de oficializar, em abril, a candidatura do governador do Paran\u00e1, Ratinho Jr., para a disputa pelo Pal\u00e1cio do Planalto.<\/p>\n<div class=\"list-related-posts\">\n<h3>Leia tamb\u00e9m<\/h3>\n<div class=\"related-posts-container\">\n<div class=\"related-post-item-container\">\n<div class=\"related-post\">\n<div class=\"img-related-box\">\n                                            <strong><a href=\"https:\/\/jovempan.com.br\/opiniao-jovem-pan\/comentaristas\/david-de-tarso\/evento-do-psd-reune-pre-candidatos-a-presidencia-e-marca-estreia-de-eduardo-leite-no-debate-interno.html\" title=\"Evento do PSD re\u00fane pr\u00e9-candidatos \u00e0 Presid\u00eancia e marca estreia de Eduardo Leite no debate interno\"><img decoding=\"async\" src=\"https:\/\/jpimg.com.br\/uploads\/2026\/03\/psd-.jpg\"><\/a><\/strong>\n                                        <\/div>\n<p>                                        <span class=\"box-the-title\"><br \/>\n                                            <strong><a href=\"https:\/\/jovempan.com.br\/opiniao-jovem-pan\/comentaristas\/david-de-tarso\/evento-do-psd-reune-pre-candidatos-a-presidencia-e-marca-estreia-de-eduardo-leite-no-debate-interno.html\" title=\"Evento do PSD re\u00fane pr\u00e9-candidatos \u00e0 Presid\u00eancia e marca estreia de Eduardo Leite no debate interno\">Evento do PSD re\u00fane pr\u00e9-candidatos \u00e0 Presid\u00eancia e marca estreia de Eduardo Leite no debate interno<\/a><\/strong><br \/>\n                                        <\/span>\n                                    <\/div>\n<div class=\"related-post\">\n<div class=\"img-related-box\">\n                                            <strong><a href=\"https:\/\/jovempan.com.br\/noticias\/politica\/eduardo-leite-oficializa-pre-candidatura-a-presidencia-reconstrucao-estrategica.html\" title=\"Eduardo Leite oficializa pr\u00e9-candidatura \u00e0 Presid\u00eancia: 'Reconstru\u00e7\u00e3o estrat\u00e9gica'\"><img decoding=\"async\" src=\"https:\/\/jpimg.com.br\/uploads\/2025\/08\/fta20250819204-1.jpg\"><\/a><\/strong>\n                                        <\/div>\n<p>                                        <span class=\"box-the-title\"><br \/>\n                                            <strong><a href=\"https:\/\/jovempan.com.br\/noticias\/politica\/eduardo-leite-oficializa-pre-candidatura-a-presidencia-reconstrucao-estrategica.html\" title=\"Eduardo Leite oficializa pr\u00e9-candidatura \u00e0 Presid\u00eancia: 'Reconstru\u00e7\u00e3o estrat\u00e9gica'\">Eduardo Leite oficializa pr\u00e9-candidatura \u00e0 Presid\u00eancia: &#8216;Reconstru\u00e7\u00e3o estrat\u00e9gica&#8217;<\/a><\/strong><br \/>\n                                        <\/span>\n                                    <\/div>\n<\/p><\/div>\n<\/p><\/div>\n<\/p><\/div>\n<\/div>\n","protected":false},"excerpt":{"rendered":"<p>O presidente do PSD, Gilberto Kassab, afirmou que o partido vai definir at\u00e9 o dia 15 de abril o nome do pr\u00e9-candidato que representar\u00e1 a legenda na disputa presidencial de 2026. A escolha ser\u00e1 feita entre os governadores Ronaldo Caiado (Goi\u00e1s), Eduardo Leite (Rio Grande do Sul) e Ratinho J\u00fanior (Paran\u00e1). Segundo interlocutores, Kassab est\u00e1 [&hellip;]<\/p>\n","protected":false},"author":117,"featured_media":66719,"comment_status":"closed","ping_status":"closed","sticky":false,"template":"","format":"standard","meta":{"_themeisle_gutenberg_block_has_review":false,"_jetpack_memberships_contains_paid_content":false,"footnotes":""},"categories":[9],"tags":[129],"class_list":{"0":"post-66718","1":"post","2":"type-post","3":"status-publish","4":"format-standard","5":"has-post-thumbnail","7":"category-politica","8":"tag-politica"},"jetpack_featured_media_url":"https:\/\/crajubaremacao.com.br\/wp-content\/uploads\/2026\/03\/fta20250819199-750x436-1.jpg","jetpack_sharing_enabled":true,"_links":{"self":[{"href":"https:\/\/crajubaremacao.com.br\/index.php?rest_route=\/wp\/v2\/posts\/66718","targetHints":{"allow":["GET"]}}],"collection":[{"href":"https:\/\/crajubaremacao.com.br\/index.php?rest_route=\/wp\/v2\/posts"}],"about":[{"href":"https:\/\/crajubaremacao.com.br\/index.php?rest_route=\/wp\/v2\/types\/post"}],"author":[{"embeddable":true,"href":"https:\/\/crajubaremacao.com.br\/index.php?rest_route=\/wp\/v2\/users\/117"}],"replies":[{"embeddable":true,"href":"https:\/\/crajubaremacao.com.br\/index.php?rest_route=%2Fwp%2Fv2%2Fcomments&post=66718"}],"version-history":[{"count":0,"href":"https:\/\/crajubaremacao.com.br\/index.php?rest_route=\/wp\/v2\/posts\/66718\/revisions"}],"wp:featuredmedia":[{"embeddable":true,"href":"https:\/\/crajubaremacao.com.br\/index.php?rest_route=\/wp\/v2\/media\/66719"}],"wp:attachment":[{"href":"https:\/\/crajubaremacao.com.br\/index.php?rest_route=%2Fwp%2Fv2%2Fmedia&parent=66718"}],"wp:term":[{"taxonomy":"category","embeddable":true,"href":"https:\/\/crajubaremacao.com.br\/index.php?rest_route=%2Fwp%2Fv2%2Fcategories&post=66718"},{"taxonomy":"post_tag","embeddable":true,"href":"https:\/\/crajubaremacao.com.br\/index.php?rest_route=%2Fwp%2Fv2%2Ftags&post=66718"}],"curies":[{"name":"wp","href":"https:\/\/api.w.org\/{rel}","templated":true}]}}