{"id":66727,"date":"2026-03-14T00:02:37","date_gmt":"2026-03-14T03:02:37","guid":{"rendered":"https:\/\/crajubaremacao.com.br\/?p=66727"},"modified":"2026-03-14T00:02:37","modified_gmt":"2026-03-14T03:02:37","slug":"laudo-medico-diz-que-adolescente-do-df-morreu-por-socos-de-pedro-turra","status":"publish","type":"post","link":"https:\/\/crajubaremacao.com.br\/?p=66727","title":{"rendered":"Laudo m\u00e9dico diz que adolescente do DF morreu por socos de Pedro Turra"},"content":{"rendered":"<div>\n<div style=\"margin-bottom: 15px;\"><img decoding=\"async\" class=\"type:primaryImage\" src=\"https:\/\/crajubaremacao.com.br\/wp-content\/uploads\/2026\/03\/pedro-turra-750x449-1.jpg\"><\/div>\n<p><?xml encoding=\"UTF-8\"><\/p>\n<p><strong>Um novo laudo m\u00e9dico<\/strong> diz que a <strong>morte de Rodrigo Castanheira<\/strong>, 16 anos, foi provocada <strong>por socos deferidos pelo ex-piloto de automobilismo Pedro Turra<\/strong>, 19 anos. A per\u00edcia tamb\u00e9m <strong>descartou a hip\u00f3tese<\/strong> de que o adolescente morreu em raz\u00e3o <strong>de trauma causado pela batida da cabe\u00e7a contra um carro durante as agress\u00f5es<\/strong>.<\/p>\n<p>O documento ainda indicou que <strong>Turra teria utilizado um \u201cinstrumento contudente\u201d<\/strong>, como<strong> soco ingl\u00eas<\/strong>. Segundo o documento, essa hip\u00f3tese \u00e9 corroborada pelo fato de a <strong>m\u00e3o usada para deferir os socos contra Castanheira estar \u201c\u00edntegra\u201d ap\u00f3s a agress\u00e3o<\/strong>. Somado a isso, o uso de um objeto do tipo consegue <strong>produzir a \u201cintensidade do trauma\u201d<\/strong> apresentada no adolescente.<\/p>\n<p>No entanto, a per\u00edcia ponderou que, com os documentos usados para formular o laudo, <strong>n\u00e3o \u00e9 poss\u00edvel \u201cafirmar com certeza absoluta\u201d o uso do instrumento<\/strong>. Dessa forma, <strong>foi sugerida uma apura\u00e7\u00e3o em v\u00eddeos de \u201calta resolu\u00e7\u00e3o\u201d<\/strong> e uma<strong> \u201ceventual an\u00e1lise biomec\u00e2nica complementar\u201d<\/strong> para se ter uma \u201cconclus\u00e3o definitiva sobre esse quesito\u201d.<\/p>\n<p>Para a investiga\u00e7\u00e3o apresentada no novo laudo, a per\u00edcia considerou o prontu\u00e1rio m\u00e9dico e os exames de Castanheira, as imagens e v\u00eddeos presentes no inqu\u00e9rito policial. A partir disso, <strong>a apura\u00e7\u00e3o constatou que o adolescente \u201cesteve em luta corporal com um \u00fanico indiv\u00edduo\u201d<\/strong>. No caso, o seu agressor.<\/p>\n<p>\u201cForam desferidos <strong>in\u00fameros socos<\/strong>, principalmente em ambos os lados da face e do cr\u00e2nio [de Castanheira]. <strong>N\u00e3o houve quedas ao ch\u00e3o, pontap\u00e9s ou enforcamento<\/strong> durante o confronto. <strong>A v\u00edtima saiu viva e consciente do local<\/strong> onde ocorreu a luta\u201d, constatou a per\u00edcia.<\/p>\n<h2><strong>Entenda o caso<\/strong><\/h2>\n<p><strong><a href=\"https:\/\/jovempan.com.br\/noticias\/brasil\/morre-adolescente-agredido-por-ex-piloto-em-vicente-pires-df.html\">Rodrigo Castanheira morreu em 7 de fevereiro por traumatismo craniano<\/a><\/strong>. O adolescente ficou internado em uma Unidade de Terapia Intensiva (UTI) por mais de duas semanas depois de sofrer agress\u00f5es.<\/p>\n<p>No in\u00edcio das investiga\u00e7\u00f5es, a Pol\u00edcia Civil do Distrito Federal (PCDF) disse que <strong>o desentendimento entre Castanheira e Turra se deu por causa de um chiclete<\/strong> arremessado em um amigo do adolescente. No decorrer da apura\u00e7\u00e3o, a corpora\u00e7\u00e3o indicou que <strong>a briga foi premeditada e contou com a ajuda de colegas do ex-piloto<\/strong>.<\/p>\n<p>Em 11 de fevereiro, <strong><a href=\"https:\/\/jovempan.com.br\/noticias\/brasil\/mp-denuncia-pedro-turra-por-homicidio-doloso-apos-morte-de-adolescente-no-df.html\">o Minist\u00e9rio P\u00fablico do Distrito Federal e Territ\u00f3rios (MPDFT) denunciou Turra por homic\u00eddio doloso qualificado por motivo f\u00fatil<\/a><\/strong>. De acordo com o \u00f3rg\u00e3o, o ex-piloto <strong>agiu de forma \u201clivre e consciente\u201d<\/strong> ao descer do carro em que estava e come\u00e7ar a dar socos em Castanheira.<\/p>\n<p><strong>Turra foi preso pouco depois da agress\u00e3o<\/strong>. <strong>Ele foi liberado ap\u00f3s pagar fian\u00e7a de R$ 24 mil<\/strong>. At\u00e9 ent\u00e3o, o ex-piloto iria responder ao inqu\u00e9rito por les\u00e3o corporal em liberdade.<\/p>\n<p><strong><a href=\"https:\/\/jovempan.com.br\/seguranca\/ex-piloto-que-mandou-adolescente-para-uti-apos-briga-por-chiclete-e-preso-no-df.html\">Em 30 de janeiro, o ex-piloto foi detido novamente depois de a pol\u00edcia apresentar novas provas de que ele estaria envolvido em outros casos de agress\u00e3o<\/a><\/strong>. Desde a data, Turra est\u00e1 <strong>custodiado no Complexo da Papuda<\/strong>. Em 13 de fevereiro, o Tribunal de Justi\u00e7a do Distrito Federal e dos Territ\u00f3rios (TJDFT) <strong>aceitou a den\u00fancia do MPDFT e tornou o ex-piloto r\u00e9u por homic\u00eddio doloso<\/strong>.<\/p>\n<p><em>*Com informa\u00e7\u00f5es de Ag\u00eancia Brasil<\/em><\/p>\n<div class=\"list-related-posts\">\n<h3>Leia tamb\u00e9m<\/h3>\n<div class=\"related-posts-container\">\n<div class=\"related-post-item-container\">\n<div class=\"related-post\">\n<div class=\"img-related-box\">\n                                            <strong><a href=\"https:\/\/jovempan.com.br\/noticias\/brasil\/disque-denuncia-emite-cartaz-de-procurado-com-foto-de-ex-goleiro-bruno.html\" title=\"Disque Den\u00fancia emite cartaz de procurado com foto de ex-goleiro Bruno\"><img decoding=\"async\" src=\"https:\/\/crajubaremacao.com.br\/wp-content\/uploads\/2026\/03\/cartaz-de-procurado-do-ex-goleiro-bruno-.jpg\"><\/a><\/strong>\n                                        <\/div>\n<p>                                        <span class=\"box-the-title\"><br \/>\n                                            <strong><a href=\"https:\/\/jovempan.com.br\/noticias\/brasil\/disque-denuncia-emite-cartaz-de-procurado-com-foto-de-ex-goleiro-bruno.html\" title=\"Disque Den\u00fancia emite cartaz de procurado com foto de ex-goleiro Bruno\">Disque Den\u00fancia emite cartaz de procurado com foto de ex-goleiro Bruno<\/a><\/strong><br \/>\n                                        <\/span>\n                                    <\/div>\n<div class=\"related-post\">\n<div class=\"img-related-box\">\n                                            <strong><a href=\"https:\/\/jovempan.com.br\/noticias\/brasil\/paciente-tenta-fugir-pela-ventilacao-de-hospital-e-cai-do-teto-veja-video.html\" title=\"Paciente tenta fugir pela ventila\u00e7\u00e3o de hospital e cai do teto; veja v\u00eddeo\"><img decoding=\"async\" src=\"https:\/\/crajubaremacao.com.br\/wp-content\/uploads\/2026\/03\/sem-titulo-2.jpg\"><\/a><\/strong>\n                                        <\/div>\n<p>                                        <span class=\"box-the-title\"><br \/>\n                                            <strong><a href=\"https:\/\/jovempan.com.br\/noticias\/brasil\/paciente-tenta-fugir-pela-ventilacao-de-hospital-e-cai-do-teto-veja-video.html\" title=\"Paciente tenta fugir pela ventila\u00e7\u00e3o de hospital e cai do teto; veja v\u00eddeo\">Paciente tenta fugir pela ventila\u00e7\u00e3o de hospital e cai do teto; veja v\u00eddeo<\/a><\/strong><br \/>\n                                        <\/span>\n                                    <\/div>\n<div class=\"related-post\">\n<div class=\"img-related-box\">\n                                            <strong><a href=\"https:\/\/jovempan.com.br\/noticias\/brasil\/ate-hoje-nao-acredito-diz-mae-de-meninos-mortos-pelo-pai-secretario-de-itumbiara.html\" title=\"\u2018At\u00e9 hoje n\u00e3o acredito\u2019, diz m\u00e3e de meninos mortos pelo pai, secret\u00e1rio de Itumbiara\"><img decoding=\"async\" src=\"https:\/\/crajubaremacao.com.br\/wp-content\/uploads\/2026\/03\/foto-jp-6-2.png\"><\/a><\/strong>\n                                        <\/div>\n<p>                                        <span class=\"box-the-title\"><br \/>\n                                            <strong><a href=\"https:\/\/jovempan.com.br\/noticias\/brasil\/ate-hoje-nao-acredito-diz-mae-de-meninos-mortos-pelo-pai-secretario-de-itumbiara.html\" title=\"\u2018At\u00e9 hoje n\u00e3o acredito\u2019, diz m\u00e3e de meninos mortos pelo pai, secret\u00e1rio de Itumbiara\">\u2018At\u00e9 hoje n\u00e3o acredito\u2019, diz m\u00e3e de meninos mortos pelo pai, secret\u00e1rio de Itumbiara<\/a><\/strong><br \/>\n                                        <\/span>\n                                    <\/div>\n<\/p><\/div>\n<\/p><\/div>\n<\/p><\/div>\n<\/div>\n","protected":false},"excerpt":{"rendered":"<p>Um novo laudo m\u00e9dico diz que a morte de Rodrigo Castanheira, 16 anos, foi provocada por socos deferidos pelo ex-piloto de automobilismo Pedro Turra, 19 anos. A per\u00edcia tamb\u00e9m descartou a hip\u00f3tese de que o adolescente morreu em raz\u00e3o de trauma causado pela batida da cabe\u00e7a contra um carro durante as agress\u00f5es. O documento ainda [&hellip;]<\/p>\n","protected":false},"author":117,"featured_media":66728,"comment_status":"closed","ping_status":"closed","sticky":false,"template":"","format":"standard","meta":{"_themeisle_gutenberg_block_has_review":false,"_jetpack_memberships_contains_paid_content":false,"footnotes":""},"categories":[2],"tags":[150],"class_list":{"0":"post-66727","1":"post","2":"type-post","3":"status-publish","4":"format-standard","5":"has-post-thumbnail","7":"category-brasil","8":"tag-brasil"},"jetpack_featured_media_url":"https:\/\/crajubaremacao.com.br\/wp-content\/uploads\/2026\/03\/pedro-turra-750x449-1.jpg","jetpack_sharing_enabled":true,"_links":{"self":[{"href":"https:\/\/crajubaremacao.com.br\/index.php?rest_route=\/wp\/v2\/posts\/66727","targetHints":{"allow":["GET"]}}],"collection":[{"href":"https:\/\/crajubaremacao.com.br\/index.php?rest_route=\/wp\/v2\/posts"}],"about":[{"href":"https:\/\/crajubaremacao.com.br\/index.php?rest_route=\/wp\/v2\/types\/post"}],"author":[{"embeddable":true,"href":"https:\/\/crajubaremacao.com.br\/index.php?rest_route=\/wp\/v2\/users\/117"}],"replies":[{"embeddable":true,"href":"https:\/\/crajubaremacao.com.br\/index.php?rest_route=%2Fwp%2Fv2%2Fcomments&post=66727"}],"version-history":[{"count":0,"href":"https:\/\/crajubaremacao.com.br\/index.php?rest_route=\/wp\/v2\/posts\/66727\/revisions"}],"wp:featuredmedia":[{"embeddable":true,"href":"https:\/\/crajubaremacao.com.br\/index.php?rest_route=\/wp\/v2\/media\/66728"}],"wp:attachment":[{"href":"https:\/\/crajubaremacao.com.br\/index.php?rest_route=%2Fwp%2Fv2%2Fmedia&parent=66727"}],"wp:term":[{"taxonomy":"category","embeddable":true,"href":"https:\/\/crajubaremacao.com.br\/index.php?rest_route=%2Fwp%2Fv2%2Fcategories&post=66727"},{"taxonomy":"post_tag","embeddable":true,"href":"https:\/\/crajubaremacao.com.br\/index.php?rest_route=%2Fwp%2Fv2%2Ftags&post=66727"}],"curies":[{"name":"wp","href":"https:\/\/api.w.org\/{rel}","templated":true}]}}