{"id":66740,"date":"2026-03-14T03:05:42","date_gmt":"2026-03-14T06:05:42","guid":{"rendered":"https:\/\/crajubaremacao.com.br\/?p=66740"},"modified":"2026-03-14T03:05:42","modified_gmt":"2026-03-14T06:05:42","slug":"mp-se-manifesta-favoravel-a-quebra-de-sigilo-bancario-e-telefonico-de-cearense-desaparecida-na-inglaterra-para-apoiar-as-investigacoes","status":"publish","type":"post","link":"https:\/\/crajubaremacao.com.br\/?p=66740","title":{"rendered":"MP se manifesta favor\u00e1vel \u00e0 quebra de sigilo banc\u00e1rio e telef\u00f4nico de cearense desaparecida na Inglaterra para apoiar as investiga\u00e7\u00f5es"},"content":{"rendered":"<div>\n<p>\u00a0<img fetchpriority=\"high\" alt=\"\" class=\"img-fluid rounded shadow-sm wp-post-image\" decoding=\"async\" fetchpriority=\"high\" height=\"324\" sizes=\"(max-width: 567px) 100vw, 567px\" src=\"https:\/\/mpce.mp.br\/wp-content\/uploads\/2022\/01\/novalogompce-1.jpg\" srcset=\"https:\/\/mpce.mp.br\/wp-content\/uploads\/2022\/01\/novalogompce-1.jpg 567w, https:\/\/mpce.mp.br\/wp-content\/uploads\/2022\/01\/novalogompce-1-300x171.jpg 300w\" style='border-radius: 6px !important; box-shadow: rgba(0, 0, 0, 0.075) 0px 2px 4px 0px !important; box-sizing: border-box; color: #333333; font-family: \"Open Sans\", sans-serif; font-size: 14px; height: auto; max-width: 100%; vertical-align: middle;' width=\"567\"><\/p>\n<div class=\"entry-content\" style='background-color: white; box-sizing: border-box; color: #333333; counter-reset: footnotes 0; font-family: \"Open Sans\", sans-serif; font-size: 14px;'>\n<p style=\"box-sizing: border-box; margin-bottom: 1rem; margin-top: 0px;\">O Minist\u00e9rio P\u00fablico do Cear\u00e1 se manifestou favor\u00e1vel \u00e0 quebra de sigilo banc\u00e1rio e telef\u00f4nico de Virg\u00ednia Figueiredo de Barreto, cearense desaparecida desde o dia 3 de mar\u00e7o na Inglaterra. A manifesta\u00e7\u00e3o foi apresentada \u00e0 18\u00aa Vara C\u00edvel de Fortaleza pela 16\u00aa Promotoria de Justi\u00e7a da comarca, de titularidade do promotor de Justi\u00e7a Hugo Porto.<\/p>\n<p style=\"box-sizing: border-box; margin-bottom: 1rem; margin-top: 0px;\">Ap\u00f3s an\u00e1lise dos autos, o Minist\u00e9rio P\u00fablico manifestou-se favoravelmente com as devidas ressalvas jur\u00eddicas e observando a urg\u00eancia que o caso requer, diante da necessidade de ado\u00e7\u00e3o de medidas para contribuir para a localiza\u00e7\u00e3o da pessoa desaparecida.<\/p>\n<p style=\"box-sizing: border-box; margin-bottom: 1rem; margin-top: 0px;\">Na manifesta\u00e7\u00e3o, a Promotoria destacou que as operadoras de telefonia e institui\u00e7\u00f5es financeiras foram alertadas para manter todos os registros existentes sem qualquer altera\u00e7\u00e3o ou descarte, garantindo que as informa\u00e7\u00f5es fiquem dispon\u00edveis para an\u00e1lise.<\/p>\n<p style=\"box-sizing: border-box; margin-bottom: 1rem; margin-top: 0px;\">O \u00f3rg\u00e3o destaca que a medida \u00e9 excepcional, j\u00e1 que se trata da busca de uma pessoa desaparecida. A quebra dos sigilos ser\u00e1 feita sob segredo de justi\u00e7a, com acesso exclusivo para a tentativa de localiza\u00e7\u00e3o de Virg\u00ednia. Al\u00e9m disso, a provid\u00eancia \u00e9 complementar \u00e0s investiga\u00e7\u00f5es policiais e consulares.<\/p>\n<\/div>\n<\/div>\n","protected":false},"excerpt":{"rendered":"<p>\u00a0 O Minist\u00e9rio P\u00fablico do Cear\u00e1 se manifestou favor\u00e1vel \u00e0 quebra de sigilo banc\u00e1rio e telef\u00f4nico de Virg\u00ednia Figueiredo de Barreto, cearense desaparecida desde o dia 3 de mar\u00e7o na Inglaterra. A manifesta\u00e7\u00e3o foi apresentada \u00e0 18\u00aa Vara C\u00edvel de Fortaleza pela 16\u00aa Promotoria de Justi\u00e7a da comarca, de titularidade do promotor de Justi\u00e7a Hugo [&hellip;]<\/p>\n","protected":false},"author":88,"featured_media":66741,"comment_status":"closed","ping_status":"closed","sticky":false,"template":"","format":"standard","meta":{"_themeisle_gutenberg_block_has_review":false,"_jetpack_memberships_contains_paid_content":false,"footnotes":""},"categories":[4],"tags":[127,130],"class_list":{"0":"post-66740","1":"post","2":"type-post","3":"status-publish","4":"format-standard","5":"has-post-thumbnail","7":"category-regiao","8":"tag-cariri","9":"tag-ceara"},"jetpack_featured_media_url":"https:\/\/crajubaremacao.com.br\/wp-content\/uploads\/2026\/03\/novalogompce-1-1.jpg","jetpack_sharing_enabled":true,"_links":{"self":[{"href":"https:\/\/crajubaremacao.com.br\/index.php?rest_route=\/wp\/v2\/posts\/66740","targetHints":{"allow":["GET"]}}],"collection":[{"href":"https:\/\/crajubaremacao.com.br\/index.php?rest_route=\/wp\/v2\/posts"}],"about":[{"href":"https:\/\/crajubaremacao.com.br\/index.php?rest_route=\/wp\/v2\/types\/post"}],"author":[{"embeddable":true,"href":"https:\/\/crajubaremacao.com.br\/index.php?rest_route=\/wp\/v2\/users\/88"}],"replies":[{"embeddable":true,"href":"https:\/\/crajubaremacao.com.br\/index.php?rest_route=%2Fwp%2Fv2%2Fcomments&post=66740"}],"version-history":[{"count":0,"href":"https:\/\/crajubaremacao.com.br\/index.php?rest_route=\/wp\/v2\/posts\/66740\/revisions"}],"wp:featuredmedia":[{"embeddable":true,"href":"https:\/\/crajubaremacao.com.br\/index.php?rest_route=\/wp\/v2\/media\/66741"}],"wp:attachment":[{"href":"https:\/\/crajubaremacao.com.br\/index.php?rest_route=%2Fwp%2Fv2%2Fmedia&parent=66740"}],"wp:term":[{"taxonomy":"category","embeddable":true,"href":"https:\/\/crajubaremacao.com.br\/index.php?rest_route=%2Fwp%2Fv2%2Fcategories&post=66740"},{"taxonomy":"post_tag","embeddable":true,"href":"https:\/\/crajubaremacao.com.br\/index.php?rest_route=%2Fwp%2Fv2%2Ftags&post=66740"}],"curies":[{"name":"wp","href":"https:\/\/api.w.org\/{rel}","templated":true}]}}