{"id":66742,"date":"2026-03-14T05:05:29","date_gmt":"2026-03-14T08:05:29","guid":{"rendered":"https:\/\/crajubaremacao.com.br\/?p=66742"},"modified":"2026-03-14T05:05:29","modified_gmt":"2026-03-14T08:05:29","slug":"semace-divulga-boletim-de-balneabilidade-das-praias-de-fortaleza-neste-fim-de-semana","status":"publish","type":"post","link":"https:\/\/crajubaremacao.com.br\/?p=66742","title":{"rendered":"Semace divulga boletim de balneabilidade das praias de Fortaleza neste fim de semana"},"content":{"rendered":"<div>\n<p>\u00a0<\/p>\n<p><img decoding=\"async\" class=\"size-medium wp-image-42822 aligncenter\" src=\"https:\/\/www.semace.ce.gov.br\/wp-content\/uploads\/sites\/46\/2025\/12\/WhatsApp-Image-2025-12-29-at-16.23.17-600x488.jpeg\" alt=\"\" height=\"230\"><\/p>\n<p>A Superintend\u00eancia Estadual do Meio Ambiente (Semace) divulgou o boletim semanal de balneabilidade das praias de Fortaleza, indicando que nove pontos est\u00e3o pr\u00f3prios para banho. O levantamento, referente ao per\u00edodo de 9 a 15 de mar\u00e7o, pode ser consultado no site da autarquia ou no aplicativo <span class=\"hover:entity-accent entity-underline inline cursor-pointer align-baseline\"><span class=\"whitespace-normal\">Semace Digital<\/span><\/span>.<\/p>\n<p>O monitoramento assegura a qualidade da \u00e1gua e a seguran\u00e7a dos banhistas, conforme os crit\u00e9rios estabelecidos pela legisla\u00e7\u00e3o ambiental vigente. Os par\u00e2metros de balneabilidade seguem a Resolu\u00e7\u00e3o n\u00ba 274\/2000 do Conselho Nacional do Meio Ambiente (Conama). Para a an\u00e1lise, t\u00e9cnicos da autarquia coletam e avaliam, em laborat\u00f3rio, cinco amostras semanais de cada ponto monitorado.<\/p>\n<p>No setor Leste da cidade, que compreende as praias do Futuro, Titanzinho e Abreul\u00e2ndia, tr\u00eas trechos apresentaram condi\u00e7\u00f5es adequadas para banho. No setor Centro, que inclui as praias do Mucuripe, Meireles e Iracema, apresenta maior quantidade com cinco pontos foram classificados como pr\u00f3prios. J\u00e1 no setor Oeste, que abrange as praias da Col\u00f4nia, Pirambu e Barra do Cear\u00e1, somente um trecho est\u00e1 recomendado para banho.<\/p>\n<h3><b>Confira os trechos pr\u00f3prios na capital<\/b><\/h3>\n<h4><b>Leste<\/b><\/h4>\n<p>Praia do Futuro \u2013 Na altura da Areninha Praia do Futuro I.<br \/>\nPraia da Sabiaguaba \u2013 Na altura da rua Sabiaguaba.<br \/>\nPraia do Titanzinho \u2013 Praia do Titanzinho.<\/p>\n<h4><b>Centro<\/b><\/h4>\n<p>Praia do Meireles \u2013 Na altura da rua Jos\u00e9 Vilar. Pr\u00f3ximo ao Posto Guarda-vidas 06.<br \/>\nPraia do Meireles \u2013 Na altura da Av. Rui Barbosa. No Aterro.<br \/>\nPraia de Iracema \u2013 Na altura da Av. Almirante Tamandar\u00e9. Pr\u00f3ximo \u00e0 Ponte Met\u00e1lica.<br \/>\nPraia de Iracema \u2013 Praia dos Crush. Na altura do Centro Cultural Belchior<br \/>\nPraia de Iracema \u2013 Na altura da Est\u00e1tua de Iracema Guardi\u00e3. No Aterrinho.<\/p>\n<h4><b>Oeste<\/b><\/h4>\n<p>Praia do Pirambu \u2013 Praia da Leste, na altura da Av. Filomeno Gomes.<\/p>\n<h3><b>Trechos impr\u00f3prios<\/b><\/h3>\n<h4><b>Leste<\/b><\/h4>\n<p>Praia do Futuro \u2013 Praia do Ca\u00e7a e Pesca. Na altura da rua Germiniano Jurema.<br \/>\nPraia do Futuro \u2013 Na altura da Capela de Santa Terezinha. Pr\u00f3ximo ao Posto Guarda-vidas 09.<br \/>\nPraia do Futuro \u2013 Na altura da rua Embratel. Pr\u00f3ximo ao Posto Guarda-vidas 08.<br \/>\nPraia do Futuro \u2013 Na altura da rua Francisco Montenegro. Pr\u00f3ximo ao Posto Guarda-vidas 06.<br \/>\nPraia do Futuro \u2013 Na altura da rua Ant\u00f4nio Atualpa Rodrigues.<br \/>\nPraia do Futuro \u2013 Na altura da Av. Carlos Jereissati.<br \/>\nPraia do Futuro \u2013 Na altura da rua Ger\u00f4ncio Br\u00edgido Neto. Pr\u00f3ximo ao Posto Guarda-vidas 01.<br \/>\nPraia do Futuro \u2013 Na altura da rua Cl\u00f3vis Mota. Em frente ao Clube dos Oficiais da Pol\u00edcia e Bombeiro Militares.<br \/>\nPraia do Futuro \u2013 Na altura da rua Ismael Pordeus.<br \/>\nPraia do Titanzinho \u2013 Praia do Titanzinho.<\/p>\n<h4><b>Centro<\/b><\/h4>\n<p>Praia do Mucuripe \u2013 Porto dos Botes. Na altura da rua Interna.<br \/>\nPraia do Mucuripe \u2013 Ao lado do Mercado dos Peixes do Mucuripe.<br \/>\nPraia do Mucuripe \u2013 Na altura da Est\u00e1tua Iracema do Mucuripe.<br \/>\nPraia do Mucuripe \u2013 Na altura do Jardim Japon\u00eas e da Arena Beira Mar.<br \/>\nPraia do Meireles \u2013 Na altura da av. Desembargador Moreira. Pr\u00f3ximo \u00e0 Feirinha da Beira Mar<\/p>\n<h4><b>Oeste<\/b><\/h4>\n<p>Praia da Leste Oeste \u2013 Pr\u00f3ximo \u00e0 Igreja de Santa Edwiges.<br \/>\nPraia Barra do Cear\u00e1 \u2013 Praia do Coqueirinho. Pr\u00f3ximo ao Projeto 4 varas (Horta).<br \/>\nPraia Barra do Cear\u00e1 \u2013 Praia da Barra do Cear\u00e1. Na altura da rua Rita das Goiabeiras.<br \/>\nPraia do Pirambu \u2013 Praia da Formosa. Na altura do Posto de Sa\u00fade Guiomar Arruda.<br \/>\nPraia da Col\u00f4nia \u2013 Praia do \u201cL\u201d. Na altura da rua Dr. Theberge.<br \/>\nPraia da Col\u00f4nia \u2013 Ao final da Av. Pasteur. Pr\u00f3ximo \u00e0 Esta\u00e7\u00e3o Elevat\u00f3ria Arpoador, da Cagece.<br \/>\nPraia da Barra do Cear\u00e1 \u2013 Foz do Rio Cear\u00e1.<br \/>\nPraia Barra do Cear\u00e1 \u2013 Praia das Goiabeiras. Na altura da rua Coqueiro Verde.<br \/>\nPraia Barra do Cear\u00e1 \u2013 Foz do Rio Cear\u00e1.<\/p>\n<p>O post <a href=\"https:\/\/www.ceara.gov.br\/2026\/03\/13\/semace-divulga-boletim-de-balneabilidade-das-praias-de-fortaleza-neste-fim-de-semana-2\/\">Semace divulga boletim de balneabilidade das praias de Fortaleza neste fim de semana<\/a> apareceu primeiro em <a href=\"https:\/\/www.ceara.gov.br\/\">Governo do Estado do Cear\u00e1<\/a>.<\/p>\n<\/div>\n","protected":false},"excerpt":{"rendered":"<p>\u00a0 A Superintend\u00eancia Estadual do Meio Ambiente (Semace) divulgou o boletim semanal de balneabilidade das praias de Fortaleza, indicando que nove pontos est\u00e3o pr\u00f3prios para banho. O levantamento, referente ao per\u00edodo de 9 a 15 de mar\u00e7o, pode ser consultado no site da autarquia ou no aplicativo Semace Digital. O monitoramento assegura a qualidade da [&hellip;]<\/p>\n","protected":false},"author":265,"featured_media":66743,"comment_status":"closed","ping_status":"closed","sticky":false,"template":"","format":"standard","meta":{"_themeisle_gutenberg_block_has_review":false,"_jetpack_memberships_contains_paid_content":false,"footnotes":""},"categories":[4],"tags":[127,130],"class_list":{"0":"post-66742","1":"post","2":"type-post","3":"status-publish","4":"format-standard","5":"has-post-thumbnail","7":"category-regiao","8":"tag-cariri","9":"tag-ceara"},"jetpack_featured_media_url":"https:\/\/crajubaremacao.com.br\/wp-content\/uploads\/2026\/03\/WhatsApp-Image-2025-12-29-at-162317-600x488-1.jpeg","jetpack_sharing_enabled":true,"_links":{"self":[{"href":"https:\/\/crajubaremacao.com.br\/index.php?rest_route=\/wp\/v2\/posts\/66742","targetHints":{"allow":["GET"]}}],"collection":[{"href":"https:\/\/crajubaremacao.com.br\/index.php?rest_route=\/wp\/v2\/posts"}],"about":[{"href":"https:\/\/crajubaremacao.com.br\/index.php?rest_route=\/wp\/v2\/types\/post"}],"author":[{"embeddable":true,"href":"https:\/\/crajubaremacao.com.br\/index.php?rest_route=\/wp\/v2\/users\/265"}],"replies":[{"embeddable":true,"href":"https:\/\/crajubaremacao.com.br\/index.php?rest_route=%2Fwp%2Fv2%2Fcomments&post=66742"}],"version-history":[{"count":0,"href":"https:\/\/crajubaremacao.com.br\/index.php?rest_route=\/wp\/v2\/posts\/66742\/revisions"}],"wp:featuredmedia":[{"embeddable":true,"href":"https:\/\/crajubaremacao.com.br\/index.php?rest_route=\/wp\/v2\/media\/66743"}],"wp:attachment":[{"href":"https:\/\/crajubaremacao.com.br\/index.php?rest_route=%2Fwp%2Fv2%2Fmedia&parent=66742"}],"wp:term":[{"taxonomy":"category","embeddable":true,"href":"https:\/\/crajubaremacao.com.br\/index.php?rest_route=%2Fwp%2Fv2%2Fcategories&post=66742"},{"taxonomy":"post_tag","embeddable":true,"href":"https:\/\/crajubaremacao.com.br\/index.php?rest_route=%2Fwp%2Fv2%2Ftags&post=66742"}],"curies":[{"name":"wp","href":"https:\/\/api.w.org\/{rel}","templated":true}]}}