{"id":66751,"date":"2026-03-14T12:03:36","date_gmt":"2026-03-14T15:03:36","guid":{"rendered":"https:\/\/crajubaremacao.com.br\/?p=66751"},"modified":"2026-03-14T12:03:36","modified_gmt":"2026-03-14T15:03:36","slug":"temperatura-deve-subir-no-fim-de-semana-em-sao-paulo-veja-a-previsao","status":"publish","type":"post","link":"https:\/\/crajubaremacao.com.br\/?p=66751","title":{"rendered":"Temperatura deve subir no fim de semana em S\u00e3o Paulo; veja a previs\u00e3o"},"content":{"rendered":"<div>\n<div style=\"margin-bottom: 15px;\"><img decoding=\"async\" class=\"type:primaryImage\" src=\"https:\/\/crajubaremacao.com.br\/wp-content\/uploads\/2026\/03\/ato20251222085-750x500-1.jpg\"><\/div>\n<p><?xml encoding=\"UTF-8\"><\/p>\n<p>O dia amanheceu com frio e nebulosidade neste s\u00e1bado, 14, na cidade de S\u00e3o Paulo. A rede de esta\u00e7\u00f5es meteorol\u00f3gicas do Centro de Gerenciamento de Emerg\u00eancias Clim\u00e1ticas (CGE) da Prefeitura da capital paulista registrou m\u00e9dia de 13\u00baC pela manh\u00e3.<\/p>\n<p>No decorrer do dia, a previs\u00e3o \u00e9 de que o sol passe a predominar e favore\u00e7a a eleva\u00e7\u00e3o das temperaturas. Os term\u00f4metros podem chegar aos 27\u00b0C. No final da tarde, de acordo com o CGE, a nebulosidade volta a aumentar. Por\u00e9m, poder\u00e1 haver condi\u00e7\u00f5es apenas para chuvas r\u00e1pidas e muito isoladas.<\/p>\n<p>A previs\u00e3o da Climatempo j\u00e1 indicava a possibilidade de nevoeiro durante a madrugada. O fen\u00f4meno, popularmente conhecido como neblina, representa a condensa\u00e7\u00e3o do ar pr\u00f3ximo do solo, onde got\u00edculas de \u00e1gua extremamente pequenas ficam em suspens\u00e3o.<\/p>\n<p>De acordo com a Climatempo, a umidade relativa do ar precisa estar acima de 90% para que ocorra a forma\u00e7\u00e3o do nevoeiro. Outras condi\u00e7\u00f5es, como vento fraco ou calmaria (falta de vento) e baixa temperatura, s\u00e3o importantes para a forma\u00e7\u00e3o do fen\u00f4meno<\/p>\n<h2>A previs\u00e3o para domingo<\/h2>\n<p>Na capital paulista, pode ocorrer nevoeiro novamente na madrugada de domingo, 15, segundo a Climatempo. Ao longo do dia, o sol deve aparecer entre nuvens e a temperatura tende a aumentar.<\/p>\n<p>Conforme o CGE, as m\u00ednimas podem oscilar em torno de 18\u00b0C e m\u00e1ximas podem chegar aos 29\u00b0C, com \u00edndices de umidade atingindo valores pr\u00f3ximos aos 45%. No final da tarde, a nebulosidade aumenta, por\u00e9m n\u00e3o h\u00e1 previs\u00e3o de chuva.<\/p>\n<p>De acordo com o Instituto Nacional de Meteorologia (Inmet), a intensidade dos ventos deve ser fraca na cidade de S\u00e3o Paulo no domingo.<\/p>\n<p>No Estado, a Climatempo prev\u00ea tempo firme pela manh\u00e3. Ao longo do dia, pode haver aumento de instabilidades no norte paulista e em pontos isolados do litoral e do sul, com chuva fraca. Nas demais \u00e1reas, o tempo tende a permanecer firme.<\/p>\n<\/div>\n","protected":false},"excerpt":{"rendered":"<p>O dia amanheceu com frio e nebulosidade neste s\u00e1bado, 14, na cidade de S\u00e3o Paulo. A rede de esta\u00e7\u00f5es meteorol\u00f3gicas do Centro de Gerenciamento de Emerg\u00eancias Clim\u00e1ticas (CGE) da Prefeitura da capital paulista registrou m\u00e9dia de 13\u00baC pela manh\u00e3. No decorrer do dia, a previs\u00e3o \u00e9 de que o sol passe a predominar e favore\u00e7a [&hellip;]<\/p>\n","protected":false},"author":117,"featured_media":66752,"comment_status":"closed","ping_status":"closed","sticky":false,"template":"","format":"standard","meta":{"_themeisle_gutenberg_block_has_review":false,"_jetpack_memberships_contains_paid_content":false,"footnotes":""},"categories":[2],"tags":[150],"class_list":{"0":"post-66751","1":"post","2":"type-post","3":"status-publish","4":"format-standard","5":"has-post-thumbnail","7":"category-brasil","8":"tag-brasil"},"jetpack_featured_media_url":"https:\/\/crajubaremacao.com.br\/wp-content\/uploads\/2026\/03\/ato20251222085-750x500-1.jpg","jetpack_sharing_enabled":true,"_links":{"self":[{"href":"https:\/\/crajubaremacao.com.br\/index.php?rest_route=\/wp\/v2\/posts\/66751","targetHints":{"allow":["GET"]}}],"collection":[{"href":"https:\/\/crajubaremacao.com.br\/index.php?rest_route=\/wp\/v2\/posts"}],"about":[{"href":"https:\/\/crajubaremacao.com.br\/index.php?rest_route=\/wp\/v2\/types\/post"}],"author":[{"embeddable":true,"href":"https:\/\/crajubaremacao.com.br\/index.php?rest_route=\/wp\/v2\/users\/117"}],"replies":[{"embeddable":true,"href":"https:\/\/crajubaremacao.com.br\/index.php?rest_route=%2Fwp%2Fv2%2Fcomments&post=66751"}],"version-history":[{"count":0,"href":"https:\/\/crajubaremacao.com.br\/index.php?rest_route=\/wp\/v2\/posts\/66751\/revisions"}],"wp:featuredmedia":[{"embeddable":true,"href":"https:\/\/crajubaremacao.com.br\/index.php?rest_route=\/wp\/v2\/media\/66752"}],"wp:attachment":[{"href":"https:\/\/crajubaremacao.com.br\/index.php?rest_route=%2Fwp%2Fv2%2Fmedia&parent=66751"}],"wp:term":[{"taxonomy":"category","embeddable":true,"href":"https:\/\/crajubaremacao.com.br\/index.php?rest_route=%2Fwp%2Fv2%2Fcategories&post=66751"},{"taxonomy":"post_tag","embeddable":true,"href":"https:\/\/crajubaremacao.com.br\/index.php?rest_route=%2Fwp%2Fv2%2Ftags&post=66751"}],"curies":[{"name":"wp","href":"https:\/\/api.w.org\/{rel}","templated":true}]}}