{"id":66753,"date":"2026-03-14T12:03:45","date_gmt":"2026-03-14T15:03:45","guid":{"rendered":"https:\/\/crajubaremacao.com.br\/?p=66753"},"modified":"2026-03-14T12:03:45","modified_gmt":"2026-03-14T15:03:45","slug":"bolsonaro-esta-estavel-mas-segue-na-uti-e-sem-previsao-de-alta-diz-boletim-medico","status":"publish","type":"post","link":"https:\/\/crajubaremacao.com.br\/?p=66753","title":{"rendered":"Bolsonaro est\u00e1 est\u00e1vel, mas segue na UTI e sem previs\u00e3o de alta, diz boletim m\u00e9dico"},"content":{"rendered":"<div>\n<div style=\"margin-bottom: 15px;\"><img decoding=\"async\" class=\"type:primaryImage\" src=\"https:\/\/jpimg.com.br\/uploads\/2025\/07\/age20250718026-750x500.jpg\"><\/div>\n<p><?xml encoding=\"UTF-8\"><\/p>\n<p>O ex-presidente Jair Bolsonaro segue internado e est\u00e1 em estado est\u00e1vel, segundo novo boletim m\u00e9dico divulgado pelo hospital DF Star neste s\u00e1bado (14).<\/p>\n<p>O capit\u00e3o da reserva est\u00e1 alocado na Unidade de Terapia Intensiva (UTI), tratando um quadro de pneumonia bacteriana bilateral causada por uma broncopneumonia.<\/p>\n<p>O texto ainda aponta uma piora no funcionamento dos rins e marcadores inflamat\u00f3rios, efeitos esperados pelo uso intenso de medicamentos.<\/p>\n<p><em>*Em atualiza\u00e7\u00e3o<\/em><\/p>\n<\/div>\n","protected":false},"excerpt":{"rendered":"<p>O ex-presidente Jair Bolsonaro segue internado e est\u00e1 em estado est\u00e1vel, segundo novo boletim m\u00e9dico divulgado pelo hospital DF Star neste s\u00e1bado (14). O capit\u00e3o da reserva est\u00e1 alocado na Unidade de Terapia Intensiva (UTI), tratando um quadro de pneumonia bacteriana bilateral causada por uma broncopneumonia. O texto ainda aponta uma piora no funcionamento dos [&hellip;]<\/p>\n","protected":false},"author":117,"featured_media":66754,"comment_status":"closed","ping_status":"closed","sticky":false,"template":"","format":"standard","meta":{"_themeisle_gutenberg_block_has_review":false,"_jetpack_memberships_contains_paid_content":false,"footnotes":""},"categories":[9],"tags":[129],"class_list":{"0":"post-66753","1":"post","2":"type-post","3":"status-publish","4":"format-standard","5":"has-post-thumbnail","7":"category-politica","8":"tag-politica"},"jetpack_featured_media_url":"https:\/\/crajubaremacao.com.br\/wp-content\/uploads\/2026\/03\/age20250718026-750x500-1.jpg","jetpack_sharing_enabled":true,"_links":{"self":[{"href":"https:\/\/crajubaremacao.com.br\/index.php?rest_route=\/wp\/v2\/posts\/66753","targetHints":{"allow":["GET"]}}],"collection":[{"href":"https:\/\/crajubaremacao.com.br\/index.php?rest_route=\/wp\/v2\/posts"}],"about":[{"href":"https:\/\/crajubaremacao.com.br\/index.php?rest_route=\/wp\/v2\/types\/post"}],"author":[{"embeddable":true,"href":"https:\/\/crajubaremacao.com.br\/index.php?rest_route=\/wp\/v2\/users\/117"}],"replies":[{"embeddable":true,"href":"https:\/\/crajubaremacao.com.br\/index.php?rest_route=%2Fwp%2Fv2%2Fcomments&post=66753"}],"version-history":[{"count":0,"href":"https:\/\/crajubaremacao.com.br\/index.php?rest_route=\/wp\/v2\/posts\/66753\/revisions"}],"wp:featuredmedia":[{"embeddable":true,"href":"https:\/\/crajubaremacao.com.br\/index.php?rest_route=\/wp\/v2\/media\/66754"}],"wp:attachment":[{"href":"https:\/\/crajubaremacao.com.br\/index.php?rest_route=%2Fwp%2Fv2%2Fmedia&parent=66753"}],"wp:term":[{"taxonomy":"category","embeddable":true,"href":"https:\/\/crajubaremacao.com.br\/index.php?rest_route=%2Fwp%2Fv2%2Fcategories&post=66753"},{"taxonomy":"post_tag","embeddable":true,"href":"https:\/\/crajubaremacao.com.br\/index.php?rest_route=%2Fwp%2Fv2%2Ftags&post=66753"}],"curies":[{"name":"wp","href":"https:\/\/api.w.org\/{rel}","templated":true}]}}