{"id":66761,"date":"2026-03-14T15:06:54","date_gmt":"2026-03-14T18:06:54","guid":{"rendered":"https:\/\/crajubaremacao.com.br\/?p=66761"},"modified":"2026-03-14T15:06:54","modified_gmt":"2026-03-14T18:06:54","slug":"antonelli-se-torna-na-china-o-piloto-mais-jovem-a-conquistar-uma-pole-position","status":"publish","type":"post","link":"https:\/\/crajubaremacao.com.br\/?p=66761","title":{"rendered":"Antonelli se torna na China o piloto mais jovem a conquistar uma pole position"},"content":{"rendered":"<div>\n<div style=\"margin-bottom: 15px;\"><img decoding=\"async\" class=\"type:primaryImage\" src=\"https:\/\/jpimg.com.br\/uploads\/2026\/03\/afp__20260314__a39a6e3__v1__highres__autoprixf1chnqualifying-750x500.jpg\"><\/div>\n<p><?xml encoding=\"UTF-8\"><\/p>\n<p>O <strong>italiano Kimi Antonelli<\/strong>, de 19 anos, conquistou a pole position para o Grande Pr\u00eamio da China neste s\u00e1bado (14), tornando-se assim o <strong>piloto mais jovem<\/strong> a alcan\u00e7ar o <strong>melhor tempo<\/strong> numa classifica\u00e7\u00e3o na hist\u00f3ria da F\u00f3rmula 1.<\/p>\n<p>O brasileiro <strong>Gabriel Bortoleto<\/strong> (Audi) <strong>vai largar em 16\u00ba<\/strong>. Antonelli liderou a <strong>dobradinha da Mercedes<\/strong> e vai largar na primeira fila ao lado de George Russell, <strong>quebrando o recorde de Sebastian Vettel<\/strong>, que tinha 21 anos quando conquistou a pole para o Grande Pr\u00eamio da It\u00e1lia em 2008.<\/p>\n<p>\u201cEstou feliz com a volta que fiz. E <strong>muito feliz por estar na pole pela primeira vez<\/strong>\u201c, disse Antonelli aos rep\u00f3rteres. \u201cFoi uma sess\u00e3o bastante limpa. Sem erros, e estou muito ansioso pela corrida de amanh\u00e3\u201d, acrescentou.<\/p>\n<p><strong>A dupla da Mercedes<\/strong>, assim como na Austr\u00e1lia no \u00faltimo fim de semana,<strong> dominou a sess\u00e3o neste s\u00e1bado<\/strong> em Xangai.<\/p>\n<h2>Norris e Verstappen com problemas<\/h2>\n<p><strong>Antonelli voou em sua \u00faltima volta de classifica\u00e7\u00e3o<\/strong> com um tempo de 1 minuto e 32,046 segundos. Ele ficou 0,222 segundos \u00e0 frente do l\u00edder do campeonato, Russell, que havia vencido a corrida sprint horas antes.<\/p>\n<p>A dupla da<strong> Ferrari<\/strong>, Lewis Hamilton e Charles Leclerc, <strong>ocupar\u00e1 a segunda fila do grid<\/strong> para a corrida de domingo, ap\u00f3s se classificarem em terceiro e quarto lugares, respectivamente.<\/p>\n<p><strong>Em seguida vieram as McLarens<\/strong> de Oscar Piastri e do campe\u00e3o mundial Lando Norris.<\/p>\n<p>\u201cA \u00faltima curva aqui \u00e9 a pior curva da temporada para mim, simplesmente n\u00e3o consigo acertar, e cometi um erro muito grande na minha \u00faltima volta. Onde estamos agora \u00e9 onde merecemos estar\u201d, admitiu Norris.<\/p>\n<p><strong>Max Verstappen foi apenas o oitavo mais r\u00e1pido<\/strong>, prolongando um fim de semana muito infeliz para a Red Bull, que claramente est\u00e1 em dificuldades.<\/p>\n<p>\u201cNada est\u00e1 funcionando. Ent\u00e3o, simplesmente n\u00e3o \u00e9 agrad\u00e1vel. N\u00e3o consigo atacar. Honestamente, cada volta \u00e9 uma quest\u00e3o de sobreviv\u00eancia para mim. N\u00e3o estou gostando nada disso. \u00c9 muito inconsistente\u201d, afirmou o holand\u00eas tetracampe\u00e3o mundial, sem rodeios.<\/p>\n<h2>\u201cLimitar danos\u201d<\/h2>\n<p><strong>Russell ficou com a marcha presa na sua primeira volta de sa\u00edda dos boxes no Q3<\/strong> e teve que retornar aos boxes. Quando o problema foi resolvido, ele s\u00f3 teve tempo para uma volta r\u00e1pida e n\u00e3o conseguiu superar seu companheiro de equipe, Antonelli.<\/p>\n<p>O brit\u00e2nico ficou aliviado por ter marcado seu melhor tempo bem no final da sess\u00e3o: \u201cDefinitivamente, foi uma quest\u00e3o de minimizar os danos\u201d.<\/p>\n<p>\u201cNo Q2, a asa dianteira quebrou e, no Q3, fiquei preso na pista e n\u00e3o conseguia trocar de marcha. Na \u00faltima volta, estava sem bateria, sem temperatura dos pneus, nada. A equipe fez um \u00f3timo trabalho. Estou muito feliz por estar aqui. Poderia ter sido muito pior\u201d, acrescentou.<\/p>\n<p><strong>Atr\u00e1s das Mercedes estar\u00e3o as Ferraris,<\/strong> que mostraram potencial neste in\u00edcio de temporada. Hamilton confirmou que ter\u00e1 os dois carros da Mercedes em sua mira no domingo.<\/p>\n<p>\u201cTenho certeza de que vamos nos divertir, estou muito ansioso por isso\u201d, disse o heptacampe\u00e3o mundial.<\/p>\n<p>Os seis pilotos que n\u00e3o conseguiram avan\u00e7ar para o Q3, a sess\u00e3o de classifica\u00e7\u00e3o dos 10 primeiros para a pole position, foram Nico H\u00fclkenberg (Audi), Franco Colapinto (Alpine), Esteban Ocon (Haas), Liam Lawson e Arvid Lindblad (Racing Bulls) e Gabriel Bortoleto (Audi).<\/p>\n<p>Foram eliminados no Q1 a dupla da Williams, Carlos Sainz e Alex Albon, os dois pilotos da Aston Martins, Fernando Alonso e Lance Stroll, e os dois da Cadillac, Valtteri Bottas e Sergio P\u00e9rez, que largar\u00e3o da d\u00e9cima e \u00faltima fila.<\/p>\n<p><strong>Mais cedo, Russell havia vencido uma emocionante corrida sprint<\/strong> ap\u00f3s uma intensa disputa nas primeiras voltas com Hamilton, que terminou em terceiro, atr\u00e1s de Leclerc.<\/p>\n<p>Isso permitiu ao piloto da Mercedes, que venceu a primeira corrida na Austr\u00e1lia, <strong>ampliar sua vantagem na lideran\u00e7a do campeonato<\/strong> para 11 pontos sobre seu companheiro de equipe Antonelli e Leclerc. Hamilton est\u00e1 quatro pontos atr\u00e1s.<\/p>\n<p>O<strong> Grande Pr\u00eamio da China est\u00e1 marcado para \u00e0s 4h da madrugada de domingo<\/strong> (hor\u00e1rio de Bras\u00edlia) e ter\u00e1 56 voltas no Circuito Internacional de Xangai, com 5,451 km de extens\u00e3o.<\/p>\n<h2>Grid de largada do GP da China:<\/h2>\n<h6>1\u00aa fila:<\/h6>\n<h6>Kimi Antonelli (ITA\/Mercedes)<\/h6>\n<h6>George Russell (GBR\/Mercedes)<\/h6>\n<h6>2\u00aa fila:<\/h6>\n<h6>Lewis Hamilton (GBR\/Ferrari)<\/h6>\n<h6>Charles Leclerc (MON\/Ferrari)<\/h6>\n<h6>3\u00aa fila:<\/h6>\n<h6>Oscar Piastri (AUS\/McLaren-Mercedes)<\/h6>\n<h6>Lando Norris (GBR\/McLaren-Mercedes)<\/h6>\n<h6>4\u00aa fila:<\/h6>\n<h6>Pierre Gasly (FRA\/Alpine-Mercedes)<\/h6>\n<h6>Max Verstappen (HOL\/Red Bull)<\/h6>\n<h6>5\u00aa fila:<\/h6>\n<h6>Isack Hadjar (FRA\/Red Bull)<\/h6>\n<h6>Oliver Bearman (GBR\/Haas-Ferrari)<\/h6>\n<h6>6\u00aa fila:<\/h6>\n<h6>Nico H\u00fclkenberg (ALE\/Audi)<\/h6>\n<h6>Franco Colapinto (ARG\/Alpine-Mercedes)<\/h6>\n<h6>7\u00aa fila:<\/h6>\n<h6>Esteban Ocon (FRA\/Haas-Ferrari)<\/h6>\n<h6>Liam Lawson (NZL\/Racing Bulls-Red Bull)<\/h6>\n<h6>8\u00aa fila:<\/h6>\n<h6>Arvid Lindblad (GBR\/Racing Bulls-Red Bull)<\/h6>\n<h6>Gabriel Bortoleto (BRA\/Audi)<\/h6>\n<h6>9\u00aa fila:<\/h6>\n<h6>Carlos Sainz Jr (ESP\/Williams-Mercedes)<\/h6>\n<h6>Alexander Albon (TAI\/Williams-Mercedes)<\/h6>\n<h6>10\u00aa fila:<\/h6>\n<h6>Fernando Alonso (ESP\/Aston Martin-Honda)<\/h6>\n<h6>Valtteri Bottas (FIN\/Cadillac-Ferrari)<\/h6>\n<h6>11\u00aa fila:<\/h6>\n<h6>Lance Stroll (CAN\/Aston Martin-Honda)<\/h6>\n<h6>Sergio P\u00e9rez (MEX\/Cadillac-Ferrari)<\/h6>\n<h6>\u2014 Resultado da sess\u00e3o<\/h6>\n<h6>\u2013 Classifica\u00e7\u00e3o N.3:<\/h6>\n<h6>1. Kimi Antonelli (ITA\/Mercedes) 1:32.064<\/h6>\n<h6>2. George Russell (GBR\/Mercedes) 1:32.286<\/h6>\n<h6>3. Lewis Hamilton (GBR\/Ferrari) 1:32.415<\/h6>\n<h6>4. Charles Leclerc (MON\/Ferrari) 1:32.428<\/h6>\n<h6>5. Oscar Piastri (AUS\/McLaren-Mercedes) 1:32.550<\/h6>\n<h6>6. Lando Norris (GBR\/McLaren-Mercedes) 1:32.608<\/h6>\n<h6>7. Pierre Gasly (FRA\/Alpine-Mercedes) 1:32.873<\/h6>\n<h6>8. Max Verstappen (HOL\/Red Bull) 1:33.002<\/h6>\n<h6>9. Isack Hadjar (FRA\/Red Bull) 1:33.121<\/h6>\n<h6>10. Oliver Bearman (GBR\/Haas-Ferrari) 1:33.292<\/h6>\n<h6>\u2013 Eliminados Q2:<\/h6>\n<h6>11. Nico H\u00fclkenberg (ALE\/Audi)<\/h6>\n<h6>12. Franco Colapinto (ARG\/Alpine-Mercedes)<\/h6>\n<h6>13. Esteban Ocon (FRA\/Haas-Ferrari)<\/h6>\n<h6>14. Liam Lawson (NZL\/Racing Bulls-Red Bull)<\/h6>\n<h6>15. Arvid Lindblad (GBR\/Racing Bulls-Red Bull)<\/h6>\n<h6>16. Gabriel Bortoleto (BRA\/Audi)<\/h6>\n<h6>\u2013 Eliminados Q1:<\/h6>\n<h6>17. Carlos Sainz Jr (ESP\/Williams-Mercedes)<\/h6>\n<h6>18. Alexander Albon (TAI\/Williams-Mercedes)<\/h6>\n<h6>19. Fernando Alonso (ESP\/Aston Martin-Honda)<\/h6>\n<h6>20. Valtteri Bottas (FIN\/Cadillac-Ferrari)<\/h6>\n<h6>21. Lance Stroll (CAN\/Aston Martin-Honda)<\/h6>\n<h6>22. Sergio P\u00e9rez (MEX\/Cadillac-Ferrari)<\/h6>\n<p><em>*Com AFP<\/em><\/p>\n<div class=\"list-related-posts\">\n<h3>Leia tamb\u00e9m<\/h3>\n<div class=\"related-posts-container\">\n<div class=\"related-post-item-container\">\n<div class=\"related-post\">\n<div class=\"img-related-box\">\n                                            <strong><a href=\"https:\/\/jovempan.com.br\/noticias\/mundo\/ninguem-pode-excluir-o-ira-da-copa-do-mundo-diz-jogadores-em-resposta-a-trump.html\" title=\"'Ningu\u00e9m pode excluir o Ir\u00e3 da Copa do Mundo', dizem jogadores em resposta a Trump\"><img decoding=\"async\" src=\"https:\/\/jpimg.com.br\/uploads\/2026\/03\/ira-copa-do-mundo.jpg\"><\/a><\/strong>\n                                        <\/div>\n<p>                                        <span class=\"box-the-title\"><br \/>\n                                            <strong><a href=\"https:\/\/jovempan.com.br\/noticias\/mundo\/ninguem-pode-excluir-o-ira-da-copa-do-mundo-diz-jogadores-em-resposta-a-trump.html\" title=\"'Ningu\u00e9m pode excluir o Ir\u00e3 da Copa do Mundo', dizem jogadores em resposta a Trump\">&#8216;Ningu\u00e9m pode excluir o Ir\u00e3 da Copa do Mundo&#8217;, dizem jogadores em resposta a Trump<\/a><\/strong><br \/>\n                                        <\/span>\n                                    <\/div>\n<div class=\"related-post\">\n<div class=\"img-related-box\">\n                                            <strong><a href=\"https:\/\/jovempan.com.br\/esportes\/futebol\/cassio-sofre-grave-lesao-no-joelho-e-deve-ficar-fora-da-temporada.html\" title=\"C\u00e1ssio sofre grave les\u00e3o no joelho e deve ficar fora da temporada\"><img decoding=\"async\" src=\"https:\/\/jpimg.com.br\/uploads\/2024\/07\/agf20240713210.jpg\"><\/a><\/strong>\n                                        <\/div>\n<p>                                        <span class=\"box-the-title\"><br \/>\n                                            <strong><a href=\"https:\/\/jovempan.com.br\/esportes\/futebol\/cassio-sofre-grave-lesao-no-joelho-e-deve-ficar-fora-da-temporada.html\" title=\"C\u00e1ssio sofre grave les\u00e3o no joelho e deve ficar fora da temporada\">C\u00e1ssio sofre grave les\u00e3o no joelho e deve ficar fora da temporada<\/a><\/strong><br \/>\n                                        <\/span>\n                                    <\/div>\n<div class=\"related-post\">\n<div class=\"img-related-box\">\n                                            <strong><a href=\"https:\/\/jovempan.com.br\/entretenimento\/famosos\/ex-ginasta-lais-souza-aparece-de-pe-em-foto-e-viraliza-nas-redes.html\" title=\"Ex-ginasta Lais Souza aparece de p\u00e9 em foto e viraliza nas redes\"><img decoding=\"async\" src=\"https:\/\/jpimg.com.br\/uploads\/2026\/03\/snapinsta.to_650145303_18571660993040253_4312977349352798109_n.jpg\"><\/a><\/strong>\n                                        <\/div>\n<p>                                        <span class=\"box-the-title\"><br \/>\n                                            <strong><a href=\"https:\/\/jovempan.com.br\/entretenimento\/famosos\/ex-ginasta-lais-souza-aparece-de-pe-em-foto-e-viraliza-nas-redes.html\" title=\"Ex-ginasta Lais Souza aparece de p\u00e9 em foto e viraliza nas redes\">Ex-ginasta Lais Souza aparece de p\u00e9 em foto e viraliza nas redes<\/a><\/strong><br \/>\n                                        <\/span>\n                                    <\/div>\n<\/p><\/div>\n<\/p><\/div>\n<\/p><\/div>\n<\/div>\n","protected":false},"excerpt":{"rendered":"<p>O italiano Kimi Antonelli, de 19 anos, conquistou a pole position para o Grande Pr\u00eamio da China neste s\u00e1bado (14), tornando-se assim o piloto mais jovem a alcan\u00e7ar o melhor tempo numa classifica\u00e7\u00e3o na hist\u00f3ria da F\u00f3rmula 1. O brasileiro Gabriel Bortoleto (Audi) vai largar em 16\u00ba. Antonelli liderou a dobradinha da Mercedes e vai [&hellip;]<\/p>\n","protected":false},"author":260,"featured_media":66762,"comment_status":"closed","ping_status":"closed","sticky":false,"template":"","format":"standard","meta":{"_themeisle_gutenberg_block_has_review":false,"_jetpack_memberships_contains_paid_content":false,"footnotes":""},"categories":[12],"tags":[153],"class_list":{"0":"post-66761","1":"post","2":"type-post","3":"status-publish","4":"format-standard","5":"has-post-thumbnail","7":"category-esportes","8":"tag-esportes"},"jetpack_featured_media_url":"https:\/\/crajubaremacao.com.br\/wp-content\/uploads\/2026\/03\/afp__20260314__a39a6e3__v1__highres__autoprixf1chnqualifying-750x500-1.jpg","jetpack_sharing_enabled":true,"_links":{"self":[{"href":"https:\/\/crajubaremacao.com.br\/index.php?rest_route=\/wp\/v2\/posts\/66761","targetHints":{"allow":["GET"]}}],"collection":[{"href":"https:\/\/crajubaremacao.com.br\/index.php?rest_route=\/wp\/v2\/posts"}],"about":[{"href":"https:\/\/crajubaremacao.com.br\/index.php?rest_route=\/wp\/v2\/types\/post"}],"author":[{"embeddable":true,"href":"https:\/\/crajubaremacao.com.br\/index.php?rest_route=\/wp\/v2\/users\/260"}],"replies":[{"embeddable":true,"href":"https:\/\/crajubaremacao.com.br\/index.php?rest_route=%2Fwp%2Fv2%2Fcomments&post=66761"}],"version-history":[{"count":0,"href":"https:\/\/crajubaremacao.com.br\/index.php?rest_route=\/wp\/v2\/posts\/66761\/revisions"}],"wp:featuredmedia":[{"embeddable":true,"href":"https:\/\/crajubaremacao.com.br\/index.php?rest_route=\/wp\/v2\/media\/66762"}],"wp:attachment":[{"href":"https:\/\/crajubaremacao.com.br\/index.php?rest_route=%2Fwp%2Fv2%2Fmedia&parent=66761"}],"wp:term":[{"taxonomy":"category","embeddable":true,"href":"https:\/\/crajubaremacao.com.br\/index.php?rest_route=%2Fwp%2Fv2%2Fcategories&post=66761"},{"taxonomy":"post_tag","embeddable":true,"href":"https:\/\/crajubaremacao.com.br\/index.php?rest_route=%2Fwp%2Fv2%2Ftags&post=66761"}],"curies":[{"name":"wp","href":"https:\/\/api.w.org\/{rel}","templated":true}]}}