{"id":66763,"date":"2026-03-14T18:03:00","date_gmt":"2026-03-14T21:03:00","guid":{"rendered":"https:\/\/crajubaremacao.com.br\/?p=66763"},"modified":"2026-03-14T18:03:00","modified_gmt":"2026-03-14T21:03:00","slug":"moraes-autoriza-transferencia-de-condenados-no-caso-marielle-para-prisao-no-rj","status":"publish","type":"post","link":"https:\/\/crajubaremacao.com.br\/?p=66763","title":{"rendered":"Moraes autoriza transfer\u00eancia de condenados no caso Marielle para pris\u00e3o no RJ"},"content":{"rendered":"<div>\n<div style=\"margin-bottom: 15px;\"><img decoding=\"async\" class=\"type:primaryImage\" src=\"https:\/\/jpimg.com.br\/uploads\/2024\/06\/alexandre-de-moraes-750x500.png\"><\/div>\n<p><?xml encoding=\"UTF-8\"><\/p>\n<p>O ministro do Supremo Tribunal Federal (STF) <strong>Alexandre de Moraes autorizou<\/strong> <strong>a transfer\u00eancia de Domingos Braz\u00e3o e de Rivaldo Barbosa<\/strong>\u00a0para o<strong> Complexo Penitenci\u00e1rio de Gericin\u00f3, no Rio de Janeiro<\/strong>.<\/p>\n<p>Eles foram <a href=\"https:\/\/jovempan.com.br\/noticias\/politica\/stf-julgamento-assassinato-marielle.html\"><strong>condenados em fevereiro pelo assassinato da vereadora Marielle Franco<\/strong>.<\/a> A decis\u00e3o foi tomada na sexta-feira (13), e entrou no sistema do STF neste s\u00e1bado (14).<\/p>\n<p>Atualmente, <strong>ambos cumprem as penas em pres\u00eddios federais<\/strong>. Braz\u00e3o est\u00e1 detido em Porto Velho (RO) e Barbosa em Mossor\u00f3 (RN).<\/p>\n<p>Eles<strong> foram presos preventivamente em 2024<\/strong> e encaminhados ao sistema penitenci\u00e1rio federal, com regras mais r\u00edgidas, para n\u00e3o interferirem nas investiga\u00e7\u00f5es. Depois do julgamento no m\u00eas passado, as <strong>defesas argumentaram que esse risco n\u00e3o existe mais<\/strong>, justificativa aceita por Moraes.<\/p>\n<p>\u201cAusentes os elementos excepcionais que antes recomendavam o rigor do Sistema Penitenci\u00e1rio Federal, a manuten\u00e7\u00e3o dessa medida deixa de se justificar, n\u00e3o havendo mais demonstra\u00e7\u00e3o concreta de risco atual \u00e0 seguran\u00e7a p\u00fablica ou \u00e0 integridade da execu\u00e7\u00e3o penal que imponha o afastamento do sistema prisional ordin\u00e1rio\u201d, escreveu o magistrado ao determinar a transfer\u00eancia dos dois condenados a Gericin\u00f3. <strong>Moraes deu prazo de 24 horas para que a ordem seja cumprida<\/strong>.<\/p>\n<p>Conselheiro do Tribunal de Contas do Estado do Rio de Janeiro (TCE-RJ), <strong>Domingos Braz\u00e3o foi considerado um dos mandantes do assassinato de Marielle,<\/strong> ao lado do irm\u00e3o, Chiquinho Braz\u00e3o. Eles foram condenados <strong>a 76 anos e 3 meses<\/strong>, al\u00e9m de 200 dias-multa (dois sal\u00e1rios m\u00ednimos cada dia-multa), pelos crimes de organiza\u00e7\u00e3o criminosa armada, duplo homic\u00eddio qualificado e tentativa de homic\u00eddio qualificado. <strong>Domingos perdeu o cargo no TCE e Chiquinho o mandato de deputado federal na C\u00e2mara dos Deputado<\/strong>s.<\/p>\n<p>J\u00e1 <strong>Rivaldo Barbosa perdeu o cargo de delegado da Pol\u00edcia Civil do Rio de Janeiro<\/strong> e recebeu pena de <strong>18 anos de pris\u00e3o mais 360 dias-multa (1 sal\u00e1rio m\u00ednimo cada dia-multa)<\/strong>. Ex-chefe da Pol\u00edcia Civil, ele<strong> atuou para obstruir a investiga\u00e7\u00e3o policial<\/strong>, sendo condenado pelos crimes de corrup\u00e7\u00e3o passiva e obstru\u00e7\u00e3o de Justi\u00e7a.<\/p>\n<p>No julgamento, Moraes, que foi o relator do caso, afirmou que as provas colhidas pela Pol\u00edcia Federal (PF) contra <strong>Chiquinho e Domingos foram \u201ccoerentes\u201d e \u201charmonizadas\u201d<\/strong> e demonstraram a \u201cmotiva\u00e7\u00e3o\u201d do crime, assim como a \u201cforma de pagamento\u201d do assassinato executado pelo ex-policial militar Ronnie Lessa.<\/p>\n<p><strong>Para o ministro, a l\u00f3gica da organiza\u00e7\u00e3o criminosa era clara<\/strong>. \u201cVamos retirar esse obst\u00e1culo na C\u00e2mara Municipal e ampliar a \u00e1rea (de atua\u00e7\u00e3o da mil\u00edcia) e parte dessa \u00e1rea se dar\u00e1 em pagamento\u201d para Lessa. \u201cSe n\u00f3s analisarmos em conjunto, a motiva\u00e7\u00e3o e a forma de pagamento est\u00e3o completamente interligadas\u201d, avaliou.<\/p>\n<p>Os depoimentos de Lessa \u2013 amplamente criticados pela defesa dos acusados \u2013 foram decisivos para que as investiga\u00e7\u00f5es fossem deslocadas do Tribunal de Justi\u00e7a do Rio de Janeiro (TJRJ) para o STF. O autor dos disparos acusou Chiquinho Braz\u00e3o, que na \u00e9poca possu\u00eda foro por prerrogativa de fun\u00e7\u00e3o pelo cargo de deputado federal, o que obrigou o caso a ser julgado pelo Supremo.<\/p>\n<p>O <strong>inqu\u00e9rito tramitou por seis anos sob a al\u00e7ada da Justi\u00e7a do Rio sem elucida\u00e7\u00e3o<\/strong>. Pouco tempo ap\u00f3s a designa\u00e7\u00e3o do caso ao STF, a PF concluiu as investiga\u00e7\u00f5es e afirmou em seu relat\u00f3rio que a motiva\u00e7\u00e3o do crime estava ligada \u00e0 grilagem de terras na Zona Oeste da capital fluminense.<\/p>\n<p><em>*Estad\u00e3o Conte\u00fado<\/em><\/p>\n<p style=\"text-align: left;\">\n<div class=\"list-related-posts\">\n<h3>Leia tamb\u00e9m<\/h3>\n<div class=\"related-posts-container\">\n<div class=\"related-post-item-container\">\n<div class=\"related-post\">\n<div class=\"img-related-box\">\n                                            <strong><a href=\"https:\/\/jovempan.com.br\/noticias\/politica\/alckmin-diz-que-candidaturas-de-haddad-e-tebet-sao-muito-bem-vindas.html\" title=\"Alckmin diz que candidaturas de Haddad e Tebet s\u00e3o muito bem-vindas\"><img decoding=\"async\" src=\"https:\/\/jpimg.com.br\/uploads\/2025\/11\/tn220251120051.jpg\"><\/a><\/strong>\n                                        <\/div>\n<p>                                        <span class=\"box-the-title\"><br \/>\n                                            <strong><a href=\"https:\/\/jovempan.com.br\/noticias\/politica\/alckmin-diz-que-candidaturas-de-haddad-e-tebet-sao-muito-bem-vindas.html\" title=\"Alckmin diz que candidaturas de Haddad e Tebet s\u00e3o muito bem-vindas\">Alckmin diz que candidaturas de Haddad e Tebet s\u00e3o muito bem-vindas<\/a><\/strong><br \/>\n                                        <\/span>\n                                    <\/div>\n<div class=\"related-post\">\n<div class=\"img-related-box\">\n                                            <strong><a href=\"https:\/\/jovempan.com.br\/noticias\/politica\/bolsonaro-esta-em-estado-estavel-e-continua-na-uti-diz-boletim-medico.html\" title=\"Bolsonaro est\u00e1 est\u00e1vel, mas segue na UTI e sem previs\u00e3o de alta, diz boletim m\u00e9dico\"><img decoding=\"async\" src=\"https:\/\/jpimg.com.br\/uploads\/2025\/07\/age20250718026.jpg\"><\/a><\/strong>\n                                        <\/div>\n<p>                                        <span class=\"box-the-title\"><br \/>\n                                            <strong><a href=\"https:\/\/jovempan.com.br\/noticias\/politica\/bolsonaro-esta-em-estado-estavel-e-continua-na-uti-diz-boletim-medico.html\" title=\"Bolsonaro est\u00e1 est\u00e1vel, mas segue na UTI e sem previs\u00e3o de alta, diz boletim m\u00e9dico\">Bolsonaro est\u00e1 est\u00e1vel, mas segue na UTI e sem previs\u00e3o de alta, diz boletim m\u00e9dico<\/a><\/strong><br \/>\n                                        <\/span>\n                                    <\/div>\n<div class=\"related-post\">\n<div class=\"img-related-box\">\n                                            <strong><a href=\"https:\/\/jovempan.com.br\/programas\/jornal-da-manha\/troca-de-advogado-de-vorcaro-aponta-possivel-negociacao-por-delacao-diz-especialista.html\" title=\"Troca de advogado de Vorcaro aponta poss\u00edvel negocia\u00e7\u00e3o por dela\u00e7\u00e3o, diz especialista\"><img decoding=\"async\" src=\"https:\/\/jpimg.com.br\/uploads\/2025\/11\/imagem-jvp-20-1.png\"><\/a><\/strong>\n                                        <\/div>\n<p>                                        <span class=\"box-the-title\"><br \/>\n                                            <strong><a href=\"https:\/\/jovempan.com.br\/programas\/jornal-da-manha\/troca-de-advogado-de-vorcaro-aponta-possivel-negociacao-por-delacao-diz-especialista.html\" title=\"Troca de advogado de Vorcaro aponta poss\u00edvel negocia\u00e7\u00e3o por dela\u00e7\u00e3o, diz especialista\">Troca de advogado de Vorcaro aponta poss\u00edvel negocia\u00e7\u00e3o por dela\u00e7\u00e3o, diz especialista<\/a><\/strong><br \/>\n                                        <\/span>\n                                    <\/div>\n<\/p><\/div>\n<\/p><\/div>\n<\/p><\/div>\n<\/div>\n","protected":false},"excerpt":{"rendered":"<p>O ministro do Supremo Tribunal Federal (STF) Alexandre de Moraes autorizou a transfer\u00eancia de Domingos Braz\u00e3o e de Rivaldo Barbosa\u00a0para o Complexo Penitenci\u00e1rio de Gericin\u00f3, no Rio de Janeiro. Eles foram condenados em fevereiro pelo assassinato da vereadora Marielle Franco. A decis\u00e3o foi tomada na sexta-feira (13), e entrou no sistema do STF neste s\u00e1bado [&hellip;]<\/p>\n","protected":false},"author":117,"featured_media":66764,"comment_status":"closed","ping_status":"closed","sticky":false,"template":"","format":"standard","meta":{"_themeisle_gutenberg_block_has_review":false,"_jetpack_memberships_contains_paid_content":false,"footnotes":""},"categories":[9],"tags":[129],"class_list":{"0":"post-66763","1":"post","2":"type-post","3":"status-publish","4":"format-standard","5":"has-post-thumbnail","7":"category-politica","8":"tag-politica"},"jetpack_featured_media_url":"https:\/\/crajubaremacao.com.br\/wp-content\/uploads\/2026\/03\/alexandre-de-moraes-750x500-1.png","jetpack_sharing_enabled":true,"_links":{"self":[{"href":"https:\/\/crajubaremacao.com.br\/index.php?rest_route=\/wp\/v2\/posts\/66763","targetHints":{"allow":["GET"]}}],"collection":[{"href":"https:\/\/crajubaremacao.com.br\/index.php?rest_route=\/wp\/v2\/posts"}],"about":[{"href":"https:\/\/crajubaremacao.com.br\/index.php?rest_route=\/wp\/v2\/types\/post"}],"author":[{"embeddable":true,"href":"https:\/\/crajubaremacao.com.br\/index.php?rest_route=\/wp\/v2\/users\/117"}],"replies":[{"embeddable":true,"href":"https:\/\/crajubaremacao.com.br\/index.php?rest_route=%2Fwp%2Fv2%2Fcomments&post=66763"}],"version-history":[{"count":0,"href":"https:\/\/crajubaremacao.com.br\/index.php?rest_route=\/wp\/v2\/posts\/66763\/revisions"}],"wp:featuredmedia":[{"embeddable":true,"href":"https:\/\/crajubaremacao.com.br\/index.php?rest_route=\/wp\/v2\/media\/66764"}],"wp:attachment":[{"href":"https:\/\/crajubaremacao.com.br\/index.php?rest_route=%2Fwp%2Fv2%2Fmedia&parent=66763"}],"wp:term":[{"taxonomy":"category","embeddable":true,"href":"https:\/\/crajubaremacao.com.br\/index.php?rest_route=%2Fwp%2Fv2%2Fcategories&post=66763"},{"taxonomy":"post_tag","embeddable":true,"href":"https:\/\/crajubaremacao.com.br\/index.php?rest_route=%2Fwp%2Fv2%2Ftags&post=66763"}],"curies":[{"name":"wp","href":"https:\/\/api.w.org\/{rel}","templated":true}]}}