{"id":66861,"date":"2026-03-17T12:02:00","date_gmt":"2026-03-17T15:02:00","guid":{"rendered":"https:\/\/crajubaremacao.com.br\/?p=66861"},"modified":"2026-03-17T12:02:00","modified_gmt":"2026-03-17T15:02:00","slug":"ira-negocia-com-a-fifa-para-jogar-no-mexico-e-manter-participacao-na-copa","status":"publish","type":"post","link":"https:\/\/crajubaremacao.com.br\/?p=66861","title":{"rendered":"Ir\u00e3 negocia com a Fifa para jogar no M\u00e9xico e manter participa\u00e7\u00e3o na Copa"},"content":{"rendered":"<div>\n<div style=\"margin-bottom: 15px;\"><img decoding=\"async\" class=\"type:primaryImage\" src=\"https:\/\/jpimg.com.br\/uploads\/2026\/03\/imagem-jvp-2026-03-17t093930.139-750x450.png\"><\/div>\n<p><?xml encoding=\"UTF-8\"><\/p>\n<p>Uma semana ap\u00f3s decretar que n\u00e3o estaria na Copa do Mundo de 2026 por causa dos ataques dos Estados Unidos, <strong>a sele\u00e7\u00e3o iraniana mudou de opini\u00e3o e ainda tentar\u00e1 disputar o torneio<\/strong>. Os iranianos abriram negocia\u00e7\u00e3o com a Fifa para <strong>mandarem suas partidas no M\u00e9xico<\/strong>, que divide com Canad\u00e1 e os norte-americanos a organiza\u00e7\u00e3o da competi\u00e7\u00e3o.<\/p>\n<p>A mudan\u00e7a de opini\u00e3o em disputar a Copa do Mundo veio pelas redes sociais. A embaixada do Ir\u00e3 no M\u00e9xico anunciou nesta ter\u00e7a-feira (17) pelo X, antigo Twitter, que <strong>ainda sonha em estar na principal competi\u00e7\u00e3o de futebol do planeta.<\/strong><\/p>\n<p>O tweet assinado por Mehdi Taj, presidente da Federa\u00e7\u00e3o Iraniana de Futebol, insiste que a sele\u00e7\u00e3o nacional do <strong>pa\u00eds \u201ccertamente n\u00e3o viajar\u00e1 para os Estados Unidos\u201d<\/strong> porque os norte-americanos n\u00e3o podem garantir sua seguran\u00e7a. Mas mostram uma sa\u00edda encontrada por eles.<\/p>\n<p>\u201cQuando Trump (presidente dos Estados Unidos) declarou explicitamente que n\u00e3o pode garantir a seguran\u00e7a da equipe nacional iraniana, certamente n\u00e3o viajaremos para os Estados Unidos\u201d, escreveu Mehdi Taj, com o importante complemento. \u201cEstamos negociando com a Fifa para que os jogos da Copa do Mundo do Ir\u00e3 sejam realizados no M\u00e9xico.\u201d<\/p>\n<p>H\u00e1 uma semana, Ahmad Donyamali, <strong><a href=\"https:\/\/jovempan.com.br\/esportes\/futebol\/selecao-do-ira-nao-participara-da-copa-do-mundo-2026-diz-ministro-do-esporte.html\">ministro dos Esportes do Ir\u00e3, havia anunciado que o pa\u00eds n\u00e3o participaria da Copa do Mundo<\/a><\/strong>, preservando pela seguran\u00e7a dos cidad\u00e3os iranianos. O an\u00fancio veio ap\u00f3s Trump dizer que \u201cembora os jogadores iranianos sejam bem-vindos \u00e0 competi\u00e7\u00e3o, seria inapropriado que participassem para sua pr\u00f3pria seguran\u00e7a e bem-estar.\u201d<\/p>\n<p>Os tr\u00eas jogos sorteados do Ir\u00e3 na Copa do Mundo ca\u00edram em est\u00e1dios dos Estados Unidos, com o qual <strong>vive um intenso conflito com mais de duas semanas de ataques<\/strong>. Pelo Grupo G, encararia Nova Zel\u00e2ndia (dia 15 de junho) e B\u00e9lgica (21, ambos em Inglewood, na Calif\u00f3rnia) e o Egito (27, em Seattle).<\/p>\n<p>*Estad\u00e3o Conte\u00fado<\/p>\n<div class=\"list-related-posts\">\n<h3>Leia tamb\u00e9m<\/h3>\n<div class=\"related-posts-container\">\n<div class=\"related-post-item-container\">\n<div class=\"related-post\">\n<div class=\"img-related-box\">\n                                            <strong><a href=\"https:\/\/jovempan.com.br\/noticias\/mundo\/israel-amplia-ofensiva-e-bombardeia-teera-e-beirute-no-18o-dia-de-guerra-no-oriente-medio.html\" title=\"Israel amplia ofensiva e bombardeia Teer\u00e3 e Beirute no 18\u00ba dia de guerra\"><img decoding=\"async\" src=\"https:\/\/jpimg.com.br\/uploads\/2026\/03\/imagem-jvp-2026-03-17t063050.123.png\"><\/a><\/strong>\n                                        <\/div>\n<p>                                        <span class=\"box-the-title\"><br \/>\n                                            <strong><a href=\"https:\/\/jovempan.com.br\/noticias\/mundo\/israel-amplia-ofensiva-e-bombardeia-teera-e-beirute-no-18o-dia-de-guerra-no-oriente-medio.html\" title=\"Israel amplia ofensiva e bombardeia Teer\u00e3 e Beirute no 18\u00ba dia de guerra\">Israel amplia ofensiva e bombardeia Teer\u00e3 e Beirute no 18\u00ba dia de guerra<\/a><\/strong><br \/>\n                                        <\/span>\n                                    <\/div>\n<div class=\"related-post\">\n<div class=\"img-related-box\">\n                                            <strong><a href=\"https:\/\/jovempan.com.br\/esportes\/futebol\/preciso-de-jogadores-100-diz-ancelotti-sobre-nao-ter-convocado-neymar.html\" title=\"'Preciso de jogadores 100%', diz Ancelotti sobre n\u00e3o ter convocado Neymar\"><img decoding=\"async\" src=\"https:\/\/jpimg.com.br\/uploads\/2026\/02\/af820260222013.jpg\"><\/a><\/strong>\n                                        <\/div>\n<p>                                        <span class=\"box-the-title\"><br \/>\n                                            <strong><a href=\"https:\/\/jovempan.com.br\/esportes\/futebol\/preciso-de-jogadores-100-diz-ancelotti-sobre-nao-ter-convocado-neymar.html\" title=\"'Preciso de jogadores 100%', diz Ancelotti sobre n\u00e3o ter convocado Neymar\">&#8216;Preciso de jogadores 100%&#8217;, diz Ancelotti sobre n\u00e3o ter convocado Neymar<\/a><\/strong><br \/>\n                                        <\/span>\n                                    <\/div>\n<\/p><\/div>\n<\/p><\/div>\n<\/p><\/div>\n<p>\u00a0<\/p>\n<\/div>\n","protected":false},"excerpt":{"rendered":"<p>Uma semana ap\u00f3s decretar que n\u00e3o estaria na Copa do Mundo de 2026 por causa dos ataques dos Estados Unidos, a sele\u00e7\u00e3o iraniana mudou de opini\u00e3o e ainda tentar\u00e1 disputar o torneio. Os iranianos abriram negocia\u00e7\u00e3o com a Fifa para mandarem suas partidas no M\u00e9xico, que divide com Canad\u00e1 e os norte-americanos a organiza\u00e7\u00e3o da [&hellip;]<\/p>\n","protected":false},"author":260,"featured_media":66862,"comment_status":"closed","ping_status":"closed","sticky":false,"template":"","format":"standard","meta":{"_themeisle_gutenberg_block_has_review":false,"_jetpack_memberships_contains_paid_content":false,"footnotes":""},"categories":[12],"tags":[153],"class_list":{"0":"post-66861","1":"post","2":"type-post","3":"status-publish","4":"format-standard","5":"has-post-thumbnail","7":"category-esportes","8":"tag-esportes"},"jetpack_featured_media_url":"https:\/\/crajubaremacao.com.br\/wp-content\/uploads\/2026\/03\/imagem-jvp-2026-03-17t093930139-750x450-1.png","jetpack_sharing_enabled":true,"_links":{"self":[{"href":"https:\/\/crajubaremacao.com.br\/index.php?rest_route=\/wp\/v2\/posts\/66861","targetHints":{"allow":["GET"]}}],"collection":[{"href":"https:\/\/crajubaremacao.com.br\/index.php?rest_route=\/wp\/v2\/posts"}],"about":[{"href":"https:\/\/crajubaremacao.com.br\/index.php?rest_route=\/wp\/v2\/types\/post"}],"author":[{"embeddable":true,"href":"https:\/\/crajubaremacao.com.br\/index.php?rest_route=\/wp\/v2\/users\/260"}],"replies":[{"embeddable":true,"href":"https:\/\/crajubaremacao.com.br\/index.php?rest_route=%2Fwp%2Fv2%2Fcomments&post=66861"}],"version-history":[{"count":0,"href":"https:\/\/crajubaremacao.com.br\/index.php?rest_route=\/wp\/v2\/posts\/66861\/revisions"}],"wp:featuredmedia":[{"embeddable":true,"href":"https:\/\/crajubaremacao.com.br\/index.php?rest_route=\/wp\/v2\/media\/66862"}],"wp:attachment":[{"href":"https:\/\/crajubaremacao.com.br\/index.php?rest_route=%2Fwp%2Fv2%2Fmedia&parent=66861"}],"wp:term":[{"taxonomy":"category","embeddable":true,"href":"https:\/\/crajubaremacao.com.br\/index.php?rest_route=%2Fwp%2Fv2%2Fcategories&post=66861"},{"taxonomy":"post_tag","embeddable":true,"href":"https:\/\/crajubaremacao.com.br\/index.php?rest_route=%2Fwp%2Fv2%2Ftags&post=66861"}],"curies":[{"name":"wp","href":"https:\/\/api.w.org\/{rel}","templated":true}]}}