{"id":68418,"date":"2026-04-19T06:03:49","date_gmt":"2026-04-19T09:03:49","guid":{"rendered":"https:\/\/crajubaremacao.com.br\/?p=68418"},"modified":"2026-04-19T06:03:49","modified_gmt":"2026-04-19T09:03:49","slug":"bulgaria-vai-as-urnas-para-oitava-eleicao-parlamentar-em-cinco-anos","status":"publish","type":"post","link":"https:\/\/crajubaremacao.com.br\/?p=68418","title":{"rendered":"Bulg\u00e1ria vai \u00e0s urnas para oitava elei\u00e7\u00e3o parlamentar em cinco anos"},"content":{"rendered":"<div><img decoding=\"async\" src=\"https:\/\/s2-g1.glbimg.com\/roRMYZ2mEs9o42nd-DJG_XileeI=\/i.s3.glbimg.com\/v1\/AUTH_59edd422c0c84a879bd37670ae4f538a\/internal_photos\/bs\/2026\/A\/M\/IQpOJBQmmS2d1ABOcoGQ\/2026-04-19t052756z-1453462784-rc25skar6kuv-rtrmadp-3-bulgaria-election.jpg\"><br \/>     Uma mulher vota durante as elei\u00e7\u00f5es parlamentares em S\u00f3fia, na Bulg\u00e1ria, neste domingo (19).<br \/>\nREUTERS\/Spasiyana Sergieva<br \/>\nAs urnas da elei\u00e7\u00e3o da Bulg\u00e1ria abriram \u00e0 1h no hor\u00e1rio de Bras\u00edlia (7h no hor\u00e1rio local) neste domingo (19) para a oitava elei\u00e7\u00e3o parlamentar em cinco anos.<br \/>\nA vota\u00e7\u00e3o antecipada ocorre ap\u00f3s protestos em massa contra corrup\u00e7\u00e3o e pol\u00edticas econ\u00f4micas terem levado \u00e0 ren\u00fancia do primeiro-ministro em dezembro do ano passado.<br \/>\nO ex-presidente Rumen Radev \u00e9 o favorito nas pesquisas de boca de urna. Em sua campanha, ele prometeu acabar com a sequ\u00eancia de governos ef\u00eameros e erradicar a corrup\u00e7\u00e3o.<br \/>\nRadev, um ex-piloto de ca\u00e7a euroc\u00e9tico que se op\u00f5e ao apoio militar \u00e0 guerra da Ucr\u00e2nia contra a R\u00fassia, renunciou \u00e0 presid\u00eancia em janeiro para concorrer \u00e0 elei\u00e7\u00e3o.<br \/>\nA Bulg\u00e1ria \u00e9 o membro mais pobre da Uni\u00e3o Europei e adotou o euro como moeda em janeiro deste ano.<br \/>\nO governo anterior caiu em meio a protestos contra um novo or\u00e7amento que propunha aumentos de impostos e contribui\u00e7\u00f5es previdenci\u00e1rias mais elevadas.<br \/>\nProtestos derrubam primeiro-ministro da Bulg\u00e1ria<\/div>\n","protected":false},"excerpt":{"rendered":"<p>Uma mulher vota durante as elei\u00e7\u00f5es parlamentares em S\u00f3fia, na Bulg\u00e1ria, neste domingo (19). REUTERS\/Spasiyana Sergieva As urnas da elei\u00e7\u00e3o da Bulg\u00e1ria abriram \u00e0 1h no hor\u00e1rio de Bras\u00edlia (7h no hor\u00e1rio local) neste domingo (19) para a oitava elei\u00e7\u00e3o parlamentar em cinco anos. A vota\u00e7\u00e3o antecipada ocorre ap\u00f3s protestos em massa contra corrup\u00e7\u00e3o e [&hellip;]<\/p>\n","protected":false},"author":261,"featured_media":68419,"comment_status":"closed","ping_status":"closed","sticky":false,"template":"","format":"standard","meta":{"_themeisle_gutenberg_block_has_review":false,"_jetpack_memberships_contains_paid_content":false,"footnotes":""},"categories":[5],"tags":[155],"class_list":{"0":"post-68418","1":"post","2":"type-post","3":"status-publish","4":"format-standard","5":"has-post-thumbnail","7":"category-internacionais","8":"tag-mundo"},"jetpack_featured_media_url":"https:\/\/crajubaremacao.com.br\/wp-content\/uploads\/2026\/04\/2026-04-19t052756z-1453462784-rc25skar6kuv-rtrmadp-3-bulgaria-election-scaled.jpg","jetpack_sharing_enabled":true,"_links":{"self":[{"href":"https:\/\/crajubaremacao.com.br\/index.php?rest_route=\/wp\/v2\/posts\/68418","targetHints":{"allow":["GET"]}}],"collection":[{"href":"https:\/\/crajubaremacao.com.br\/index.php?rest_route=\/wp\/v2\/posts"}],"about":[{"href":"https:\/\/crajubaremacao.com.br\/index.php?rest_route=\/wp\/v2\/types\/post"}],"author":[{"embeddable":true,"href":"https:\/\/crajubaremacao.com.br\/index.php?rest_route=\/wp\/v2\/users\/261"}],"replies":[{"embeddable":true,"href":"https:\/\/crajubaremacao.com.br\/index.php?rest_route=%2Fwp%2Fv2%2Fcomments&post=68418"}],"version-history":[{"count":0,"href":"https:\/\/crajubaremacao.com.br\/index.php?rest_route=\/wp\/v2\/posts\/68418\/revisions"}],"wp:featuredmedia":[{"embeddable":true,"href":"https:\/\/crajubaremacao.com.br\/index.php?rest_route=\/wp\/v2\/media\/68419"}],"wp:attachment":[{"href":"https:\/\/crajubaremacao.com.br\/index.php?rest_route=%2Fwp%2Fv2%2Fmedia&parent=68418"}],"wp:term":[{"taxonomy":"category","embeddable":true,"href":"https:\/\/crajubaremacao.com.br\/index.php?rest_route=%2Fwp%2Fv2%2Fcategories&post=68418"},{"taxonomy":"post_tag","embeddable":true,"href":"https:\/\/crajubaremacao.com.br\/index.php?rest_route=%2Fwp%2Fv2%2Ftags&post=68418"}],"curies":[{"name":"wp","href":"https:\/\/api.w.org\/{rel}","templated":true}]}}