{"id":68495,"date":"2026-04-21T05:00:09","date_gmt":"2026-04-21T08:00:09","guid":{"rendered":"https:\/\/crajubaremacao.com.br\/?p=68495"},"modified":"2026-04-21T05:00:09","modified_gmt":"2026-04-21T08:00:09","slug":"salitre-recebe-mais-de-150-jovens-no-iii-encontro-estadual-de-jovens-quilombolas-rurais-do-ceara","status":"publish","type":"post","link":"https:\/\/crajubaremacao.com.br\/?p=68495","title":{"rendered":"Salitre recebe mais de 150 jovens no III Encontro Estadual de Jovens Quilombolas Rurais do Cear\u00e1"},"content":{"rendered":"<div>\n<p class=\"has-text-align-center\"><em>A programa\u00e7\u00e3o contou, al\u00e9m da mesa de abertura com autoridades estaduais e municipais, com rodas de conversa e atra\u00e7\u00f5es culturais<\/em><\/p>\n<p>Entre os dias 17,18 e 19 de abril, a comunidade quilombola Lagoa dos Crioulos recebeu o III Encontro Estadual de Jovens Quilombolas Rurais do Cear\u00e1. Com o tema \u201cTerrit\u00f3rio, Identidade e Resist\u00eancia: Juventude Quilombola Viva em Movimento\u201d, a programa\u00e7\u00e3o contou, al\u00e9m da mesa de abertura, na presen\u00e7a de autoridades estaduais e municipais, com rodas de conversa e atra\u00e7\u00f5es culturais.<\/p>\n<p>As juventudes tamb\u00e9m colocaram a m\u00e3o na massa nos Grupos de Trabalho, que discutiram educa\u00e7\u00e3o, territorialidade, acessos, empregabilidade, diversidade e sa\u00fade mental.<\/p>\n<p>A mesa de abertura contou com a presen\u00e7a da secret\u00e1ria estadual da Igualdade Racial, Zelma Madeira; da secret\u00e1ria executiva, Mart\u00edr Silva; do superintendente regional do INCRA no Cear\u00e1, Erivando Santos e do prefeito interino de Salitre, Ronaldo Pereira (PT).<\/p>\n<p>Para a titular da Seir, o Encontro \u00e9 resultado da organiza\u00e7\u00e3o das lideran\u00e7as quilombolas no Estado que articularam junto ao governador Elmano de Freitas (PT) recursos para a realiza\u00e7\u00e3o do primeiro, da s\u00e9rie de tr\u00eas encontros estaduais voltados para a popula\u00e7\u00e3o quilombola do Cear\u00e1.<\/p>\n<p>\u201cOs jovens de todas as comunidades quilombolas do Cear\u00e1 se encontraram para fazer as pactua\u00e7\u00f5es, para mostrar as suas demandas e tamb\u00e9m suas potencialidades. As lideran\u00e7as se organizam de uma forma primorosa\u201d, ressalta.<\/p>\n<p>J\u00e1 segundo o superintendente estadual do Incra, Erivando dos Santos, a programa\u00e7\u00e3o marca um momento importante de reafirma\u00e7\u00e3o da identidade quilombola.<\/p>\n<p>\u201cA juventude passa por esse processo de continuidade e resgate da sua luta hist\u00f3rica, que \u00e9 em defesa dos territ\u00f3rios, na luta pelo territ\u00f3rio, e estamos como Governo Federal para apoi\u00e1-la. Uma demonstra\u00e7\u00e3o do quanto o governador Elmano de Freitas tem compromisso com essa pauta e com essas comunidades. Um evento bonito, vamos \u00e0 luta\u201d, afirma.<\/p>\n<p>Estiveram presentes tamb\u00e9m lideran\u00e7as quilombolas, representantes da Coordenac\u0327a\u0303o Nacional de Articulac\u0327a\u0303o das Comunidades Negras Rurais Quilombolas (CONAQ); da Defensoria P[ublica Estadual; da Comiss\u00e3o Estadual de Comunidades Quilombolas do Cear\u00e1 (CEQUIRCE) e do Escrit\u00f3rio de Direitos Humanos e Assessoria Jur\u00eddica Popular Frei Tito de Alencar (EFTA).<\/p>\n<p>O encontro foi espa\u00e7o para as mesas de debate \u201cSaberes Quilombolas, Cultura, F\u00e9 e Tradi\u00e7\u00e3o Mestre\u201d, com Joaquim Ferreira e Francisca Josefa; \u201cProtagonismo da Juventude Quilombola a partir da Base Comunit\u00e1ria\u201d e \u201cJuventude Quilombola: Desafios e Perspectivas no Acesso \u00e0s Pol\u00edticas P\u00fablicas\u201d.<\/p>\n<p>Para Adda Vyctoria, lideran\u00e7a quilombola e produtora cultural, o intuito do encontro foi \u201caproximar a juventude dos territ\u00f3rios nas a\u00e7\u00f5es e nas trocas de experi\u00eancia na perspectiva de fortalecimento da base comunit\u00e1ria\u201d, destaca.<br \/>Os jovens tamb\u00e9m participaram das palestras \u201cO que \u00e9 ser um jovem quilombola: Identidade quilombola, Democracia e Forma\u00e7\u00e3o Pol\u00edtica\u201d e \u201cG\u00eanero, sexualidade e enfrentamento \u00e0s viol\u00eancias\u201d. Al\u00e9m disso, a programa\u00e7\u00e3o contou com apresenta\u00e7\u00f5es culturais, como o Coco de roda.<\/p>\n<h3 class=\"wp-block-heading\"><strong>GRUPOS DE TRABALHO<\/strong><\/h3>\n<p>O encontro marcou uma s\u00e9rie de debates desenvolvidos pelos jovens. Foram ao todo nove grupos de trabalho. No primeiro dia, os participantes se reuniram em grupos para debater temas como o processo de fortalecimento de jovens quilombolas a partir da base comunit\u00e1ria e educa\u00e7\u00e3o e acesso da juventude \u00e0s universidades.<\/p>\n<figure class=\"wp-block-image size-large\"><img fetchpriority=\"high\" fetchpriority=\"high\" decoding=\"async\" width=\"1200\" height=\"900\" src=\"https:\/\/www.ce.gov.br\/wp-content\/uploads\/2026\/04\/foto-2-1200x900.jpg\" alt=\"\" class=\"wp-image-319120\" srcset=\"https:\/\/www.ce.gov.br\/wp-content\/uploads\/2026\/04\/foto-2-1200x900.jpg 1200w, https:\/\/www.ce.gov.br\/wp-content\/uploads\/2026\/04\/foto-2-600x450.jpg 600w, https:\/\/www.ce.gov.br\/wp-content\/uploads\/2026\/04\/foto-2-768x576.jpg 768w, https:\/\/www.ce.gov.br\/wp-content\/uploads\/2026\/04\/foto-2-1536x1152.jpg 1536w, https:\/\/www.ce.gov.br\/wp-content\/uploads\/2026\/04\/foto-2-2048x1536.jpg 2048w\" sizes=\"(max-width: 1200px) 100vw, 1200px\"><\/figure>\n<p>Como ressalta a lideran\u00e7a quilombola, pedagoga e agente territorial do Plano Juventude Negra Viva no Cear\u00e1, Tainara Eug\u00eanio, o encontro \u00e9 tamb\u00e9m uma forma de reafirma\u00e7\u00e3o e um pontap\u00e9 para novas pol\u00edticas p\u00fablica<\/p>\n<p>\u201cO Cear\u00e1 hoje \u00e9 pioneiro nessas pol\u00edticas, trazendo para as bases esse debate, onde a juventude consegue dizer de fato o que \u00e9 que ela quer, o que ela precisa para o seu territ\u00f3rio e o que ela quer para o seu futuro\u201d, pontua.<\/p>\n<p>Os jovens tamb\u00e9m dialogaram sobre diversidade \u00e9tnico-racial e identidade de g\u00eanero, al\u00e9m de gest\u00e3o territorial, empregabilidade e gera\u00e7\u00e3o de renda\u201d. Sa\u00fade mental tamb\u00e9m dos eixos tem\u00e1ticos.<\/p>\n<p>No segundo dia, os debates e constru\u00e7\u00f5es coletivas giraram em torno da educa\u00e7\u00e3o e perman\u00eancia escolar e sa\u00fade e bem-estar da juventude, bem como territ\u00f3rio e sustentabilidade e por fim cultura, identidade e ancestralidade.<\/p>\n<h3 class=\"wp-block-heading\"><strong>SOBRE O ENCONTRO<\/strong><\/h3>\n<p>O III Encontro Estadual de Jovens Quilombolas Rurais do Cear\u00e1 \u00e9 uma realiza\u00e7\u00e3o da Associa\u00e7\u00e3o Renascer Quilombolas da Lagoa dos Crioulos por meio do Edital n\u00ba 001\/2025 do Governo do Estado do Cear\u00e1, atrav\u00e9s da Secretaria da Igualdade Racial (SEIR).<\/p>\n<p>A programa\u00e7\u00e3o \u00e9 uma parceria com a Coordena\u00e7\u00e3o Nacional de Articula\u00e7\u00e3o das Comunidades Negras Rurais Quilombolas (CONAQ) e Comiss\u00e3o Estadual dos Quilombos Rurais do Cear\u00e1 (CEQUIRCE), com apoio da Prefeitura Municipal de Salitre.<\/p>\n<p>O post <a href=\"https:\/\/www.ce.gov.br\/2026\/04\/20\/salitre-recebe-mais-de-150-jovens-no-iii-encontro-estadual-de-jovens-quilombolas-rurais-do-ceara\/\">Salitre recebe mais de 150 jovens no III Encontro Estadual de Jovens Quilombolas Rurais do Cear\u00e1<\/a> apareceu primeiro em <a href=\"https:\/\/www.ce.gov.br\/\">Governo do Estado do Cear\u00e1<\/a>.<\/p>\n<\/div>\n","protected":false},"excerpt":{"rendered":"<p>A programa\u00e7\u00e3o contou, al\u00e9m da mesa de abertura com autoridades estaduais e municipais, com rodas de conversa e atra\u00e7\u00f5es culturais Entre os dias 17,18 e 19 de abril, a comunidade quilombola Lagoa dos Crioulos recebeu o III Encontro Estadual de Jovens Quilombolas Rurais do Cear\u00e1. Com o tema \u201cTerrit\u00f3rio, Identidade e Resist\u00eancia: Juventude Quilombola Viva [&hellip;]<\/p>\n","protected":false},"author":265,"featured_media":68496,"comment_status":"closed","ping_status":"closed","sticky":false,"template":"","format":"standard","meta":{"_themeisle_gutenberg_block_has_review":false,"_jetpack_memberships_contains_paid_content":false,"footnotes":""},"categories":[4],"tags":[127,130],"class_list":{"0":"post-68495","1":"post","2":"type-post","3":"status-publish","4":"format-standard","5":"has-post-thumbnail","7":"category-regiao","8":"tag-cariri","9":"tag-ceara"},"jetpack_featured_media_url":"https:\/\/crajubaremacao.com.br\/wp-content\/uploads\/2026\/04\/foto-2-1200x900-1.jpg","jetpack_sharing_enabled":true,"_links":{"self":[{"href":"https:\/\/crajubaremacao.com.br\/index.php?rest_route=\/wp\/v2\/posts\/68495","targetHints":{"allow":["GET"]}}],"collection":[{"href":"https:\/\/crajubaremacao.com.br\/index.php?rest_route=\/wp\/v2\/posts"}],"about":[{"href":"https:\/\/crajubaremacao.com.br\/index.php?rest_route=\/wp\/v2\/types\/post"}],"author":[{"embeddable":true,"href":"https:\/\/crajubaremacao.com.br\/index.php?rest_route=\/wp\/v2\/users\/265"}],"replies":[{"embeddable":true,"href":"https:\/\/crajubaremacao.com.br\/index.php?rest_route=%2Fwp%2Fv2%2Fcomments&post=68495"}],"version-history":[{"count":0,"href":"https:\/\/crajubaremacao.com.br\/index.php?rest_route=\/wp\/v2\/posts\/68495\/revisions"}],"wp:featuredmedia":[{"embeddable":true,"href":"https:\/\/crajubaremacao.com.br\/index.php?rest_route=\/wp\/v2\/media\/68496"}],"wp:attachment":[{"href":"https:\/\/crajubaremacao.com.br\/index.php?rest_route=%2Fwp%2Fv2%2Fmedia&parent=68495"}],"wp:term":[{"taxonomy":"category","embeddable":true,"href":"https:\/\/crajubaremacao.com.br\/index.php?rest_route=%2Fwp%2Fv2%2Fcategories&post=68495"},{"taxonomy":"post_tag","embeddable":true,"href":"https:\/\/crajubaremacao.com.br\/index.php?rest_route=%2Fwp%2Fv2%2Ftags&post=68495"}],"curies":[{"name":"wp","href":"https:\/\/api.w.org\/{rel}","templated":true}]}}