{"id":68607,"date":"2026-04-23T15:08:06","date_gmt":"2026-04-23T18:08:06","guid":{"rendered":"https:\/\/crajubaremacao.com.br\/?p=68607"},"modified":"2026-04-23T15:08:06","modified_gmt":"2026-04-23T18:08:06","slug":"ex-jogador-marfinense-e-condenado-a-3-anos-de-prisao-por-estupro","status":"publish","type":"post","link":"https:\/\/crajubaremacao.com.br\/?p=68607","title":{"rendered":"Ex-jogador marfinense \u00e9 condenado a 3 anos de pris\u00e3o por estupro"},"content":{"rendered":"<div>\n<div style=\"margin-bottom: 15px;\"><img decoding=\"async\" class=\"type:primaryImage\" src=\"https:\/\/jpimg.com.br\/uploads\/2026\/04\/2-instagram-04-23-2026_03_01_pm-750x489.png\"><\/div>\n<p><?xml encoding=\"UTF-8\"><\/p>\n<p>O ex-jogador de futebol marfinense <strong>Abdoulaye Traor\u00e9,<\/strong> campe\u00e3o com sua sele\u00e7\u00e3o da Copa Africana de Na\u00e7\u00f5es em 1992, foi <strong>condenado a tr\u00eas anos de pris\u00e3o por estupro,<\/strong> confirmou nesta quinta-feira (23) um grupo de defesa dos direitos das mulheres no pa\u00eds africano.<\/p>\n<p>Abdoulaye Traor\u00e9, candidato a \u2018Ben Badi\u2019, tem 59 anos e foi, na sua \u00e9poca, um <strong>atacante emblem\u00e1tico<\/strong> do clube marfinense ASEC Mimosas e da<strong> sele\u00e7\u00e3o da Costa do Marfim.<\/strong><\/p>\n<p><strong>Ele tamb\u00e9m atuou por diversos clubes europeus<\/strong>, incluindo o Sporting de Braga, de Portugal, e o Metz, da Fran\u00e7a.<\/p>\n<p>\u201cBen Badi foi condenado (na quarta-feira) a 36 meses de pris\u00e3o, obrigado a pagar 15 milh\u00f5es de francos CFA (aproximadamente R$ 135.000) \u00e0 v\u00edtima, teve seus direitos c\u00edvicos suspensos por dez anos e foi proibido de entrar (na cidade de) Bouak\u00e9 por cinco anos\u201d, anunciou a Liga Marfinense pelos Direitos das Mulheres.<\/p>\n<p>Diante da declara\u00e7\u00e3o, a organiza\u00e7\u00e3o saudou a senten\u00e7a em seu comunicado como \u201cum passo significativo na luta contra a impunidade da viol\u00eancia sexual e de g\u00eanero\u201d.<\/p>\n<p>Segundo uma fonte judicial, o ex-atacante foi considerado de manter <strong>rela\u00e7\u00f5es sexuais n\u00e3o consensuais,<\/strong> em mar\u00e7o de 2021, com <strong>uma mulher que tinha 21 anos na \u00e9poca.<\/strong><\/p>\n<\/div>\n","protected":false},"excerpt":{"rendered":"<p>O ex-jogador de futebol marfinense Abdoulaye Traor\u00e9, campe\u00e3o com sua sele\u00e7\u00e3o da Copa Africana de Na\u00e7\u00f5es em 1992, foi condenado a tr\u00eas anos de pris\u00e3o por estupro, confirmou nesta quinta-feira (23) um grupo de defesa dos direitos das mulheres no pa\u00eds africano. Abdoulaye Traor\u00e9, candidato a \u2018Ben Badi\u2019, tem 59 anos e foi, na sua [&hellip;]<\/p>\n","protected":false},"author":260,"featured_media":68608,"comment_status":"closed","ping_status":"closed","sticky":false,"template":"","format":"standard","meta":{"_themeisle_gutenberg_block_has_review":false,"_jetpack_memberships_contains_paid_content":false,"footnotes":""},"categories":[12],"tags":[153],"class_list":{"0":"post-68607","1":"post","2":"type-post","3":"status-publish","4":"format-standard","5":"has-post-thumbnail","7":"category-esportes","8":"tag-esportes"},"jetpack_featured_media_url":"https:\/\/crajubaremacao.com.br\/wp-content\/uploads\/2026\/04\/2-instagram-04-23-2026_03_01_pm-750x489-1.png","jetpack_sharing_enabled":true,"_links":{"self":[{"href":"https:\/\/crajubaremacao.com.br\/index.php?rest_route=\/wp\/v2\/posts\/68607","targetHints":{"allow":["GET"]}}],"collection":[{"href":"https:\/\/crajubaremacao.com.br\/index.php?rest_route=\/wp\/v2\/posts"}],"about":[{"href":"https:\/\/crajubaremacao.com.br\/index.php?rest_route=\/wp\/v2\/types\/post"}],"author":[{"embeddable":true,"href":"https:\/\/crajubaremacao.com.br\/index.php?rest_route=\/wp\/v2\/users\/260"}],"replies":[{"embeddable":true,"href":"https:\/\/crajubaremacao.com.br\/index.php?rest_route=%2Fwp%2Fv2%2Fcomments&post=68607"}],"version-history":[{"count":0,"href":"https:\/\/crajubaremacao.com.br\/index.php?rest_route=\/wp\/v2\/posts\/68607\/revisions"}],"wp:featuredmedia":[{"embeddable":true,"href":"https:\/\/crajubaremacao.com.br\/index.php?rest_route=\/wp\/v2\/media\/68608"}],"wp:attachment":[{"href":"https:\/\/crajubaremacao.com.br\/index.php?rest_route=%2Fwp%2Fv2%2Fmedia&parent=68607"}],"wp:term":[{"taxonomy":"category","embeddable":true,"href":"https:\/\/crajubaremacao.com.br\/index.php?rest_route=%2Fwp%2Fv2%2Fcategories&post=68607"},{"taxonomy":"post_tag","embeddable":true,"href":"https:\/\/crajubaremacao.com.br\/index.php?rest_route=%2Fwp%2Fv2%2Ftags&post=68607"}],"curies":[{"name":"wp","href":"https:\/\/api.w.org\/{rel}","templated":true}]}}