{"id":68611,"date":"2026-04-23T18:14:14","date_gmt":"2026-04-23T21:14:14","guid":{"rendered":"https:\/\/crajubaremacao.com.br\/?p=68611"},"modified":"2026-04-23T18:14:14","modified_gmt":"2026-04-23T21:14:14","slug":"pf-pede-prisao-preventiva-de-mc-ryan-sp-mc-poze-do-rodo-e-dono-da-choquei","status":"publish","type":"post","link":"https:\/\/crajubaremacao.com.br\/?p=68611","title":{"rendered":"PF pede pris\u00e3o preventiva de MC Ryan SP, MC Poze do Rodo e dono da Choquei"},"content":{"rendered":"<div>\n<div style=\"margin-bottom: 15px;\"><img decoding=\"async\" class=\"type:primaryImage\" src=\"https:\/\/crajubaremacao.com.br\/wp-content\/uploads\/2026\/04\/imagem-jvp-55-750x450-1.png\"><\/div>\n<p><?xml encoding=\"UTF-8\"><\/p>\n<p>A <strong>Pol\u00edcia Federal (PF)<\/strong> solicitou nesta quinta-feira (23) a <strong>pris\u00e3o preventiva do MC Ryan SP, MC Poze do Rodo, de Raphael Sousa Oliveira, criador da p\u00e1gina Choquei<\/strong>, e de outros investigados por envolvimento <strong>em um esquema bilion\u00e1rio de lavagem de dinheiro. <\/strong><\/p>\n<p>O pedido foi feito <a href=\"https:\/\/jovempan.com.br\/opiniao-jovem-pan\/comentaristas\/david-de-tarso\/ministro-do-stj-manda-soltar-mc-ryan-preso-em-operacao-contra-lavagem-de-dinheiro.html\"><strong>ap\u00f3s o Superior Tribunal de Justi\u00e7a (STJ) conceder habeas corpus aos alvos da opera\u00e7\u00e3o<\/strong><\/a>. A decis\u00e3o do STJ aponta a exist\u00eancia de \u201cflagrante ilegalidade\u201d na determina\u00e7\u00e3o da Quinta Vara Federal Criminal de Santos, que havia decretado a pris\u00e3o tempor\u00e1ria do cantor e os outros envolvidos.<\/p>\n<p>Segundo o ministro Messod Azulay Neto, relator do caso no STJ, a <strong>pr\u00f3pria Pol\u00edcia Federal pediu a pris\u00e3o por apenas cinco dias<\/strong>. Por isso, ele entendeu que a medida deveria se limitar a esse prazo e concedeu o habeas corpus. Outros 33 alvos presos na opera\u00e7\u00e3o tamb\u00e9m podem ser contemplados pela decis\u00e3o.<\/p>\n<p>Segundo as investiga\u00e7\u00f5es, o grupo \u00e9 suspeito de participa\u00e7\u00e3o em <strong>um esquema de lavagem de dinheiro estimado em R$ 1,6 bilh\u00e3o. <\/strong><\/p>\n<div class=\"title\">\n<h2>Alvos da Opera\u00e7\u00e3o Narco Fluxo<\/h2>\n<p>Os investigados haviam sido presos temporariamente no \u00faltimo dia 15, durante a <strong><a href=\"https:\/\/jovempan.com.br\/seguranca\/pf-prende-mc-ryan-sp-e-poze-do-rodo-em-operacao-contra-lavagem-de-r-16-bi.html\">Opera\u00e7\u00e3o Narco Fluxo da Pol\u00edcia Federal. <\/a><\/strong>Segundo a PF, o grupo utilizava mecanismos de oculta\u00e7\u00e3o e dissimula\u00e7\u00e3o de recursos, incluindo opera\u00e7\u00f5es financeiras de alto valor, transporte de dinheiro em esp\u00e9cie e transa\u00e7\u00f5es com criptomoedas.<\/p>\n<p>Mais cedo, o escrit\u00f3rio Cassimiro &amp; Galhardo Advogados, que representa MC Ryan, confirmou em nota a determina\u00e7\u00e3o do ministro. \u201cA consequ\u00eancia natural e jur\u00eddica desta decis\u00e3o \u00e9 a revoga\u00e7\u00e3o da pris\u00e3o, medida que decorre diretamente da pr\u00f3pria decis\u00e3o ao ser reconhecido o erro no prazo fixado para a pris\u00e3o tempor\u00e1ria\u201d, diz o comunicado.<\/p>\n<p>A defesa de Raphael Sousa Oliveira, dono da p\u00e1gina Choquei, afirmou \u00e0<strong> Jovem Pan<\/strong> que a <strong>decis\u00e3o do STJ evidencia a ilegalidade da pris\u00e3o<\/strong> e refor\u00e7a que os fatos ser\u00e3o devidamente esclarecidos no curso das investiga\u00e7\u00f5es. Os advogados acrescentam que Raphael seguir\u00e1 colaborando integralmente com as autoridades competentes.<\/p>\n<p data-start=\"567\" data-end=\"762\" data-yield-master-placement-inserted=\"\">A<strong> Jovem Pan<\/strong> tenta contato com a defesa dos outros envolvidos diante do pedido do novo pedido de pris\u00e3o preventiva. O espa\u00e7o est\u00e1 aberto para manifesta\u00e7\u00e3o.<\/p>\n<\/div>\n<\/div>\n","protected":false},"excerpt":{"rendered":"<p>A Pol\u00edcia Federal (PF) solicitou nesta quinta-feira (23) a pris\u00e3o preventiva do MC Ryan SP, MC Poze do Rodo, de Raphael Sousa Oliveira, criador da p\u00e1gina Choquei, e de outros investigados por envolvimento em um esquema bilion\u00e1rio de lavagem de dinheiro. O pedido foi feito ap\u00f3s o Superior Tribunal de Justi\u00e7a (STJ) conceder habeas corpus [&hellip;]<\/p>\n","protected":false},"author":117,"featured_media":68612,"comment_status":"closed","ping_status":"closed","sticky":false,"template":"","format":"standard","meta":{"_themeisle_gutenberg_block_has_review":false,"_jetpack_memberships_contains_paid_content":false,"footnotes":""},"categories":[2],"tags":[150],"class_list":{"0":"post-68611","1":"post","2":"type-post","3":"status-publish","4":"format-standard","5":"has-post-thumbnail","7":"category-brasil","8":"tag-brasil"},"jetpack_featured_media_url":"https:\/\/crajubaremacao.com.br\/wp-content\/uploads\/2026\/04\/imagem-jvp-55-750x450-1.png","jetpack_sharing_enabled":true,"_links":{"self":[{"href":"https:\/\/crajubaremacao.com.br\/index.php?rest_route=\/wp\/v2\/posts\/68611","targetHints":{"allow":["GET"]}}],"collection":[{"href":"https:\/\/crajubaremacao.com.br\/index.php?rest_route=\/wp\/v2\/posts"}],"about":[{"href":"https:\/\/crajubaremacao.com.br\/index.php?rest_route=\/wp\/v2\/types\/post"}],"author":[{"embeddable":true,"href":"https:\/\/crajubaremacao.com.br\/index.php?rest_route=\/wp\/v2\/users\/117"}],"replies":[{"embeddable":true,"href":"https:\/\/crajubaremacao.com.br\/index.php?rest_route=%2Fwp%2Fv2%2Fcomments&post=68611"}],"version-history":[{"count":0,"href":"https:\/\/crajubaremacao.com.br\/index.php?rest_route=\/wp\/v2\/posts\/68611\/revisions"}],"wp:featuredmedia":[{"embeddable":true,"href":"https:\/\/crajubaremacao.com.br\/index.php?rest_route=\/wp\/v2\/media\/68612"}],"wp:attachment":[{"href":"https:\/\/crajubaremacao.com.br\/index.php?rest_route=%2Fwp%2Fv2%2Fmedia&parent=68611"}],"wp:term":[{"taxonomy":"category","embeddable":true,"href":"https:\/\/crajubaremacao.com.br\/index.php?rest_route=%2Fwp%2Fv2%2Fcategories&post=68611"},{"taxonomy":"post_tag","embeddable":true,"href":"https:\/\/crajubaremacao.com.br\/index.php?rest_route=%2Fwp%2Fv2%2Ftags&post=68611"}],"curies":[{"name":"wp","href":"https:\/\/api.w.org\/{rel}","templated":true}]}}